{"id":560853,"date":"2025-04-16T07:57:56","date_gmt":"2025-04-16T07:57:56","guid":{"rendered":"https:\/\/www.onetik.com\/?p=560853"},"modified":"2025-04-16T07:58:09","modified_gmt":"2025-04-16T07:58:09","slug":"retour-sur-la-foire-au-jambon-de-bayonne-2025","status":"publish","type":"post","link":"https:\/\/www.onetik.com\/fr\/retour-sur-la-foire-au-jambon-de-bayonne-2025\/","title":{"rendered":"Retour sur la Foire au Jambon de Bayonne 2025"},"content":{"rendered":"<p class=\"\" data-start=\"259\" data-end=\"413\">Cette ann\u00e9e encore, <strong data-start=\"279\" data-end=\"357\">la fromagerie ONETIK \u00e9tait au rendez-vous de la Foire au Jambon de Bayonne<\/strong>, qui s\u2019est tenue du jeudi 10 au dimanche 13 avril 2025.<\/p>\n<p class=\"\" data-start=\"415\" data-end=\"641\">Install\u00e9s au c\u0153ur de la Foire Gourmande, juste \u00e0 c\u00f4t\u00e9 du chapiteau des charcutiers, <strong data-start=\"502\" data-end=\"577\">nous avons eu le plaisir de faire d\u00e9couvrir notre savoir-faire fromager<\/strong> \u00e0 de nombreux visiteurs, gourmands et curieux de notre terroir.<\/p>\n<p class=\"\" data-start=\"643\" data-end=\"934\">Au menu : nos fromages de <strong data-start=\"672\" data-end=\"705\">brebis, de vache et de ch\u00e8vre<\/strong>, tous \u00e9labor\u00e9s avec passion \u00e0 <strong data-start=\"736\" data-end=\"770\">Macaye, au c\u0153ur du Pays Basque<\/strong>, ainsi que notre <strong data-start=\"788\" data-end=\"803\">gamme ONDUA<\/strong>, compos\u00e9e de fromages d\u2019exception, longuement affin\u00e9s, aux saveurs riches et intenses. Une v\u00e9ritable invitation \u00e0 la gourmandise !<\/p>\n<p class=\"\" data-start=\"936\" data-end=\"1177\">Un grand merci \u00e0 toutes celles et ceux qui sont venus nous rencontrer, \u00e9changer, d\u00e9guster\u2026 et parfois repartir avec un petit morceau de Pays Basque dans leur panier. Ce fut un beau moment de partage et de convivialit\u00e9, comme on les aime !<\/p>\n<p class=\"\" data-start=\"1179\" data-end=\"1240\">On vous donne d\u00e9j\u00e0 rendez-vous pour la prochaine \u00e9dition !<\/p>\n<p data-start=\"1179\" data-end=\"1240\"><a href=\"https:\/\/www.onetik.com\/wp-content\/uploads\/2025\/04\/IMG_2228-1-scaled.jpg\"><img loading=\"lazy\" decoding=\"async\" class=\"aligncenter wp-image-560867 \" src=\"https:\/\/www.onetik.com\/wp-content\/uploads\/2025\/04\/IMG_2228-1-scaled.jpg\" alt=\"\" width=\"536\" height=\"714\" srcset=\"https:\/\/www.onetik.com\/wp-content\/uploads\/2025\/04\/IMG_2228-1-scaled.jpg 1920w, https:\/\/www.onetik.com\/wp-content\/uploads\/2025\/04\/IMG_2228-1-225x300.jpg 225w, https:\/\/www.onetik.com\/wp-content\/uploads\/2025\/04\/IMG_2228-1-768x1024.jpg 768w, https:\/\/www.onetik.com\/wp-content\/uploads\/2025\/04\/IMG_2228-1-1152x1536.jpg 1152w, https:\/\/www.onetik.com\/wp-content\/uploads\/2025\/04\/IMG_2228-1-1536x2048.jpg 1536w, https:\/\/www.onetik.com\/wp-content\/uploads\/2025\/04\/IMG_2228-1-154x205.jpg 154w, https:\/\/www.onetik.com\/wp-content\/uploads\/2025\/04\/IMG_2228-1-382x509.jpg 382w\" sizes=\"auto, (max-width: 536px) 100vw, 536px\" \/><\/a><\/p>\n","protected":false},"excerpt":{"rendered":"<p>Cette ann\u00e9e encore, la fromagerie ONETIK \u00e9tait au rendez-vous de la Foire au Jambon de Bayonne, qui s\u2019est tenue du [&hellip;]<\/p>\n","protected":false},"author":2,"featured_media":560867,"comment_status":"closed","ping_status":"closed","sticky":false,"template":"","format":"standard","meta":{"_acf_changed":false,"footnotes":""},"categories":[1],"tags":[],"class_list":["post-560853","post","type-post","status-publish","format-standard","has-post-thumbnail","hentry","category-cat-actualites"],"acf":[],"yoast_head":"<!-- This site is optimized with the Yoast SEO plugin v27.2 - https:\/\/yoast.com\/product\/yoast-seo-wordpress\/ -->\n<title>Retour sur la Foire au Jambon de Bayonne 2025 - Onetik<\/title>\n<meta name=\"robots\" content=\"index, follow, max-snippet:-1, max-image-preview:large, max-video-preview:-1\" \/>\n<link rel=\"canonical\" href=\"https:\/\/www.onetik.com\/fr\/retour-sur-la-foire-au-jambon-de-bayonne-2025\/\" \/>\n<meta property=\"og:locale\" content=\"fr_FR\" \/>\n<meta property=\"og:type\" content=\"article\" \/>\n<meta property=\"og:title\" content=\"Retour sur la Foire au Jambon de Bayonne 2025 - Onetik\" \/>\n<meta property=\"og:description\" content=\"Cette ann\u00e9e encore, la fromagerie ONETIK \u00e9tait au rendez-vous de la Foire au Jambon de Bayonne, qui s\u2019est tenue du [&hellip;]\" \/>\n<meta property=\"og:url\" content=\"https:\/\/www.onetik.com\/fr\/retour-sur-la-foire-au-jambon-de-bayonne-2025\/\" \/>\n<meta property=\"og:site_name\" content=\"Onetik\" \/>\n<meta property=\"article:published_time\" content=\"2025-04-16T07:57:56+00:00\" \/>\n<meta property=\"article:modified_time\" content=\"2025-04-16T07:58:09+00:00\" \/>\n<meta property=\"og:image\" content=\"https:\/\/www.onetik.com\/wp-content\/uploads\/2025\/04\/IMG_2228-1-scaled.jpg\" \/>\n\t<meta property=\"og:image:width\" content=\"1920\" \/>\n\t<meta property=\"og:image:height\" content=\"2560\" \/>\n\t<meta property=\"og:image:type\" content=\"image\/jpeg\" \/>\n<meta name=\"author\" content=\"Onetik\" \/>\n<meta name=\"twitter:card\" content=\"summary_large_image\" \/>\n<meta name=\"twitter:label1\" content=\"\u00c9crit par\" \/>\n\t<meta name=\"twitter:data1\" content=\"Onetik\" \/>\n\t<meta name=\"twitter:label2\" content=\"Dur\u00e9e de lecture estim\u00e9e\" \/>\n\t<meta name=\"twitter:data2\" content=\"2 minutes\" \/>\n<script type=\"application\/ld+json\" class=\"yoast-schema-graph\">{\"@context\":\"https:\/\/schema.org\",\"@graph\":[{\"@type\":\"Article\",\"@id\":\"https:\/\/www.onetik.com\/fr\/retour-sur-la-foire-au-jambon-de-bayonne-2025\/#article\",\"isPartOf\":{\"@id\":\"https:\/\/www.onetik.com\/fr\/retour-sur-la-foire-au-jambon-de-bayonne-2025\/\"},\"author\":{\"name\":\"Onetik\",\"@id\":\"https:\/\/www.onetik.com\/fr\/#\/schema\/person\/fa74a4d6d1e1db6db1a150630fb8a05f\"},\"headline\":\"Retour sur la Foire au Jambon de Bayonne 2025\",\"datePublished\":\"2025-04-16T07:57:56+00:00\",\"dateModified\":\"2025-04-16T07:58:09+00:00\",\"mainEntityOfPage\":{\"@id\":\"https:\/\/www.onetik.com\/fr\/retour-sur-la-foire-au-jambon-de-bayonne-2025\/\"},\"wordCount\":172,\"image\":{\"@id\":\"https:\/\/www.onetik.com\/fr\/retour-sur-la-foire-au-jambon-de-bayonne-2025\/#primaryimage\"},\"thumbnailUrl\":\"https:\/\/www.onetik.com\/wp-content\/uploads\/2025\/04\/IMG_2228-1-scaled.jpg\",\"articleSection\":[\"Actualit\u00e9s\"],\"inLanguage\":\"fr-FR\"},{\"@type\":\"WebPage\",\"@id\":\"https:\/\/www.onetik.com\/fr\/retour-sur-la-foire-au-jambon-de-bayonne-2025\/\",\"url\":\"https:\/\/www.onetik.com\/fr\/retour-sur-la-foire-au-jambon-de-bayonne-2025\/\",\"name\":\"Retour sur la Foire au Jambon de Bayonne 2025 - Onetik\",\"isPartOf\":{\"@id\":\"https:\/\/www.onetik.com\/fr\/#website\"},\"primaryImageOfPage\":{\"@id\":\"https:\/\/www.onetik.com\/fr\/retour-sur-la-foire-au-jambon-de-bayonne-2025\/#primaryimage\"},\"image\":{\"@id\":\"https:\/\/www.onetik.com\/fr\/retour-sur-la-foire-au-jambon-de-bayonne-2025\/#primaryimage\"},\"thumbnailUrl\":\"https:\/\/www.onetik.com\/wp-content\/uploads\/2025\/04\/IMG_2228-1-scaled.jpg\",\"datePublished\":\"2025-04-16T07:57:56+00:00\",\"dateModified\":\"2025-04-16T07:58:09+00:00\",\"author\":{\"@id\":\"https:\/\/www.onetik.com\/fr\/#\/schema\/person\/fa74a4d6d1e1db6db1a150630fb8a05f\"},\"breadcrumb\":{\"@id\":\"https:\/\/www.onetik.com\/fr\/retour-sur-la-foire-au-jambon-de-bayonne-2025\/#breadcrumb\"},\"inLanguage\":\"fr-FR\",\"potentialAction\":[{\"@type\":\"ReadAction\",\"target\":[\"https:\/\/www.onetik.com\/fr\/retour-sur-la-foire-au-jambon-de-bayonne-2025\/\"]}]},{\"@type\":\"ImageObject\",\"inLanguage\":\"fr-FR\",\"@id\":\"https:\/\/www.onetik.com\/fr\/retour-sur-la-foire-au-jambon-de-bayonne-2025\/#primaryimage\",\"url\":\"https:\/\/www.onetik.com\/wp-content\/uploads\/2025\/04\/IMG_2228-1-scaled.jpg\",\"contentUrl\":\"https:\/\/www.onetik.com\/wp-content\/uploads\/2025\/04\/IMG_2228-1-scaled.jpg\",\"width\":1920,\"height\":2560},{\"@type\":\"BreadcrumbList\",\"@id\":\"https:\/\/www.onetik.com\/fr\/retour-sur-la-foire-au-jambon-de-bayonne-2025\/#breadcrumb\",\"itemListElement\":[{\"@type\":\"ListItem\",\"position\":1,\"name\":\"Accueil\",\"item\":\"https:\/\/www.onetik.com\/fr\/\"},{\"@type\":\"ListItem\",\"position\":2,\"name\":\"Retour sur la Foire au Jambon de Bayonne 2025\"}]},{\"@type\":\"WebSite\",\"@id\":\"https:\/\/www.onetik.com\/fr\/#website\",\"url\":\"https:\/\/www.onetik.com\/fr\/\",\"name\":\"Onetik\",\"description\":\"La Fromagerie du Pays Basque\",\"potentialAction\":[{\"@type\":\"SearchAction\",\"target\":{\"@type\":\"EntryPoint\",\"urlTemplate\":\"https:\/\/www.onetik.com\/fr\/?s={search_term_string}\"},\"query-input\":{\"@type\":\"PropertyValueSpecification\",\"valueRequired\":true,\"valueName\":\"search_term_string\"}}],\"inLanguage\":\"fr-FR\"},{\"@type\":\"Person\",\"@id\":\"https:\/\/www.onetik.com\/fr\/#\/schema\/person\/fa74a4d6d1e1db6db1a150630fb8a05f\",\"name\":\"Onetik\",\"image\":{\"@type\":\"ImageObject\",\"inLanguage\":\"fr-FR\",\"@id\":\"https:\/\/secure.gravatar.com\/avatar\/3bf095b73e269b37ae5d6b4326a54365bc0ffe5c73fca7e09ec3773196a6ab67?s=96&d=mm&r=g\",\"url\":\"https:\/\/secure.gravatar.com\/avatar\/3bf095b73e269b37ae5d6b4326a54365bc0ffe5c73fca7e09ec3773196a6ab67?s=96&d=mm&r=g\",\"contentUrl\":\"https:\/\/secure.gravatar.com\/avatar\/3bf095b73e269b37ae5d6b4326a54365bc0ffe5c73fca7e09ec3773196a6ab67?s=96&d=mm&r=g\",\"caption\":\"Onetik\"}}]}<\/script>\n<!-- \/ Yoast SEO plugin. -->","yoast_head_json":{"title":"Retour sur la Foire au Jambon de Bayonne 2025 - Onetik","robots":{"index":"index","follow":"follow","max-snippet":"max-snippet:-1","max-image-preview":"max-image-preview:large","max-video-preview":"max-video-preview:-1"},"canonical":"https:\/\/www.onetik.com\/fr\/retour-sur-la-foire-au-jambon-de-bayonne-2025\/","og_locale":"fr_FR","og_type":"article","og_title":"Retour sur la Foire au Jambon de Bayonne 2025 - Onetik","og_description":"Cette ann\u00e9e encore, la fromagerie ONETIK \u00e9tait au rendez-vous de la Foire au Jambon de Bayonne, qui s\u2019est tenue du [&hellip;]","og_url":"https:\/\/www.onetik.com\/fr\/retour-sur-la-foire-au-jambon-de-bayonne-2025\/","og_site_name":"Onetik","article_published_time":"2025-04-16T07:57:56+00:00","article_modified_time":"2025-04-16T07:58:09+00:00","og_image":[{"width":1920,"height":2560,"url":"https:\/\/www.onetik.com\/wp-content\/uploads\/2025\/04\/IMG_2228-1-scaled.jpg","type":"image\/jpeg"}],"author":"Onetik","twitter_card":"summary_large_image","twitter_misc":{"\u00c9crit par":"Onetik","Dur\u00e9e de lecture estim\u00e9e":"2 minutes"},"schema":{"@context":"https:\/\/schema.org","@graph":[{"@type":"Article","@id":"https:\/\/www.onetik.com\/fr\/retour-sur-la-foire-au-jambon-de-bayonne-2025\/#article","isPartOf":{"@id":"https:\/\/www.onetik.com\/fr\/retour-sur-la-foire-au-jambon-de-bayonne-2025\/"},"author":{"name":"Onetik","@id":"https:\/\/www.onetik.com\/fr\/#\/schema\/person\/fa74a4d6d1e1db6db1a150630fb8a05f"},"headline":"Retour sur la Foire au Jambon de Bayonne 2025","datePublished":"2025-04-16T07:57:56+00:00","dateModified":"2025-04-16T07:58:09+00:00","mainEntityOfPage":{"@id":"https:\/\/www.onetik.com\/fr\/retour-sur-la-foire-au-jambon-de-bayonne-2025\/"},"wordCount":172,"image":{"@id":"https:\/\/www.onetik.com\/fr\/retour-sur-la-foire-au-jambon-de-bayonne-2025\/#primaryimage"},"thumbnailUrl":"https:\/\/www.onetik.com\/wp-content\/uploads\/2025\/04\/IMG_2228-1-scaled.jpg","articleSection":["Actualit\u00e9s"],"inLanguage":"fr-FR"},{"@type":"WebPage","@id":"https:\/\/www.onetik.com\/fr\/retour-sur-la-foire-au-jambon-de-bayonne-2025\/","url":"https:\/\/www.onetik.com\/fr\/retour-sur-la-foire-au-jambon-de-bayonne-2025\/","name":"Retour sur la Foire au Jambon de Bayonne 2025 - Onetik","isPartOf":{"@id":"https:\/\/www.onetik.com\/fr\/#website"},"primaryImageOfPage":{"@id":"https:\/\/www.onetik.com\/fr\/retour-sur-la-foire-au-jambon-de-bayonne-2025\/#primaryimage"},"image":{"@id":"https:\/\/www.onetik.com\/fr\/retour-sur-la-foire-au-jambon-de-bayonne-2025\/#primaryimage"},"thumbnailUrl":"https:\/\/www.onetik.com\/wp-content\/uploads\/2025\/04\/IMG_2228-1-scaled.jpg","datePublished":"2025-04-16T07:57:56+00:00","dateModified":"2025-04-16T07:58:09+00:00","author":{"@id":"https:\/\/www.onetik.com\/fr\/#\/schema\/person\/fa74a4d6d1e1db6db1a150630fb8a05f"},"breadcrumb":{"@id":"https:\/\/www.onetik.com\/fr\/retour-sur-la-foire-au-jambon-de-bayonne-2025\/#breadcrumb"},"inLanguage":"fr-FR","potentialAction":[{"@type":"ReadAction","target":["https:\/\/www.onetik.com\/fr\/retour-sur-la-foire-au-jambon-de-bayonne-2025\/"]}]},{"@type":"ImageObject","inLanguage":"fr-FR","@id":"https:\/\/www.onetik.com\/fr\/retour-sur-la-foire-au-jambon-de-bayonne-2025\/#primaryimage","url":"https:\/\/www.onetik.com\/wp-content\/uploads\/2025\/04\/IMG_2228-1-scaled.jpg","contentUrl":"https:\/\/www.onetik.com\/wp-content\/uploads\/2025\/04\/IMG_2228-1-scaled.jpg","width":1920,"height":2560},{"@type":"BreadcrumbList","@id":"https:\/\/www.onetik.com\/fr\/retour-sur-la-foire-au-jambon-de-bayonne-2025\/#breadcrumb","itemListElement":[{"@type":"ListItem","position":1,"name":"Accueil","item":"https:\/\/www.onetik.com\/fr\/"},{"@type":"ListItem","position":2,"name":"Retour sur la Foire au Jambon de Bayonne 2025"}]},{"@type":"WebSite","@id":"https:\/\/www.onetik.com\/fr\/#website","url":"https:\/\/www.onetik.com\/fr\/","name":"Onetik","description":"La Fromagerie du Pays Basque","potentialAction":[{"@type":"SearchAction","target":{"@type":"EntryPoint","urlTemplate":"https:\/\/www.onetik.com\/fr\/?s={search_term_string}"},"query-input":{"@type":"PropertyValueSpecification","valueRequired":true,"valueName":"search_term_string"}}],"inLanguage":"fr-FR"},{"@type":"Person","@id":"https:\/\/www.onetik.com\/fr\/#\/schema\/person\/fa74a4d6d1e1db6db1a150630fb8a05f","name":"Onetik","image":{"@type":"ImageObject","inLanguage":"fr-FR","@id":"https:\/\/secure.gravatar.com\/avatar\/3bf095b73e269b37ae5d6b4326a54365bc0ffe5c73fca7e09ec3773196a6ab67?s=96&d=mm&r=g","url":"https:\/\/secure.gravatar.com\/avatar\/3bf095b73e269b37ae5d6b4326a54365bc0ffe5c73fca7e09ec3773196a6ab67?s=96&d=mm&r=g","contentUrl":"https:\/\/secure.gravatar.com\/avatar\/3bf095b73e269b37ae5d6b4326a54365bc0ffe5c73fca7e09ec3773196a6ab67?s=96&d=mm&r=g","caption":"Onetik"}}]}},"_links":{"self":[{"href":"https:\/\/www.onetik.com\/fr\/wp-json\/wp\/v2\/posts\/560853","targetHints":{"allow":["GET"]}}],"collection":[{"href":"https:\/\/www.onetik.com\/fr\/wp-json\/wp\/v2\/posts"}],"about":[{"href":"https:\/\/www.onetik.com\/fr\/wp-json\/wp\/v2\/types\/post"}],"author":[{"embeddable":true,"href":"https:\/\/www.onetik.com\/fr\/wp-json\/wp\/v2\/users\/2"}],"replies":[{"embeddable":true,"href":"https:\/\/www.onetik.com\/fr\/wp-json\/wp\/v2\/comments?post=560853"}],"version-history":[{"count":2,"href":"https:\/\/www.onetik.com\/fr\/wp-json\/wp\/v2\/posts\/560853\/revisions"}],"predecessor-version":[{"id":560878,"href":"https:\/\/www.onetik.com\/fr\/wp-json\/wp\/v2\/posts\/560853\/revisions\/560878"}],"wp:featuredmedia":[{"embeddable":true,"href":"https:\/\/www.onetik.com\/fr\/wp-json\/wp\/v2\/media\/560867"}],"wp:attachment":[{"href":"https:\/\/www.onetik.com\/fr\/wp-json\/wp\/v2\/media?parent=560853"}],"wp:term":[{"taxonomy":"category","embeddable":true,"href":"https:\/\/www.onetik.com\/fr\/wp-json\/wp\/v2\/categories?post=560853"},{"taxonomy":"post_tag","embeddable":true,"href":"https:\/\/www.onetik.com\/fr\/wp-json\/wp\/v2\/tags?post=560853"}],"curies":[{"name":"wp","href":"https:\/\/api.w.org\/{rel}","templated":true}]}}