{"id":560826,"date":"2025-04-16T07:51:58","date_gmt":"2025-04-16T07:51:58","guid":{"rendered":"https:\/\/www.onetik.com\/?p=560826"},"modified":"2025-04-16T07:51:58","modified_gmt":"2025-04-16T07:51:58","slug":"%f0%9f%8f%85-trois-medailles-dor-au-concours-general-agricole-2025-une-fierte-partagee","status":"publish","type":"post","link":"https:\/\/www.onetik.com\/fr\/%f0%9f%8f%85-trois-medailles-dor-au-concours-general-agricole-2025-une-fierte-partagee\/","title":{"rendered":"Trois M\u00e9dailles d&rsquo;Or au Concours G\u00e9n\u00e9ral Agricole 2025 : une fiert\u00e9 partag\u00e9e !"},"content":{"rendered":"<p>Nous sommes heureux et fiers d\u2019annoncer que <strong>nos trois laits ont \u00e9t\u00e9 r\u00e9compens\u00e9s<\/strong> lors du <strong>Concours G\u00e9n\u00e9ral Agricole 2025<\/strong> !<br \/>\n\u2728 <strong>M\u00e9daille d\u2019OR<\/strong> pour notre <strong>AOP Ossau Iraty<\/strong>,<br \/>\n\u2728 <strong>M\u00e9daille d\u2019OR<\/strong> pour notre <strong>tomme de ch\u00e8vre<\/strong>,<br \/>\n\u2728 <strong>M\u00e9daille d\u2019OR<\/strong> pour notre <strong>IGP tomme des Pyr\u00e9n\u00e9es<\/strong>.<\/p>\n<p>Ces distinctions prestigieuses viennent saluer <strong>la grande qualit\u00e9<\/strong><strong>\u00a0de nos produits<\/strong>, mais aussi et surtout <strong>l\u2019engagement de toute une fili\u00e8re<\/strong>.<\/p>\n<p>C\u2019est une belle r\u00e9compense pour tout le travail de nos <strong data-start=\"530\" data-end=\"553\">fermiers, fromagers<\/strong>, mais aussi de nos <strong data-start=\"573\" data-end=\"602\">brebis, vaches et ch\u00e8vres<\/strong>, qui nous offrent chaque jour un <strong data-start=\"636\" data-end=\"662\">lait de grande qualit\u00e9<\/strong>.<\/p>\n<p> Une belle reconnaissance qui nous pousse \u00e0 continuer sur cette voie : produire avec passion, exigence, et respect des traditions.<\/p>\n<p>Merci \u00e0 tous ceux qui rendent cela possible !<\/p>\n<p><a href=\"https:\/\/www.onetik.com\/wp-content\/uploads\/2025\/04\/ONETIK-CGA-2025.png\"><img loading=\"lazy\" decoding=\"async\" class=\"aligncenter size-full wp-image-560835\" src=\"https:\/\/www.onetik.com\/wp-content\/uploads\/2025\/04\/ONETIK-CGA-2025.png\" alt=\"\" width=\"1012\" height=\"612\" srcset=\"https:\/\/www.onetik.com\/wp-content\/uploads\/2025\/04\/ONETIK-CGA-2025.png 1012w, https:\/\/www.onetik.com\/wp-content\/uploads\/2025\/04\/ONETIK-CGA-2025-300x181.png 300w, https:\/\/www.onetik.com\/wp-content\/uploads\/2025\/04\/ONETIK-CGA-2025-768x464.png 768w, https:\/\/www.onetik.com\/wp-content\/uploads\/2025\/04\/ONETIK-CGA-2025-382x231.png 382w\" sizes=\"auto, (max-width: 1012px) 100vw, 1012px\" \/><\/a><\/p>\n","protected":false},"excerpt":{"rendered":"<p>Nous sommes heureux et fiers d\u2019annoncer que nos trois laits ont \u00e9t\u00e9 r\u00e9compens\u00e9s lors du Concours G\u00e9n\u00e9ral Agricole 2025 ! [&hellip;]<\/p>\n","protected":false},"author":2,"featured_media":560835,"comment_status":"closed","ping_status":"closed","sticky":false,"template":"","format":"standard","meta":{"_acf_changed":false,"footnotes":""},"categories":[1],"tags":[],"class_list":["post-560826","post","type-post","status-publish","format-standard","has-post-thumbnail","hentry","category-cat-actualites"],"acf":[],"yoast_head":"<!-- This site is optimized with the Yoast SEO plugin v27.2 - https:\/\/yoast.com\/product\/yoast-seo-wordpress\/ -->\n<title>Trois M\u00e9dailles d&#039;Or au Concours G\u00e9n\u00e9ral Agricole 2025 : une fiert\u00e9 partag\u00e9e ! - Onetik<\/title>\n<meta name=\"robots\" content=\"index, follow, max-snippet:-1, max-image-preview:large, max-video-preview:-1\" \/>\n<link rel=\"canonical\" href=\"https:\/\/www.onetik.com\/fr\/\ud83c\udfc5-trois-medailles-dor-au-concours-general-agricole-2025-une-fierte-partagee\/\" \/>\n<meta property=\"og:locale\" content=\"fr_FR\" \/>\n<meta property=\"og:type\" content=\"article\" \/>\n<meta property=\"og:title\" content=\"Trois M\u00e9dailles d&#039;Or au Concours G\u00e9n\u00e9ral Agricole 2025 : une fiert\u00e9 partag\u00e9e ! - Onetik\" \/>\n<meta property=\"og:description\" content=\"Nous sommes heureux et fiers d\u2019annoncer que nos trois laits ont \u00e9t\u00e9 r\u00e9compens\u00e9s lors du Concours G\u00e9n\u00e9ral Agricole 2025 ! [&hellip;]\" \/>\n<meta property=\"og:url\" content=\"https:\/\/www.onetik.com\/fr\/\ud83c\udfc5-trois-medailles-dor-au-concours-general-agricole-2025-une-fierte-partagee\/\" \/>\n<meta property=\"og:site_name\" content=\"Onetik\" \/>\n<meta property=\"article:published_time\" content=\"2025-04-16T07:51:58+00:00\" \/>\n<meta property=\"og:image\" content=\"https:\/\/www.onetik.com\/wp-content\/uploads\/2025\/04\/ONETIK-CGA-2025.png\" \/>\n\t<meta property=\"og:image:width\" content=\"1012\" \/>\n\t<meta property=\"og:image:height\" content=\"612\" \/>\n\t<meta property=\"og:image:type\" content=\"image\/png\" \/>\n<meta name=\"author\" content=\"Onetik\" \/>\n<meta name=\"twitter:card\" content=\"summary_large_image\" \/>\n<meta name=\"twitter:label1\" content=\"\u00c9crit par\" \/>\n\t<meta name=\"twitter:data1\" content=\"Onetik\" \/>\n\t<meta name=\"twitter:label2\" content=\"Dur\u00e9e de lecture estim\u00e9e\" \/>\n\t<meta name=\"twitter:data2\" content=\"2 minutes\" \/>\n<script type=\"application\/ld+json\" class=\"yoast-schema-graph\">{\"@context\":\"https:\/\/schema.org\",\"@graph\":[{\"@type\":\"Article\",\"@id\":\"https:\/\/www.onetik.com\/fr\/%f0%9f%8f%85-trois-medailles-dor-au-concours-general-agricole-2025-une-fierte-partagee\/#article\",\"isPartOf\":{\"@id\":\"https:\/\/www.onetik.com\/fr\/%f0%9f%8f%85-trois-medailles-dor-au-concours-general-agricole-2025-une-fierte-partagee\/\"},\"author\":{\"name\":\"Onetik\",\"@id\":\"https:\/\/www.onetik.com\/fr\/#\/schema\/person\/fa74a4d6d1e1db6db1a150630fb8a05f\"},\"headline\":\"Trois M\u00e9dailles d&rsquo;Or au Concours G\u00e9n\u00e9ral Agricole 2025 : une fiert\u00e9 partag\u00e9e !\",\"datePublished\":\"2025-04-16T07:51:58+00:00\",\"mainEntityOfPage\":{\"@id\":\"https:\/\/www.onetik.com\/fr\/%f0%9f%8f%85-trois-medailles-dor-au-concours-general-agricole-2025-une-fierte-partagee\/\"},\"wordCount\":148,\"image\":{\"@id\":\"https:\/\/www.onetik.com\/fr\/%f0%9f%8f%85-trois-medailles-dor-au-concours-general-agricole-2025-une-fierte-partagee\/#primaryimage\"},\"thumbnailUrl\":\"https:\/\/www.onetik.com\/wp-content\/uploads\/2025\/04\/ONETIK-CGA-2025.png\",\"articleSection\":[\"Actualit\u00e9s\"],\"inLanguage\":\"fr-FR\"},{\"@type\":\"WebPage\",\"@id\":\"https:\/\/www.onetik.com\/fr\/%f0%9f%8f%85-trois-medailles-dor-au-concours-general-agricole-2025-une-fierte-partagee\/\",\"url\":\"https:\/\/www.onetik.com\/fr\/%f0%9f%8f%85-trois-medailles-dor-au-concours-general-agricole-2025-une-fierte-partagee\/\",\"name\":\"Trois M\u00e9dailles d'Or au Concours G\u00e9n\u00e9ral Agricole 2025 : une fiert\u00e9 partag\u00e9e ! - Onetik\",\"isPartOf\":{\"@id\":\"https:\/\/www.onetik.com\/fr\/#website\"},\"primaryImageOfPage\":{\"@id\":\"https:\/\/www.onetik.com\/fr\/%f0%9f%8f%85-trois-medailles-dor-au-concours-general-agricole-2025-une-fierte-partagee\/#primaryimage\"},\"image\":{\"@id\":\"https:\/\/www.onetik.com\/fr\/%f0%9f%8f%85-trois-medailles-dor-au-concours-general-agricole-2025-une-fierte-partagee\/#primaryimage\"},\"thumbnailUrl\":\"https:\/\/www.onetik.com\/wp-content\/uploads\/2025\/04\/ONETIK-CGA-2025.png\",\"datePublished\":\"2025-04-16T07:51:58+00:00\",\"author\":{\"@id\":\"https:\/\/www.onetik.com\/fr\/#\/schema\/person\/fa74a4d6d1e1db6db1a150630fb8a05f\"},\"breadcrumb\":{\"@id\":\"https:\/\/www.onetik.com\/fr\/%f0%9f%8f%85-trois-medailles-dor-au-concours-general-agricole-2025-une-fierte-partagee\/#breadcrumb\"},\"inLanguage\":\"fr-FR\",\"potentialAction\":[{\"@type\":\"ReadAction\",\"target\":[\"https:\/\/www.onetik.com\/fr\/%f0%9f%8f%85-trois-medailles-dor-au-concours-general-agricole-2025-une-fierte-partagee\/\"]}]},{\"@type\":\"ImageObject\",\"inLanguage\":\"fr-FR\",\"@id\":\"https:\/\/www.onetik.com\/fr\/%f0%9f%8f%85-trois-medailles-dor-au-concours-general-agricole-2025-une-fierte-partagee\/#primaryimage\",\"url\":\"https:\/\/www.onetik.com\/wp-content\/uploads\/2025\/04\/ONETIK-CGA-2025.png\",\"contentUrl\":\"https:\/\/www.onetik.com\/wp-content\/uploads\/2025\/04\/ONETIK-CGA-2025.png\",\"width\":1012,\"height\":612},{\"@type\":\"BreadcrumbList\",\"@id\":\"https:\/\/www.onetik.com\/fr\/%f0%9f%8f%85-trois-medailles-dor-au-concours-general-agricole-2025-une-fierte-partagee\/#breadcrumb\",\"itemListElement\":[{\"@type\":\"ListItem\",\"position\":1,\"name\":\"Accueil\",\"item\":\"https:\/\/www.onetik.com\/fr\/\"},{\"@type\":\"ListItem\",\"position\":2,\"name\":\"Trois M\u00e9dailles d&rsquo;Or au Concours G\u00e9n\u00e9ral Agricole 2025 : une fiert\u00e9 partag\u00e9e !\"}]},{\"@type\":\"WebSite\",\"@id\":\"https:\/\/www.onetik.com\/fr\/#website\",\"url\":\"https:\/\/www.onetik.com\/fr\/\",\"name\":\"Onetik\",\"description\":\"La Fromagerie du Pays Basque\",\"potentialAction\":[{\"@type\":\"SearchAction\",\"target\":{\"@type\":\"EntryPoint\",\"urlTemplate\":\"https:\/\/www.onetik.com\/fr\/?s={search_term_string}\"},\"query-input\":{\"@type\":\"PropertyValueSpecification\",\"valueRequired\":true,\"valueName\":\"search_term_string\"}}],\"inLanguage\":\"fr-FR\"},{\"@type\":\"Person\",\"@id\":\"https:\/\/www.onetik.com\/fr\/#\/schema\/person\/fa74a4d6d1e1db6db1a150630fb8a05f\",\"name\":\"Onetik\",\"image\":{\"@type\":\"ImageObject\",\"inLanguage\":\"fr-FR\",\"@id\":\"https:\/\/secure.gravatar.com\/avatar\/3bf095b73e269b37ae5d6b4326a54365bc0ffe5c73fca7e09ec3773196a6ab67?s=96&d=mm&r=g\",\"url\":\"https:\/\/secure.gravatar.com\/avatar\/3bf095b73e269b37ae5d6b4326a54365bc0ffe5c73fca7e09ec3773196a6ab67?s=96&d=mm&r=g\",\"contentUrl\":\"https:\/\/secure.gravatar.com\/avatar\/3bf095b73e269b37ae5d6b4326a54365bc0ffe5c73fca7e09ec3773196a6ab67?s=96&d=mm&r=g\",\"caption\":\"Onetik\"}}]}<\/script>\n<!-- \/ Yoast SEO plugin. -->","yoast_head_json":{"title":"Trois M\u00e9dailles d'Or au Concours G\u00e9n\u00e9ral Agricole 2025 : une fiert\u00e9 partag\u00e9e ! - Onetik","robots":{"index":"index","follow":"follow","max-snippet":"max-snippet:-1","max-image-preview":"max-image-preview:large","max-video-preview":"max-video-preview:-1"},"canonical":"https:\/\/www.onetik.com\/fr\/\ud83c\udfc5-trois-medailles-dor-au-concours-general-agricole-2025-une-fierte-partagee\/","og_locale":"fr_FR","og_type":"article","og_title":"Trois M\u00e9dailles d'Or au Concours G\u00e9n\u00e9ral Agricole 2025 : une fiert\u00e9 partag\u00e9e ! - Onetik","og_description":"Nous sommes heureux et fiers d\u2019annoncer que nos trois laits ont \u00e9t\u00e9 r\u00e9compens\u00e9s lors du Concours G\u00e9n\u00e9ral Agricole 2025 ! [&hellip;]","og_url":"https:\/\/www.onetik.com\/fr\/\ud83c\udfc5-trois-medailles-dor-au-concours-general-agricole-2025-une-fierte-partagee\/","og_site_name":"Onetik","article_published_time":"2025-04-16T07:51:58+00:00","og_image":[{"width":1012,"height":612,"url":"https:\/\/www.onetik.com\/wp-content\/uploads\/2025\/04\/ONETIK-CGA-2025.png","type":"image\/png"}],"author":"Onetik","twitter_card":"summary_large_image","twitter_misc":{"\u00c9crit par":"Onetik","Dur\u00e9e de lecture estim\u00e9e":"2 minutes"},"schema":{"@context":"https:\/\/schema.org","@graph":[{"@type":"Article","@id":"https:\/\/www.onetik.com\/fr\/%f0%9f%8f%85-trois-medailles-dor-au-concours-general-agricole-2025-une-fierte-partagee\/#article","isPartOf":{"@id":"https:\/\/www.onetik.com\/fr\/%f0%9f%8f%85-trois-medailles-dor-au-concours-general-agricole-2025-une-fierte-partagee\/"},"author":{"name":"Onetik","@id":"https:\/\/www.onetik.com\/fr\/#\/schema\/person\/fa74a4d6d1e1db6db1a150630fb8a05f"},"headline":"Trois M\u00e9dailles d&rsquo;Or au Concours G\u00e9n\u00e9ral Agricole 2025 : une fiert\u00e9 partag\u00e9e !","datePublished":"2025-04-16T07:51:58+00:00","mainEntityOfPage":{"@id":"https:\/\/www.onetik.com\/fr\/%f0%9f%8f%85-trois-medailles-dor-au-concours-general-agricole-2025-une-fierte-partagee\/"},"wordCount":148,"image":{"@id":"https:\/\/www.onetik.com\/fr\/%f0%9f%8f%85-trois-medailles-dor-au-concours-general-agricole-2025-une-fierte-partagee\/#primaryimage"},"thumbnailUrl":"https:\/\/www.onetik.com\/wp-content\/uploads\/2025\/04\/ONETIK-CGA-2025.png","articleSection":["Actualit\u00e9s"],"inLanguage":"fr-FR"},{"@type":"WebPage","@id":"https:\/\/www.onetik.com\/fr\/%f0%9f%8f%85-trois-medailles-dor-au-concours-general-agricole-2025-une-fierte-partagee\/","url":"https:\/\/www.onetik.com\/fr\/%f0%9f%8f%85-trois-medailles-dor-au-concours-general-agricole-2025-une-fierte-partagee\/","name":"Trois M\u00e9dailles d'Or au Concours G\u00e9n\u00e9ral Agricole 2025 : une fiert\u00e9 partag\u00e9e ! - Onetik","isPartOf":{"@id":"https:\/\/www.onetik.com\/fr\/#website"},"primaryImageOfPage":{"@id":"https:\/\/www.onetik.com\/fr\/%f0%9f%8f%85-trois-medailles-dor-au-concours-general-agricole-2025-une-fierte-partagee\/#primaryimage"},"image":{"@id":"https:\/\/www.onetik.com\/fr\/%f0%9f%8f%85-trois-medailles-dor-au-concours-general-agricole-2025-une-fierte-partagee\/#primaryimage"},"thumbnailUrl":"https:\/\/www.onetik.com\/wp-content\/uploads\/2025\/04\/ONETIK-CGA-2025.png","datePublished":"2025-04-16T07:51:58+00:00","author":{"@id":"https:\/\/www.onetik.com\/fr\/#\/schema\/person\/fa74a4d6d1e1db6db1a150630fb8a05f"},"breadcrumb":{"@id":"https:\/\/www.onetik.com\/fr\/%f0%9f%8f%85-trois-medailles-dor-au-concours-general-agricole-2025-une-fierte-partagee\/#breadcrumb"},"inLanguage":"fr-FR","potentialAction":[{"@type":"ReadAction","target":["https:\/\/www.onetik.com\/fr\/%f0%9f%8f%85-trois-medailles-dor-au-concours-general-agricole-2025-une-fierte-partagee\/"]}]},{"@type":"ImageObject","inLanguage":"fr-FR","@id":"https:\/\/www.onetik.com\/fr\/%f0%9f%8f%85-trois-medailles-dor-au-concours-general-agricole-2025-une-fierte-partagee\/#primaryimage","url":"https:\/\/www.onetik.com\/wp-content\/uploads\/2025\/04\/ONETIK-CGA-2025.png","contentUrl":"https:\/\/www.onetik.com\/wp-content\/uploads\/2025\/04\/ONETIK-CGA-2025.png","width":1012,"height":612},{"@type":"BreadcrumbList","@id":"https:\/\/www.onetik.com\/fr\/%f0%9f%8f%85-trois-medailles-dor-au-concours-general-agricole-2025-une-fierte-partagee\/#breadcrumb","itemListElement":[{"@type":"ListItem","position":1,"name":"Accueil","item":"https:\/\/www.onetik.com\/fr\/"},{"@type":"ListItem","position":2,"name":"Trois M\u00e9dailles d&rsquo;Or au Concours G\u00e9n\u00e9ral Agricole 2025 : une fiert\u00e9 partag\u00e9e !"}]},{"@type":"WebSite","@id":"https:\/\/www.onetik.com\/fr\/#website","url":"https:\/\/www.onetik.com\/fr\/","name":"Onetik","description":"La Fromagerie du Pays Basque","potentialAction":[{"@type":"SearchAction","target":{"@type":"EntryPoint","urlTemplate":"https:\/\/www.onetik.com\/fr\/?s={search_term_string}"},"query-input":{"@type":"PropertyValueSpecification","valueRequired":true,"valueName":"search_term_string"}}],"inLanguage":"fr-FR"},{"@type":"Person","@id":"https:\/\/www.onetik.com\/fr\/#\/schema\/person\/fa74a4d6d1e1db6db1a150630fb8a05f","name":"Onetik","image":{"@type":"ImageObject","inLanguage":"fr-FR","@id":"https:\/\/secure.gravatar.com\/avatar\/3bf095b73e269b37ae5d6b4326a54365bc0ffe5c73fca7e09ec3773196a6ab67?s=96&d=mm&r=g","url":"https:\/\/secure.gravatar.com\/avatar\/3bf095b73e269b37ae5d6b4326a54365bc0ffe5c73fca7e09ec3773196a6ab67?s=96&d=mm&r=g","contentUrl":"https:\/\/secure.gravatar.com\/avatar\/3bf095b73e269b37ae5d6b4326a54365bc0ffe5c73fca7e09ec3773196a6ab67?s=96&d=mm&r=g","caption":"Onetik"}}]}},"_links":{"self":[{"href":"https:\/\/www.onetik.com\/fr\/wp-json\/wp\/v2\/posts\/560826","targetHints":{"allow":["GET"]}}],"collection":[{"href":"https:\/\/www.onetik.com\/fr\/wp-json\/wp\/v2\/posts"}],"about":[{"href":"https:\/\/www.onetik.com\/fr\/wp-json\/wp\/v2\/types\/post"}],"author":[{"embeddable":true,"href":"https:\/\/www.onetik.com\/fr\/wp-json\/wp\/v2\/users\/2"}],"replies":[{"embeddable":true,"href":"https:\/\/www.onetik.com\/fr\/wp-json\/wp\/v2\/comments?post=560826"}],"version-history":[{"count":1,"href":"https:\/\/www.onetik.com\/fr\/wp-json\/wp\/v2\/posts\/560826\/revisions"}],"predecessor-version":[{"id":560847,"href":"https:\/\/www.onetik.com\/fr\/wp-json\/wp\/v2\/posts\/560826\/revisions\/560847"}],"wp:featuredmedia":[{"embeddable":true,"href":"https:\/\/www.onetik.com\/fr\/wp-json\/wp\/v2\/media\/560835"}],"wp:attachment":[{"href":"https:\/\/www.onetik.com\/fr\/wp-json\/wp\/v2\/media?parent=560826"}],"wp:term":[{"taxonomy":"category","embeddable":true,"href":"https:\/\/www.onetik.com\/fr\/wp-json\/wp\/v2\/categories?post=560826"},{"taxonomy":"post_tag","embeddable":true,"href":"https:\/\/www.onetik.com\/fr\/wp-json\/wp\/v2\/tags?post=560826"}],"curies":[{"name":"wp","href":"https:\/\/api.w.org\/{rel}","templated":true}]}}