{"id":14748,"date":"2022-08-03T07:18:35","date_gmt":"2022-08-03T07:18:35","guid":{"rendered":"https:\/\/www.onetik.com\/?p=14748"},"modified":"2022-08-03T07:19:36","modified_gmt":"2022-08-03T07:19:36","slug":"retrouvez-onetik-a-la-fete-du-fromage-a-macaye-le-26-aout","status":"publish","type":"post","link":"https:\/\/www.onetik.com\/fr\/retrouvez-onetik-a-la-fete-du-fromage-a-macaye-le-26-aout\/","title":{"rendered":"Retrouvez Onetik \u00e0 la f\u00eate du fromage \u00e0 Macaye le 26 a\u00f4ut !"},"content":{"rendered":"<p class=\"font_8\">L&rsquo;association Makeako Laborariak est une association de producteurs de Macaye. Elle organise une f\u00eate du fromage basque, rassemblant agriculteurs, \u00e9leveurs, fromagers&#8230; pour promouvoir la fili\u00e8re agricole locale et l&rsquo;importance de tous les acteurs pour la pr\u00e9servation du territoire et pour la garantie de produits de qualit\u00e9.<\/p>\n<p class=\"font_8\">En tant que fromager du village, nous serons pr\u00e9sent sur l&rsquo;\u00e9v\u00e8nement ! Vous retrouverez nos fromages sous toutes ses formes ; \u00e0 la coupe, en d\u00e9gustation et m\u00eame cuisin\u00e9s !<\/p>\n<p>Alors r\u00e9servez votre date le 26 ao\u00fbt 2022 de 11h \u00e0 20h et profitez pleinement d&rsquo;une f\u00eate locale initi\u00e9e par des producteurs amoureux de leurs m\u00e9tiers.<\/p>\n<p><a href=\"http:\/\/www.onetik.com\/wp-content\/uploads\/2022\/08\/Sans-titre-22.png\"><img loading=\"lazy\" decoding=\"async\" class=\"aligncenter wp-image-14749\" src=\"http:\/\/www.onetik.com\/wp-content\/uploads\/2022\/08\/Sans-titre-22.png\" alt=\"\" width=\"1179\" height=\"472\" srcset=\"https:\/\/www.onetik.com\/wp-content\/uploads\/2022\/08\/Sans-titre-22.png 2000w, https:\/\/www.onetik.com\/wp-content\/uploads\/2022\/08\/Sans-titre-22-300x120.png 300w, https:\/\/www.onetik.com\/wp-content\/uploads\/2022\/08\/Sans-titre-22-1024x410.png 1024w, https:\/\/www.onetik.com\/wp-content\/uploads\/2022\/08\/Sans-titre-22-768x307.png 768w, https:\/\/www.onetik.com\/wp-content\/uploads\/2022\/08\/Sans-titre-22-1536x614.png 1536w, https:\/\/www.onetik.com\/wp-content\/uploads\/2022\/08\/Sans-titre-22-382x153.png 382w\" sizes=\"auto, (max-width: 1179px) 100vw, 1179px\" \/><\/a><\/p>\n<p style=\"text-align: center;\">Retrouvez en direct, toutes les infos, sur le site internet de l\u2019association :<\/p>\n<p style=\"text-align: center;\"><a href=\"https:\/\/www.lefromageenfete-macaye.fr\/\">https:\/\/www.lefromageenfete-macaye.fr\/<\/a><\/p>\n<p class=\"font_8\"><span class=\"wixGuard\">\u200b<\/span><\/p>\n","protected":false},"excerpt":{"rendered":"<p>L&rsquo;association Makeako Laborariak est une association de producteurs de Macaye. Elle organise une f\u00eate du fromage basque, rassemblant agriculteurs, \u00e9leveurs, [&hellip;]<\/p>\n","protected":false},"author":2,"featured_media":14749,"comment_status":"closed","ping_status":"closed","sticky":false,"template":"","format":"standard","meta":{"_acf_changed":false,"footnotes":""},"categories":[1],"tags":[],"class_list":["post-14748","post","type-post","status-publish","format-standard","has-post-thumbnail","hentry","category-cat-actualites"],"acf":[],"yoast_head":"<!-- This site is optimized with the Yoast SEO plugin v27.2 - https:\/\/yoast.com\/product\/yoast-seo-wordpress\/ -->\n<title>Retrouvez Onetik \u00e0 la f\u00eate du fromage \u00e0 Macaye le 26 a\u00f4ut ! - Onetik<\/title>\n<meta name=\"description\" content=\"L&#039;association Makeako Laborariak organisent une f\u00eate du fromage basque, rassemblant \u00e9leveurs, fromagers, le 26 ao\u00fbt !\" \/>\n<meta name=\"robots\" content=\"index, follow, max-snippet:-1, max-image-preview:large, max-video-preview:-1\" \/>\n<link rel=\"canonical\" href=\"https:\/\/www.onetik.com\/fr\/retrouvez-onetik-a-la-fete-du-fromage-a-macaye-le-26-aout\/\" \/>\n<meta property=\"og:locale\" content=\"fr_FR\" \/>\n<meta property=\"og:type\" content=\"article\" \/>\n<meta property=\"og:title\" content=\"Retrouvez Onetik \u00e0 la f\u00eate du fromage \u00e0 Macaye le 26 a\u00f4ut ! - Onetik\" \/>\n<meta property=\"og:description\" content=\"L&#039;association Makeako Laborariak organisent une f\u00eate du fromage basque, rassemblant \u00e9leveurs, fromagers, le 26 ao\u00fbt !\" \/>\n<meta property=\"og:url\" content=\"https:\/\/www.onetik.com\/fr\/retrouvez-onetik-a-la-fete-du-fromage-a-macaye-le-26-aout\/\" \/>\n<meta property=\"og:site_name\" content=\"Onetik\" \/>\n<meta property=\"article:published_time\" content=\"2022-08-03T07:18:35+00:00\" \/>\n<meta property=\"article:modified_time\" content=\"2022-08-03T07:19:36+00:00\" \/>\n<meta property=\"og:image\" content=\"https:\/\/www.onetik.com\/wp-content\/uploads\/2022\/08\/Sans-titre-22-1024x410.png\" \/>\n\t<meta property=\"og:image:width\" content=\"1024\" \/>\n\t<meta property=\"og:image:height\" content=\"410\" \/>\n\t<meta property=\"og:image:type\" content=\"image\/png\" \/>\n<meta name=\"author\" content=\"Onetik\" \/>\n<meta name=\"twitter:card\" content=\"summary_large_image\" \/>\n<meta name=\"twitter:label1\" content=\"\u00c9crit par\" \/>\n\t<meta name=\"twitter:data1\" content=\"Onetik\" \/>\n\t<meta name=\"twitter:label2\" content=\"Dur\u00e9e de lecture estim\u00e9e\" \/>\n\t<meta name=\"twitter:data2\" content=\"1 minute\" \/>\n<script type=\"application\/ld+json\" class=\"yoast-schema-graph\">{\"@context\":\"https:\/\/schema.org\",\"@graph\":[{\"@type\":\"Article\",\"@id\":\"https:\/\/www.onetik.com\/fr\/retrouvez-onetik-a-la-fete-du-fromage-a-macaye-le-26-aout\/#article\",\"isPartOf\":{\"@id\":\"https:\/\/www.onetik.com\/fr\/retrouvez-onetik-a-la-fete-du-fromage-a-macaye-le-26-aout\/\"},\"author\":{\"name\":\"Onetik\",\"@id\":\"https:\/\/www.onetik.com\/fr\/#\/schema\/person\/fa74a4d6d1e1db6db1a150630fb8a05f\"},\"headline\":\"Retrouvez Onetik \u00e0 la f\u00eate du fromage \u00e0 Macaye le 26 a\u00f4ut !\",\"datePublished\":\"2022-08-03T07:18:35+00:00\",\"dateModified\":\"2022-08-03T07:19:36+00:00\",\"mainEntityOfPage\":{\"@id\":\"https:\/\/www.onetik.com\/fr\/retrouvez-onetik-a-la-fete-du-fromage-a-macaye-le-26-aout\/\"},\"wordCount\":137,\"image\":{\"@id\":\"https:\/\/www.onetik.com\/fr\/retrouvez-onetik-a-la-fete-du-fromage-a-macaye-le-26-aout\/#primaryimage\"},\"thumbnailUrl\":\"https:\/\/www.onetik.com\/wp-content\/uploads\/2022\/08\/Sans-titre-22.png\",\"articleSection\":[\"Actualit\u00e9s\"],\"inLanguage\":\"fr-FR\"},{\"@type\":\"WebPage\",\"@id\":\"https:\/\/www.onetik.com\/fr\/retrouvez-onetik-a-la-fete-du-fromage-a-macaye-le-26-aout\/\",\"url\":\"https:\/\/www.onetik.com\/fr\/retrouvez-onetik-a-la-fete-du-fromage-a-macaye-le-26-aout\/\",\"name\":\"Retrouvez Onetik \u00e0 la f\u00eate du fromage \u00e0 Macaye le 26 a\u00f4ut ! - Onetik\",\"isPartOf\":{\"@id\":\"https:\/\/www.onetik.com\/fr\/#website\"},\"primaryImageOfPage\":{\"@id\":\"https:\/\/www.onetik.com\/fr\/retrouvez-onetik-a-la-fete-du-fromage-a-macaye-le-26-aout\/#primaryimage\"},\"image\":{\"@id\":\"https:\/\/www.onetik.com\/fr\/retrouvez-onetik-a-la-fete-du-fromage-a-macaye-le-26-aout\/#primaryimage\"},\"thumbnailUrl\":\"https:\/\/www.onetik.com\/wp-content\/uploads\/2022\/08\/Sans-titre-22.png\",\"datePublished\":\"2022-08-03T07:18:35+00:00\",\"dateModified\":\"2022-08-03T07:19:36+00:00\",\"author\":{\"@id\":\"https:\/\/www.onetik.com\/fr\/#\/schema\/person\/fa74a4d6d1e1db6db1a150630fb8a05f\"},\"description\":\"L'association Makeako Laborariak organisent une f\u00eate du fromage basque, rassemblant \u00e9leveurs, fromagers, le 26 ao\u00fbt !\",\"breadcrumb\":{\"@id\":\"https:\/\/www.onetik.com\/fr\/retrouvez-onetik-a-la-fete-du-fromage-a-macaye-le-26-aout\/#breadcrumb\"},\"inLanguage\":\"fr-FR\",\"potentialAction\":[{\"@type\":\"ReadAction\",\"target\":[\"https:\/\/www.onetik.com\/fr\/retrouvez-onetik-a-la-fete-du-fromage-a-macaye-le-26-aout\/\"]}]},{\"@type\":\"ImageObject\",\"inLanguage\":\"fr-FR\",\"@id\":\"https:\/\/www.onetik.com\/fr\/retrouvez-onetik-a-la-fete-du-fromage-a-macaye-le-26-aout\/#primaryimage\",\"url\":\"https:\/\/www.onetik.com\/wp-content\/uploads\/2022\/08\/Sans-titre-22.png\",\"contentUrl\":\"https:\/\/www.onetik.com\/wp-content\/uploads\/2022\/08\/Sans-titre-22.png\",\"width\":2000,\"height\":800},{\"@type\":\"BreadcrumbList\",\"@id\":\"https:\/\/www.onetik.com\/fr\/retrouvez-onetik-a-la-fete-du-fromage-a-macaye-le-26-aout\/#breadcrumb\",\"itemListElement\":[{\"@type\":\"ListItem\",\"position\":1,\"name\":\"Accueil\",\"item\":\"https:\/\/www.onetik.com\/fr\/\"},{\"@type\":\"ListItem\",\"position\":2,\"name\":\"Retrouvez Onetik \u00e0 la f\u00eate du fromage \u00e0 Macaye le 26 a\u00f4ut !\"}]},{\"@type\":\"WebSite\",\"@id\":\"https:\/\/www.onetik.com\/fr\/#website\",\"url\":\"https:\/\/www.onetik.com\/fr\/\",\"name\":\"Onetik\",\"description\":\"La Fromagerie du Pays Basque\",\"potentialAction\":[{\"@type\":\"SearchAction\",\"target\":{\"@type\":\"EntryPoint\",\"urlTemplate\":\"https:\/\/www.onetik.com\/fr\/?s={search_term_string}\"},\"query-input\":{\"@type\":\"PropertyValueSpecification\",\"valueRequired\":true,\"valueName\":\"search_term_string\"}}],\"inLanguage\":\"fr-FR\"},{\"@type\":\"Person\",\"@id\":\"https:\/\/www.onetik.com\/fr\/#\/schema\/person\/fa74a4d6d1e1db6db1a150630fb8a05f\",\"name\":\"Onetik\",\"image\":{\"@type\":\"ImageObject\",\"inLanguage\":\"fr-FR\",\"@id\":\"https:\/\/secure.gravatar.com\/avatar\/3bf095b73e269b37ae5d6b4326a54365bc0ffe5c73fca7e09ec3773196a6ab67?s=96&d=mm&r=g\",\"url\":\"https:\/\/secure.gravatar.com\/avatar\/3bf095b73e269b37ae5d6b4326a54365bc0ffe5c73fca7e09ec3773196a6ab67?s=96&d=mm&r=g\",\"contentUrl\":\"https:\/\/secure.gravatar.com\/avatar\/3bf095b73e269b37ae5d6b4326a54365bc0ffe5c73fca7e09ec3773196a6ab67?s=96&d=mm&r=g\",\"caption\":\"Onetik\"}}]}<\/script>\n<!-- \/ Yoast SEO plugin. -->","yoast_head_json":{"title":"Retrouvez Onetik \u00e0 la f\u00eate du fromage \u00e0 Macaye le 26 a\u00f4ut ! - Onetik","description":"L'association Makeako Laborariak organisent une f\u00eate du fromage basque, rassemblant \u00e9leveurs, fromagers, le 26 ao\u00fbt !","robots":{"index":"index","follow":"follow","max-snippet":"max-snippet:-1","max-image-preview":"max-image-preview:large","max-video-preview":"max-video-preview:-1"},"canonical":"https:\/\/www.onetik.com\/fr\/retrouvez-onetik-a-la-fete-du-fromage-a-macaye-le-26-aout\/","og_locale":"fr_FR","og_type":"article","og_title":"Retrouvez Onetik \u00e0 la f\u00eate du fromage \u00e0 Macaye le 26 a\u00f4ut ! - Onetik","og_description":"L'association Makeako Laborariak organisent une f\u00eate du fromage basque, rassemblant \u00e9leveurs, fromagers, le 26 ao\u00fbt !","og_url":"https:\/\/www.onetik.com\/fr\/retrouvez-onetik-a-la-fete-du-fromage-a-macaye-le-26-aout\/","og_site_name":"Onetik","article_published_time":"2022-08-03T07:18:35+00:00","article_modified_time":"2022-08-03T07:19:36+00:00","og_image":[{"width":1024,"height":410,"url":"https:\/\/www.onetik.com\/wp-content\/uploads\/2022\/08\/Sans-titre-22-1024x410.png","type":"image\/png"}],"author":"Onetik","twitter_card":"summary_large_image","twitter_misc":{"\u00c9crit par":"Onetik","Dur\u00e9e de lecture estim\u00e9e":"1 minute"},"schema":{"@context":"https:\/\/schema.org","@graph":[{"@type":"Article","@id":"https:\/\/www.onetik.com\/fr\/retrouvez-onetik-a-la-fete-du-fromage-a-macaye-le-26-aout\/#article","isPartOf":{"@id":"https:\/\/www.onetik.com\/fr\/retrouvez-onetik-a-la-fete-du-fromage-a-macaye-le-26-aout\/"},"author":{"name":"Onetik","@id":"https:\/\/www.onetik.com\/fr\/#\/schema\/person\/fa74a4d6d1e1db6db1a150630fb8a05f"},"headline":"Retrouvez Onetik \u00e0 la f\u00eate du fromage \u00e0 Macaye le 26 a\u00f4ut !","datePublished":"2022-08-03T07:18:35+00:00","dateModified":"2022-08-03T07:19:36+00:00","mainEntityOfPage":{"@id":"https:\/\/www.onetik.com\/fr\/retrouvez-onetik-a-la-fete-du-fromage-a-macaye-le-26-aout\/"},"wordCount":137,"image":{"@id":"https:\/\/www.onetik.com\/fr\/retrouvez-onetik-a-la-fete-du-fromage-a-macaye-le-26-aout\/#primaryimage"},"thumbnailUrl":"https:\/\/www.onetik.com\/wp-content\/uploads\/2022\/08\/Sans-titre-22.png","articleSection":["Actualit\u00e9s"],"inLanguage":"fr-FR"},{"@type":"WebPage","@id":"https:\/\/www.onetik.com\/fr\/retrouvez-onetik-a-la-fete-du-fromage-a-macaye-le-26-aout\/","url":"https:\/\/www.onetik.com\/fr\/retrouvez-onetik-a-la-fete-du-fromage-a-macaye-le-26-aout\/","name":"Retrouvez Onetik \u00e0 la f\u00eate du fromage \u00e0 Macaye le 26 a\u00f4ut ! - Onetik","isPartOf":{"@id":"https:\/\/www.onetik.com\/fr\/#website"},"primaryImageOfPage":{"@id":"https:\/\/www.onetik.com\/fr\/retrouvez-onetik-a-la-fete-du-fromage-a-macaye-le-26-aout\/#primaryimage"},"image":{"@id":"https:\/\/www.onetik.com\/fr\/retrouvez-onetik-a-la-fete-du-fromage-a-macaye-le-26-aout\/#primaryimage"},"thumbnailUrl":"https:\/\/www.onetik.com\/wp-content\/uploads\/2022\/08\/Sans-titre-22.png","datePublished":"2022-08-03T07:18:35+00:00","dateModified":"2022-08-03T07:19:36+00:00","author":{"@id":"https:\/\/www.onetik.com\/fr\/#\/schema\/person\/fa74a4d6d1e1db6db1a150630fb8a05f"},"description":"L'association Makeako Laborariak organisent une f\u00eate du fromage basque, rassemblant \u00e9leveurs, fromagers, le 26 ao\u00fbt !","breadcrumb":{"@id":"https:\/\/www.onetik.com\/fr\/retrouvez-onetik-a-la-fete-du-fromage-a-macaye-le-26-aout\/#breadcrumb"},"inLanguage":"fr-FR","potentialAction":[{"@type":"ReadAction","target":["https:\/\/www.onetik.com\/fr\/retrouvez-onetik-a-la-fete-du-fromage-a-macaye-le-26-aout\/"]}]},{"@type":"ImageObject","inLanguage":"fr-FR","@id":"https:\/\/www.onetik.com\/fr\/retrouvez-onetik-a-la-fete-du-fromage-a-macaye-le-26-aout\/#primaryimage","url":"https:\/\/www.onetik.com\/wp-content\/uploads\/2022\/08\/Sans-titre-22.png","contentUrl":"https:\/\/www.onetik.com\/wp-content\/uploads\/2022\/08\/Sans-titre-22.png","width":2000,"height":800},{"@type":"BreadcrumbList","@id":"https:\/\/www.onetik.com\/fr\/retrouvez-onetik-a-la-fete-du-fromage-a-macaye-le-26-aout\/#breadcrumb","itemListElement":[{"@type":"ListItem","position":1,"name":"Accueil","item":"https:\/\/www.onetik.com\/fr\/"},{"@type":"ListItem","position":2,"name":"Retrouvez Onetik \u00e0 la f\u00eate du fromage \u00e0 Macaye le 26 a\u00f4ut !"}]},{"@type":"WebSite","@id":"https:\/\/www.onetik.com\/fr\/#website","url":"https:\/\/www.onetik.com\/fr\/","name":"Onetik","description":"La Fromagerie du Pays Basque","potentialAction":[{"@type":"SearchAction","target":{"@type":"EntryPoint","urlTemplate":"https:\/\/www.onetik.com\/fr\/?s={search_term_string}"},"query-input":{"@type":"PropertyValueSpecification","valueRequired":true,"valueName":"search_term_string"}}],"inLanguage":"fr-FR"},{"@type":"Person","@id":"https:\/\/www.onetik.com\/fr\/#\/schema\/person\/fa74a4d6d1e1db6db1a150630fb8a05f","name":"Onetik","image":{"@type":"ImageObject","inLanguage":"fr-FR","@id":"https:\/\/secure.gravatar.com\/avatar\/3bf095b73e269b37ae5d6b4326a54365bc0ffe5c73fca7e09ec3773196a6ab67?s=96&d=mm&r=g","url":"https:\/\/secure.gravatar.com\/avatar\/3bf095b73e269b37ae5d6b4326a54365bc0ffe5c73fca7e09ec3773196a6ab67?s=96&d=mm&r=g","contentUrl":"https:\/\/secure.gravatar.com\/avatar\/3bf095b73e269b37ae5d6b4326a54365bc0ffe5c73fca7e09ec3773196a6ab67?s=96&d=mm&r=g","caption":"Onetik"}}]}},"_links":{"self":[{"href":"https:\/\/www.onetik.com\/fr\/wp-json\/wp\/v2\/posts\/14748","targetHints":{"allow":["GET"]}}],"collection":[{"href":"https:\/\/www.onetik.com\/fr\/wp-json\/wp\/v2\/posts"}],"about":[{"href":"https:\/\/www.onetik.com\/fr\/wp-json\/wp\/v2\/types\/post"}],"author":[{"embeddable":true,"href":"https:\/\/www.onetik.com\/fr\/wp-json\/wp\/v2\/users\/2"}],"replies":[{"embeddable":true,"href":"https:\/\/www.onetik.com\/fr\/wp-json\/wp\/v2\/comments?post=14748"}],"version-history":[{"count":3,"href":"https:\/\/www.onetik.com\/fr\/wp-json\/wp\/v2\/posts\/14748\/revisions"}],"predecessor-version":[{"id":14754,"href":"https:\/\/www.onetik.com\/fr\/wp-json\/wp\/v2\/posts\/14748\/revisions\/14754"}],"wp:featuredmedia":[{"embeddable":true,"href":"https:\/\/www.onetik.com\/fr\/wp-json\/wp\/v2\/media\/14749"}],"wp:attachment":[{"href":"https:\/\/www.onetik.com\/fr\/wp-json\/wp\/v2\/media?parent=14748"}],"wp:term":[{"taxonomy":"category","embeddable":true,"href":"https:\/\/www.onetik.com\/fr\/wp-json\/wp\/v2\/categories?post=14748"},{"taxonomy":"post_tag","embeddable":true,"href":"https:\/\/www.onetik.com\/fr\/wp-json\/wp\/v2\/tags?post=14748"}],"curies":[{"name":"wp","href":"https:\/\/api.w.org\/{rel}","templated":true}]}}