{"id":14551,"date":"2022-01-28T13:38:48","date_gmt":"2022-01-28T13:38:48","guid":{"rendered":"https:\/\/www.onetik.com\/?p=14551"},"modified":"2022-01-28T13:44:35","modified_gmt":"2022-01-28T13:44:35","slug":"cette-semaine-la-fromagerie-onetik-etait-linvitee-de-lemission-la-nouvelle-eco-presentee-par-olivier-vinches","status":"publish","type":"post","link":"https:\/\/www.onetik.com\/fr\/cette-semaine-la-fromagerie-onetik-etait-linvitee-de-lemission-la-nouvelle-eco-presentee-par-olivier-vinches\/","title":{"rendered":"Cette semaine, la fromagerie ONETIK \u00e9tait l&rsquo;invit\u00e9e de l&rsquo;\u00e9mission \u00ab\u00a0La nouvelle \u00e9co\u00a0\u00bb sur France Bleu Pays Basque"},"content":{"rendered":"<p>Cette fois encore, c&rsquo;est la qualit\u00e9 des fromages reconnue par les nombreuses m\u00e9dailles obtenues qui a \u00e9t\u00e9 f\u00e9licit\u00e9e !<\/p>\n<p>\u00c9coutez cette \u00e9mission en replay en cliquant sur le lien : <a href=\"https:\/\/www.francebleu.fr\/emissions\/la-chronique-eco\/pays-basque\">https:\/\/www.francebleu.fr\/emissions\/la-chronique-eco\/pays-basque<\/a><\/p>\n<p>S\u00e9lectionnez l&rsquo;\u00e9mission du 27 janvier 2022 \u00ab\u00a0ONETIK la fromagerie de Macaye au top en 2022\u00a0\u00bb<\/p>\n<p>&nbsp;<\/p>\n<p>&nbsp;<\/p>\n","protected":false},"excerpt":{"rendered":"<p>Cette fois encore, c&rsquo;est la qualit\u00e9 des fromages reconnue par les nombreuses m\u00e9dailles obtenues qui a \u00e9t\u00e9 f\u00e9licit\u00e9e ! \u00c9coutez [&hellip;]<\/p>\n","protected":false},"author":2,"featured_media":14552,"comment_status":"closed","ping_status":"closed","sticky":false,"template":"","format":"standard","meta":{"_acf_changed":false,"footnotes":""},"categories":[1],"tags":[],"class_list":["post-14551","post","type-post","status-publish","format-standard","has-post-thumbnail","hentry","category-cat-actualites"],"acf":[],"yoast_head":"<!-- This site is optimized with the Yoast SEO plugin v27.2 - https:\/\/yoast.com\/product\/yoast-seo-wordpress\/ -->\n<title>Cette semaine, la fromagerie ONETIK \u00e9tait l&#039;invit\u00e9e de l&#039;\u00e9mission &quot;La nouvelle \u00e9co&quot; sur France Bleu Pays Basque - Onetik<\/title>\n<meta name=\"robots\" content=\"index, follow, max-snippet:-1, max-image-preview:large, max-video-preview:-1\" \/>\n<link rel=\"canonical\" href=\"https:\/\/www.onetik.com\/fr\/cette-semaine-la-fromagerie-onetik-etait-linvitee-de-lemission-la-nouvelle-eco-presentee-par-olivier-vinches\/\" \/>\n<meta property=\"og:locale\" content=\"fr_FR\" \/>\n<meta property=\"og:type\" content=\"article\" \/>\n<meta property=\"og:title\" content=\"Cette semaine, la fromagerie ONETIK \u00e9tait l&#039;invit\u00e9e de l&#039;\u00e9mission &quot;La nouvelle \u00e9co&quot; sur France Bleu Pays Basque - Onetik\" \/>\n<meta property=\"og:description\" content=\"Cette fois encore, c&rsquo;est la qualit\u00e9 des fromages reconnue par les nombreuses m\u00e9dailles obtenues qui a \u00e9t\u00e9 f\u00e9licit\u00e9e ! \u00c9coutez [&hellip;]\" \/>\n<meta property=\"og:url\" content=\"https:\/\/www.onetik.com\/fr\/cette-semaine-la-fromagerie-onetik-etait-linvitee-de-lemission-la-nouvelle-eco-presentee-par-olivier-vinches\/\" \/>\n<meta property=\"og:site_name\" content=\"Onetik\" \/>\n<meta property=\"article:published_time\" content=\"2022-01-28T13:38:48+00:00\" \/>\n<meta property=\"article:modified_time\" content=\"2022-01-28T13:44:35+00:00\" \/>\n<meta property=\"og:image\" content=\"https:\/\/www.onetik.com\/wp-content\/uploads\/2022\/01\/francebleupaysbasqueonetik.jpg\" \/>\n\t<meta property=\"og:image:width\" content=\"1280\" \/>\n\t<meta property=\"og:image:height\" content=\"720\" \/>\n\t<meta property=\"og:image:type\" content=\"image\/jpeg\" \/>\n<meta name=\"author\" content=\"Onetik\" \/>\n<meta name=\"twitter:card\" content=\"summary_large_image\" \/>\n<meta name=\"twitter:label1\" content=\"\u00c9crit par\" \/>\n\t<meta name=\"twitter:data1\" content=\"Onetik\" \/>\n<script type=\"application\/ld+json\" class=\"yoast-schema-graph\">{\"@context\":\"https:\/\/schema.org\",\"@graph\":[{\"@type\":\"Article\",\"@id\":\"https:\/\/www.onetik.com\/fr\/cette-semaine-la-fromagerie-onetik-etait-linvitee-de-lemission-la-nouvelle-eco-presentee-par-olivier-vinches\/#article\",\"isPartOf\":{\"@id\":\"https:\/\/www.onetik.com\/fr\/cette-semaine-la-fromagerie-onetik-etait-linvitee-de-lemission-la-nouvelle-eco-presentee-par-olivier-vinches\/\"},\"author\":{\"name\":\"Onetik\",\"@id\":\"https:\/\/www.onetik.com\/fr\/#\/schema\/person\/fa74a4d6d1e1db6db1a150630fb8a05f\"},\"headline\":\"Cette semaine, la fromagerie ONETIK \u00e9tait l&rsquo;invit\u00e9e de l&rsquo;\u00e9mission \u00ab\u00a0La nouvelle \u00e9co\u00a0\u00bb sur France Bleu Pays Basque\",\"datePublished\":\"2022-01-28T13:38:48+00:00\",\"dateModified\":\"2022-01-28T13:44:35+00:00\",\"mainEntityOfPage\":{\"@id\":\"https:\/\/www.onetik.com\/fr\/cette-semaine-la-fromagerie-onetik-etait-linvitee-de-lemission-la-nouvelle-eco-presentee-par-olivier-vinches\/\"},\"wordCount\":73,\"image\":{\"@id\":\"https:\/\/www.onetik.com\/fr\/cette-semaine-la-fromagerie-onetik-etait-linvitee-de-lemission-la-nouvelle-eco-presentee-par-olivier-vinches\/#primaryimage\"},\"thumbnailUrl\":\"https:\/\/www.onetik.com\/wp-content\/uploads\/2022\/01\/francebleupaysbasqueonetik.jpg\",\"articleSection\":[\"Actualit\u00e9s\"],\"inLanguage\":\"fr-FR\"},{\"@type\":\"WebPage\",\"@id\":\"https:\/\/www.onetik.com\/fr\/cette-semaine-la-fromagerie-onetik-etait-linvitee-de-lemission-la-nouvelle-eco-presentee-par-olivier-vinches\/\",\"url\":\"https:\/\/www.onetik.com\/fr\/cette-semaine-la-fromagerie-onetik-etait-linvitee-de-lemission-la-nouvelle-eco-presentee-par-olivier-vinches\/\",\"name\":\"Cette semaine, la fromagerie ONETIK \u00e9tait l'invit\u00e9e de l'\u00e9mission \\\"La nouvelle \u00e9co\\\" sur France Bleu Pays Basque - Onetik\",\"isPartOf\":{\"@id\":\"https:\/\/www.onetik.com\/fr\/#website\"},\"primaryImageOfPage\":{\"@id\":\"https:\/\/www.onetik.com\/fr\/cette-semaine-la-fromagerie-onetik-etait-linvitee-de-lemission-la-nouvelle-eco-presentee-par-olivier-vinches\/#primaryimage\"},\"image\":{\"@id\":\"https:\/\/www.onetik.com\/fr\/cette-semaine-la-fromagerie-onetik-etait-linvitee-de-lemission-la-nouvelle-eco-presentee-par-olivier-vinches\/#primaryimage\"},\"thumbnailUrl\":\"https:\/\/www.onetik.com\/wp-content\/uploads\/2022\/01\/francebleupaysbasqueonetik.jpg\",\"datePublished\":\"2022-01-28T13:38:48+00:00\",\"dateModified\":\"2022-01-28T13:44:35+00:00\",\"author\":{\"@id\":\"https:\/\/www.onetik.com\/fr\/#\/schema\/person\/fa74a4d6d1e1db6db1a150630fb8a05f\"},\"breadcrumb\":{\"@id\":\"https:\/\/www.onetik.com\/fr\/cette-semaine-la-fromagerie-onetik-etait-linvitee-de-lemission-la-nouvelle-eco-presentee-par-olivier-vinches\/#breadcrumb\"},\"inLanguage\":\"fr-FR\",\"potentialAction\":[{\"@type\":\"ReadAction\",\"target\":[\"https:\/\/www.onetik.com\/fr\/cette-semaine-la-fromagerie-onetik-etait-linvitee-de-lemission-la-nouvelle-eco-presentee-par-olivier-vinches\/\"]}]},{\"@type\":\"ImageObject\",\"inLanguage\":\"fr-FR\",\"@id\":\"https:\/\/www.onetik.com\/fr\/cette-semaine-la-fromagerie-onetik-etait-linvitee-de-lemission-la-nouvelle-eco-presentee-par-olivier-vinches\/#primaryimage\",\"url\":\"https:\/\/www.onetik.com\/wp-content\/uploads\/2022\/01\/francebleupaysbasqueonetik.jpg\",\"contentUrl\":\"https:\/\/www.onetik.com\/wp-content\/uploads\/2022\/01\/francebleupaysbasqueonetik.jpg\",\"width\":1280,\"height\":720},{\"@type\":\"BreadcrumbList\",\"@id\":\"https:\/\/www.onetik.com\/fr\/cette-semaine-la-fromagerie-onetik-etait-linvitee-de-lemission-la-nouvelle-eco-presentee-par-olivier-vinches\/#breadcrumb\",\"itemListElement\":[{\"@type\":\"ListItem\",\"position\":1,\"name\":\"Accueil\",\"item\":\"https:\/\/www.onetik.com\/fr\/\"},{\"@type\":\"ListItem\",\"position\":2,\"name\":\"Cette semaine, la fromagerie ONETIK \u00e9tait l&rsquo;invit\u00e9e de l&rsquo;\u00e9mission \u00ab\u00a0La nouvelle \u00e9co\u00a0\u00bb sur France Bleu Pays Basque\"}]},{\"@type\":\"WebSite\",\"@id\":\"https:\/\/www.onetik.com\/fr\/#website\",\"url\":\"https:\/\/www.onetik.com\/fr\/\",\"name\":\"Onetik\",\"description\":\"La Fromagerie du Pays Basque\",\"potentialAction\":[{\"@type\":\"SearchAction\",\"target\":{\"@type\":\"EntryPoint\",\"urlTemplate\":\"https:\/\/www.onetik.com\/fr\/?s={search_term_string}\"},\"query-input\":{\"@type\":\"PropertyValueSpecification\",\"valueRequired\":true,\"valueName\":\"search_term_string\"}}],\"inLanguage\":\"fr-FR\"},{\"@type\":\"Person\",\"@id\":\"https:\/\/www.onetik.com\/fr\/#\/schema\/person\/fa74a4d6d1e1db6db1a150630fb8a05f\",\"name\":\"Onetik\",\"image\":{\"@type\":\"ImageObject\",\"inLanguage\":\"fr-FR\",\"@id\":\"https:\/\/secure.gravatar.com\/avatar\/3bf095b73e269b37ae5d6b4326a54365bc0ffe5c73fca7e09ec3773196a6ab67?s=96&d=mm&r=g\",\"url\":\"https:\/\/secure.gravatar.com\/avatar\/3bf095b73e269b37ae5d6b4326a54365bc0ffe5c73fca7e09ec3773196a6ab67?s=96&d=mm&r=g\",\"contentUrl\":\"https:\/\/secure.gravatar.com\/avatar\/3bf095b73e269b37ae5d6b4326a54365bc0ffe5c73fca7e09ec3773196a6ab67?s=96&d=mm&r=g\",\"caption\":\"Onetik\"}}]}<\/script>\n<!-- \/ Yoast SEO plugin. -->","yoast_head_json":{"title":"Cette semaine, la fromagerie ONETIK \u00e9tait l'invit\u00e9e de l'\u00e9mission \"La nouvelle \u00e9co\" sur France Bleu Pays Basque - Onetik","robots":{"index":"index","follow":"follow","max-snippet":"max-snippet:-1","max-image-preview":"max-image-preview:large","max-video-preview":"max-video-preview:-1"},"canonical":"https:\/\/www.onetik.com\/fr\/cette-semaine-la-fromagerie-onetik-etait-linvitee-de-lemission-la-nouvelle-eco-presentee-par-olivier-vinches\/","og_locale":"fr_FR","og_type":"article","og_title":"Cette semaine, la fromagerie ONETIK \u00e9tait l'invit\u00e9e de l'\u00e9mission \"La nouvelle \u00e9co\" sur France Bleu Pays Basque - Onetik","og_description":"Cette fois encore, c&rsquo;est la qualit\u00e9 des fromages reconnue par les nombreuses m\u00e9dailles obtenues qui a \u00e9t\u00e9 f\u00e9licit\u00e9e ! \u00c9coutez [&hellip;]","og_url":"https:\/\/www.onetik.com\/fr\/cette-semaine-la-fromagerie-onetik-etait-linvitee-de-lemission-la-nouvelle-eco-presentee-par-olivier-vinches\/","og_site_name":"Onetik","article_published_time":"2022-01-28T13:38:48+00:00","article_modified_time":"2022-01-28T13:44:35+00:00","og_image":[{"width":1280,"height":720,"url":"https:\/\/www.onetik.com\/wp-content\/uploads\/2022\/01\/francebleupaysbasqueonetik.jpg","type":"image\/jpeg"}],"author":"Onetik","twitter_card":"summary_large_image","twitter_misc":{"\u00c9crit par":"Onetik"},"schema":{"@context":"https:\/\/schema.org","@graph":[{"@type":"Article","@id":"https:\/\/www.onetik.com\/fr\/cette-semaine-la-fromagerie-onetik-etait-linvitee-de-lemission-la-nouvelle-eco-presentee-par-olivier-vinches\/#article","isPartOf":{"@id":"https:\/\/www.onetik.com\/fr\/cette-semaine-la-fromagerie-onetik-etait-linvitee-de-lemission-la-nouvelle-eco-presentee-par-olivier-vinches\/"},"author":{"name":"Onetik","@id":"https:\/\/www.onetik.com\/fr\/#\/schema\/person\/fa74a4d6d1e1db6db1a150630fb8a05f"},"headline":"Cette semaine, la fromagerie ONETIK \u00e9tait l&rsquo;invit\u00e9e de l&rsquo;\u00e9mission \u00ab\u00a0La nouvelle \u00e9co\u00a0\u00bb sur France Bleu Pays Basque","datePublished":"2022-01-28T13:38:48+00:00","dateModified":"2022-01-28T13:44:35+00:00","mainEntityOfPage":{"@id":"https:\/\/www.onetik.com\/fr\/cette-semaine-la-fromagerie-onetik-etait-linvitee-de-lemission-la-nouvelle-eco-presentee-par-olivier-vinches\/"},"wordCount":73,"image":{"@id":"https:\/\/www.onetik.com\/fr\/cette-semaine-la-fromagerie-onetik-etait-linvitee-de-lemission-la-nouvelle-eco-presentee-par-olivier-vinches\/#primaryimage"},"thumbnailUrl":"https:\/\/www.onetik.com\/wp-content\/uploads\/2022\/01\/francebleupaysbasqueonetik.jpg","articleSection":["Actualit\u00e9s"],"inLanguage":"fr-FR"},{"@type":"WebPage","@id":"https:\/\/www.onetik.com\/fr\/cette-semaine-la-fromagerie-onetik-etait-linvitee-de-lemission-la-nouvelle-eco-presentee-par-olivier-vinches\/","url":"https:\/\/www.onetik.com\/fr\/cette-semaine-la-fromagerie-onetik-etait-linvitee-de-lemission-la-nouvelle-eco-presentee-par-olivier-vinches\/","name":"Cette semaine, la fromagerie ONETIK \u00e9tait l'invit\u00e9e de l'\u00e9mission \"La nouvelle \u00e9co\" sur France Bleu Pays Basque - Onetik","isPartOf":{"@id":"https:\/\/www.onetik.com\/fr\/#website"},"primaryImageOfPage":{"@id":"https:\/\/www.onetik.com\/fr\/cette-semaine-la-fromagerie-onetik-etait-linvitee-de-lemission-la-nouvelle-eco-presentee-par-olivier-vinches\/#primaryimage"},"image":{"@id":"https:\/\/www.onetik.com\/fr\/cette-semaine-la-fromagerie-onetik-etait-linvitee-de-lemission-la-nouvelle-eco-presentee-par-olivier-vinches\/#primaryimage"},"thumbnailUrl":"https:\/\/www.onetik.com\/wp-content\/uploads\/2022\/01\/francebleupaysbasqueonetik.jpg","datePublished":"2022-01-28T13:38:48+00:00","dateModified":"2022-01-28T13:44:35+00:00","author":{"@id":"https:\/\/www.onetik.com\/fr\/#\/schema\/person\/fa74a4d6d1e1db6db1a150630fb8a05f"},"breadcrumb":{"@id":"https:\/\/www.onetik.com\/fr\/cette-semaine-la-fromagerie-onetik-etait-linvitee-de-lemission-la-nouvelle-eco-presentee-par-olivier-vinches\/#breadcrumb"},"inLanguage":"fr-FR","potentialAction":[{"@type":"ReadAction","target":["https:\/\/www.onetik.com\/fr\/cette-semaine-la-fromagerie-onetik-etait-linvitee-de-lemission-la-nouvelle-eco-presentee-par-olivier-vinches\/"]}]},{"@type":"ImageObject","inLanguage":"fr-FR","@id":"https:\/\/www.onetik.com\/fr\/cette-semaine-la-fromagerie-onetik-etait-linvitee-de-lemission-la-nouvelle-eco-presentee-par-olivier-vinches\/#primaryimage","url":"https:\/\/www.onetik.com\/wp-content\/uploads\/2022\/01\/francebleupaysbasqueonetik.jpg","contentUrl":"https:\/\/www.onetik.com\/wp-content\/uploads\/2022\/01\/francebleupaysbasqueonetik.jpg","width":1280,"height":720},{"@type":"BreadcrumbList","@id":"https:\/\/www.onetik.com\/fr\/cette-semaine-la-fromagerie-onetik-etait-linvitee-de-lemission-la-nouvelle-eco-presentee-par-olivier-vinches\/#breadcrumb","itemListElement":[{"@type":"ListItem","position":1,"name":"Accueil","item":"https:\/\/www.onetik.com\/fr\/"},{"@type":"ListItem","position":2,"name":"Cette semaine, la fromagerie ONETIK \u00e9tait l&rsquo;invit\u00e9e de l&rsquo;\u00e9mission \u00ab\u00a0La nouvelle \u00e9co\u00a0\u00bb sur France Bleu Pays Basque"}]},{"@type":"WebSite","@id":"https:\/\/www.onetik.com\/fr\/#website","url":"https:\/\/www.onetik.com\/fr\/","name":"Onetik","description":"La Fromagerie du Pays Basque","potentialAction":[{"@type":"SearchAction","target":{"@type":"EntryPoint","urlTemplate":"https:\/\/www.onetik.com\/fr\/?s={search_term_string}"},"query-input":{"@type":"PropertyValueSpecification","valueRequired":true,"valueName":"search_term_string"}}],"inLanguage":"fr-FR"},{"@type":"Person","@id":"https:\/\/www.onetik.com\/fr\/#\/schema\/person\/fa74a4d6d1e1db6db1a150630fb8a05f","name":"Onetik","image":{"@type":"ImageObject","inLanguage":"fr-FR","@id":"https:\/\/secure.gravatar.com\/avatar\/3bf095b73e269b37ae5d6b4326a54365bc0ffe5c73fca7e09ec3773196a6ab67?s=96&d=mm&r=g","url":"https:\/\/secure.gravatar.com\/avatar\/3bf095b73e269b37ae5d6b4326a54365bc0ffe5c73fca7e09ec3773196a6ab67?s=96&d=mm&r=g","contentUrl":"https:\/\/secure.gravatar.com\/avatar\/3bf095b73e269b37ae5d6b4326a54365bc0ffe5c73fca7e09ec3773196a6ab67?s=96&d=mm&r=g","caption":"Onetik"}}]}},"_links":{"self":[{"href":"https:\/\/www.onetik.com\/fr\/wp-json\/wp\/v2\/posts\/14551","targetHints":{"allow":["GET"]}}],"collection":[{"href":"https:\/\/www.onetik.com\/fr\/wp-json\/wp\/v2\/posts"}],"about":[{"href":"https:\/\/www.onetik.com\/fr\/wp-json\/wp\/v2\/types\/post"}],"author":[{"embeddable":true,"href":"https:\/\/www.onetik.com\/fr\/wp-json\/wp\/v2\/users\/2"}],"replies":[{"embeddable":true,"href":"https:\/\/www.onetik.com\/fr\/wp-json\/wp\/v2\/comments?post=14551"}],"version-history":[{"count":2,"href":"https:\/\/www.onetik.com\/fr\/wp-json\/wp\/v2\/posts\/14551\/revisions"}],"predecessor-version":[{"id":14556,"href":"https:\/\/www.onetik.com\/fr\/wp-json\/wp\/v2\/posts\/14551\/revisions\/14556"}],"wp:featuredmedia":[{"embeddable":true,"href":"https:\/\/www.onetik.com\/fr\/wp-json\/wp\/v2\/media\/14552"}],"wp:attachment":[{"href":"https:\/\/www.onetik.com\/fr\/wp-json\/wp\/v2\/media?parent=14551"}],"wp:term":[{"taxonomy":"category","embeddable":true,"href":"https:\/\/www.onetik.com\/fr\/wp-json\/wp\/v2\/categories?post=14551"},{"taxonomy":"post_tag","embeddable":true,"href":"https:\/\/www.onetik.com\/fr\/wp-json\/wp\/v2\/tags?post=14551"}],"curies":[{"name":"wp","href":"https:\/\/api.w.org\/{rel}","templated":true}]}}