{"id":14448,"date":"2021-09-16T13:43:01","date_gmt":"2021-09-16T13:43:01","guid":{"rendered":"https:\/\/www.onetik.com\/?p=14448"},"modified":"2021-10-04T10:55:13","modified_gmt":"2021-10-04T10:55:13","slug":"la-fromagerie-onetik-honoree-par-les-professionnels-de-la-filiere-avec-8-medailles-au-mondial-du-fromage","status":"publish","type":"post","link":"https:\/\/www.onetik.com\/fr\/la-fromagerie-onetik-honoree-par-les-professionnels-de-la-filiere-avec-8-medailles-au-mondial-du-fromage\/","title":{"rendered":"La fromagerie Onetik honor\u00e9e par les professionnels de la fili\u00e8re avec 8 m\u00e9dailles au Mondial du Fromage !"},"content":{"rendered":"<p>Le Mondial du Fromage (5\u00e8me \u00e9dition), qui se tient au Parc Expo Tours du 12 au 14 septembre,est un rendez-vous professionnel mondial, un lieu de rencontre incontournable<br \/>\npour tous les acteurs de la fili\u00e8re du fromage et des produits laitiers. Producteurs, distributeurs, importateurs, affineurs et fromagers s\u2019y retrouvent pour \u00e9changer et informer.<\/p>\n<p>Au Concours International \u00ab Produits \u00bb, nous avons remport\u00e9 8 m\u00e9dailles qui r\u00e9compensent le travail de nos \u00e9quipes et de nos producteurs !<\/p>\n<p><a href=\"http:\/\/www.onetik.com\/wp-content\/uploads\/2021\/09\/Pur-brebis-affinC-2.png\"><img loading=\"lazy\" decoding=\"async\" class=\"wp-image-14449 alignleft\" src=\"http:\/\/www.onetik.com\/wp-content\/uploads\/2021\/09\/Pur-brebis-affinC-2.png\" alt=\"\" width=\"118\" height=\"145\" srcset=\"https:\/\/www.onetik.com\/wp-content\/uploads\/2021\/09\/Pur-brebis-affinC-2.png 1772w, https:\/\/www.onetik.com\/wp-content\/uploads\/2021\/09\/Pur-brebis-affinC-2-244x300.png 244w, https:\/\/www.onetik.com\/wp-content\/uploads\/2021\/09\/Pur-brebis-affinC-2-834x1024.png 834w, https:\/\/www.onetik.com\/wp-content\/uploads\/2021\/09\/Pur-brebis-affinC-2-768x943.png 768w, https:\/\/www.onetik.com\/wp-content\/uploads\/2021\/09\/Pur-brebis-affinC-2-1251x1536.png 1251w, https:\/\/www.onetik.com\/wp-content\/uploads\/2021\/09\/Pur-brebis-affinC-2-1668x2048.png 1668w, https:\/\/www.onetik.com\/wp-content\/uploads\/2021\/09\/Pur-brebis-affinC-2-382x469.png 382w\" sizes=\"auto, (max-width: 118px) 100vw, 118px\" \/><\/a><\/p>\n<p>Super m\u00e9daille d\u2019or pour La Tommette Pur Brebis Pays Basque<br \/>\nUn format tommette attrayant, une texture moelleuse, de gourmands ar\u00f4mes de cr\u00e8me, un \u00e9quilibre lait-terre envo\u00fbtant\u2026<br \/>\nElle a tout bon !<\/p>\n<p>&nbsp;<\/p>\n<p>&nbsp;<\/p>\n<p><a href=\"http:\/\/www.onetik.com\/wp-content\/uploads\/2021\/09\/bleu-des-basques-brebis-3kg.png\"><img loading=\"lazy\" decoding=\"async\" class=\"wp-image-14452 alignleft\" src=\"http:\/\/www.onetik.com\/wp-content\/uploads\/2021\/09\/bleu-des-basques-brebis-3kg.png\" alt=\"\" width=\"251\" height=\"236\" \/><\/a><\/p>\n<p>&nbsp;<\/p>\n<p>M\u00e9daille d\u2019or pour le Bleu des Basques au lait de brebis, une cr\u00e9ation originale d\u2019Onetik, qui f\u00eate ainsi avec brio ses 20 ans !<br \/>\nOn craque pour son m\u00e9lange in\u00e9gal\u00e9 de douceur et de caract\u00e8re. Sa p\u00e2te persill\u00e9e et marbr\u00e9e pr\u00e9sente une texture fondante et une saveur prononc\u00e9e au l\u00e9ger go\u00fbt de brebis, sans agressivit\u00e9.<\/p>\n<p>&nbsp;<\/p>\n<p>&nbsp;<\/p>\n<p>&nbsp;<\/p>\n<p>&nbsp;<\/p>\n<p><a href=\"http:\/\/www.onetik.com\/wp-content\/uploads\/2021\/09\/TOMME-PUR-CHEVRE.jpg\"><img loading=\"lazy\" decoding=\"async\" class=\"wp-image-14458 alignleft\" src=\"http:\/\/www.onetik.com\/wp-content\/uploads\/2021\/09\/TOMME-PUR-CHEVRE.jpg\" alt=\"\" width=\"242\" height=\"225\" srcset=\"https:\/\/www.onetik.com\/wp-content\/uploads\/2021\/09\/TOMME-PUR-CHEVRE.jpg 895w, https:\/\/www.onetik.com\/wp-content\/uploads\/2021\/09\/TOMME-PUR-CHEVRE-300x278.jpg 300w, https:\/\/www.onetik.com\/wp-content\/uploads\/2021\/09\/TOMME-PUR-CHEVRE-768x711.jpg 768w, https:\/\/www.onetik.com\/wp-content\/uploads\/2021\/09\/TOMME-PUR-CHEVRE-382x354.jpg 382w\" sizes=\"auto, (max-width: 242px) 100vw, 242px\" \/><\/a><\/p>\n<p>&nbsp;<\/p>\n<p>M\u00e9daille d\u2019or pour la Tomme Pur Ch\u00e8vre<br \/>\nSa structure bien charpent\u00e9e et son parfum caprin lui conf\u00e8rent un caract\u00e8re rustique fort appr\u00e9ci\u00e9.<\/p>\n<p>&nbsp;<\/p>\n<p>&nbsp;<\/p>\n<p>&nbsp;<\/p>\n<p>&nbsp;<\/p>\n<p>M\u00e9<a href=\"http:\/\/www.onetik.com\/wp-content\/uploads\/2021\/09\/OSSAU-IRATY-LAIT-CRU.jpg\"><img loading=\"lazy\" decoding=\"async\" class=\"wp-image-14455 alignleft\" src=\"http:\/\/www.onetik.com\/wp-content\/uploads\/2021\/09\/OSSAU-IRATY-LAIT-CRU.jpg\" alt=\"\" width=\"251\" height=\"211\" srcset=\"https:\/\/www.onetik.com\/wp-content\/uploads\/2021\/09\/OSSAU-IRATY-LAIT-CRU.jpg 996w, https:\/\/www.onetik.com\/wp-content\/uploads\/2021\/09\/OSSAU-IRATY-LAIT-CRU-300x252.jpg 300w, https:\/\/www.onetik.com\/wp-content\/uploads\/2021\/09\/OSSAU-IRATY-LAIT-CRU-768x646.jpg 768w, https:\/\/www.onetik.com\/wp-content\/uploads\/2021\/09\/OSSAU-IRATY-LAIT-CRU-382x321.jpg 382w\" sizes=\"auto, (max-width: 251px) 100vw, 251px\" \/><\/a>daille d\u2019or pour l\u2019AOP Ossau-Iraty Lait Cru<br \/>\nCe fromage \u00e0 p\u00e2te press\u00e9e non cuite est la fiert\u00e9 des Basques. Affin\u00e9 7 mois, il est fabriqu\u00e9 exclusivement avec les laits de brebis de races<br \/>\nlocales. Il est dot\u00e9 d\u2019une grande richesse aromatique avec une petite dominante de noisette.<\/p>\n<p>&nbsp;<\/p>\n<p>&nbsp;<\/p>\n<p>&nbsp;<\/p>\n<p>&nbsp;<\/p>\n<p>Et aussi :<br \/>\nM\u00e9daille d\u2019argent pour le C\u0153ur Basque<\/p>\n<p>Sa p\u00e2te onctueuse r\u00e9v\u00e8le de d\u00e9licieux ar\u00f4mes sucr\u00e9s. Les cristaux form\u00e9s avec le temps viennent nuancer les parfums de caramel et de caf\u00e9 et prolonger le go\u00fbt du fromage.<\/p>\n<p>M\u00e9daille d\u2019argent pour la Tomme Ch\u00e8vre Brebis<br \/>\nCe fromage, affin\u00e9 plus de 10 mois, pr\u00e9sente une p\u00e2te blanche, fine en bouche, aux d\u00e9licates notes caprines et au l\u00e9ger go\u00fbt de noix.<\/p>\n<p>M\u00e9daille de bronze pour la Tommette Pur Ch\u00e8vre<br \/>\nSa structure est dense et son ar\u00f4me caprin robuste.<\/p>\n<p>M\u00e9daille de bronze pour l\u2019AOP Ossau-Iraty Grande R\u00e9serve<br \/>\nAffin\u00e9 8 mois, ce fromage se distingue par son franc caract\u00e8re. Ses saveurs plus marqu\u00e9es, sa structure plus corpulente lui permettent d\u2019\u00eatre d\u00e9gust\u00e9 nature, sans pain, en bouch\u00e9es.<\/p>\n","protected":false},"excerpt":{"rendered":"<p>Le Mondial du Fromage (5\u00e8me \u00e9dition), qui se tient au Parc Expo Tours du 12 au 14 septembre,est un rendez-vous [&hellip;]<\/p>\n","protected":false},"author":2,"featured_media":14480,"comment_status":"closed","ping_status":"closed","sticky":false,"template":"","format":"standard","meta":{"_acf_changed":false,"footnotes":""},"categories":[1],"tags":[],"class_list":["post-14448","post","type-post","status-publish","format-standard","has-post-thumbnail","hentry","category-cat-actualites"],"acf":[],"yoast_head":"<!-- This site is optimized with the Yoast SEO plugin v27.2 - https:\/\/yoast.com\/product\/yoast-seo-wordpress\/ -->\n<title>La fromagerie Onetik honor\u00e9e par les professionnels de la fili\u00e8re avec 8 m\u00e9dailles au Mondial du Fromage ! - Onetik<\/title>\n<meta name=\"robots\" content=\"index, follow, max-snippet:-1, max-image-preview:large, max-video-preview:-1\" \/>\n<link rel=\"canonical\" href=\"https:\/\/www.onetik.com\/fr\/la-fromagerie-onetik-honoree-par-les-professionnels-de-la-filiere-avec-8-medailles-au-mondial-du-fromage\/\" \/>\n<meta property=\"og:locale\" content=\"fr_FR\" \/>\n<meta property=\"og:type\" content=\"article\" \/>\n<meta property=\"og:title\" content=\"La fromagerie Onetik honor\u00e9e par les professionnels de la fili\u00e8re avec 8 m\u00e9dailles au Mondial du Fromage ! - Onetik\" \/>\n<meta property=\"og:description\" content=\"Le Mondial du Fromage (5\u00e8me \u00e9dition), qui se tient au Parc Expo Tours du 12 au 14 septembre,est un rendez-vous [&hellip;]\" \/>\n<meta property=\"og:url\" content=\"https:\/\/www.onetik.com\/fr\/la-fromagerie-onetik-honoree-par-les-professionnels-de-la-filiere-avec-8-medailles-au-mondial-du-fromage\/\" \/>\n<meta property=\"og:site_name\" content=\"Onetik\" \/>\n<meta property=\"article:published_time\" content=\"2021-09-16T13:43:01+00:00\" \/>\n<meta property=\"article:modified_time\" content=\"2021-10-04T10:55:13+00:00\" \/>\n<meta property=\"og:image\" content=\"https:\/\/www.onetik.com\/wp-content\/uploads\/2021\/09\/BIENVENUE-AUX-MEDAILLES-ONETIK.jpg\" \/>\n\t<meta property=\"og:image:width\" content=\"673\" \/>\n\t<meta property=\"og:image:height\" content=\"641\" \/>\n\t<meta property=\"og:image:type\" content=\"image\/jpeg\" \/>\n<meta name=\"author\" content=\"Onetik\" \/>\n<meta name=\"twitter:card\" content=\"summary_large_image\" \/>\n<meta name=\"twitter:label1\" content=\"\u00c9crit par\" \/>\n\t<meta name=\"twitter:data1\" content=\"Onetik\" \/>\n\t<meta name=\"twitter:label2\" content=\"Dur\u00e9e de lecture estim\u00e9e\" \/>\n\t<meta name=\"twitter:data2\" content=\"2 minutes\" \/>\n<script type=\"application\/ld+json\" class=\"yoast-schema-graph\">{\"@context\":\"https:\/\/schema.org\",\"@graph\":[{\"@type\":\"Article\",\"@id\":\"https:\/\/www.onetik.com\/fr\/la-fromagerie-onetik-honoree-par-les-professionnels-de-la-filiere-avec-8-medailles-au-mondial-du-fromage\/#article\",\"isPartOf\":{\"@id\":\"https:\/\/www.onetik.com\/fr\/la-fromagerie-onetik-honoree-par-les-professionnels-de-la-filiere-avec-8-medailles-au-mondial-du-fromage\/\"},\"author\":{\"name\":\"Onetik\",\"@id\":\"https:\/\/www.onetik.com\/fr\/#\/schema\/person\/fa74a4d6d1e1db6db1a150630fb8a05f\"},\"headline\":\"La fromagerie Onetik honor\u00e9e par les professionnels de la fili\u00e8re avec 8 m\u00e9dailles au Mondial du Fromage !\",\"datePublished\":\"2021-09-16T13:43:01+00:00\",\"dateModified\":\"2021-10-04T10:55:13+00:00\",\"mainEntityOfPage\":{\"@id\":\"https:\/\/www.onetik.com\/fr\/la-fromagerie-onetik-honoree-par-les-professionnels-de-la-filiere-avec-8-medailles-au-mondial-du-fromage\/\"},\"wordCount\":441,\"image\":{\"@id\":\"https:\/\/www.onetik.com\/fr\/la-fromagerie-onetik-honoree-par-les-professionnels-de-la-filiere-avec-8-medailles-au-mondial-du-fromage\/#primaryimage\"},\"thumbnailUrl\":\"https:\/\/www.onetik.com\/wp-content\/uploads\/2021\/09\/BIENVENUE-AUX-MEDAILLES-ONETIK.jpg\",\"articleSection\":[\"Actualit\u00e9s\"],\"inLanguage\":\"fr-FR\"},{\"@type\":\"WebPage\",\"@id\":\"https:\/\/www.onetik.com\/fr\/la-fromagerie-onetik-honoree-par-les-professionnels-de-la-filiere-avec-8-medailles-au-mondial-du-fromage\/\",\"url\":\"https:\/\/www.onetik.com\/fr\/la-fromagerie-onetik-honoree-par-les-professionnels-de-la-filiere-avec-8-medailles-au-mondial-du-fromage\/\",\"name\":\"La fromagerie Onetik honor\u00e9e par les professionnels de la fili\u00e8re avec 8 m\u00e9dailles au Mondial du Fromage ! - Onetik\",\"isPartOf\":{\"@id\":\"https:\/\/www.onetik.com\/fr\/#website\"},\"primaryImageOfPage\":{\"@id\":\"https:\/\/www.onetik.com\/fr\/la-fromagerie-onetik-honoree-par-les-professionnels-de-la-filiere-avec-8-medailles-au-mondial-du-fromage\/#primaryimage\"},\"image\":{\"@id\":\"https:\/\/www.onetik.com\/fr\/la-fromagerie-onetik-honoree-par-les-professionnels-de-la-filiere-avec-8-medailles-au-mondial-du-fromage\/#primaryimage\"},\"thumbnailUrl\":\"https:\/\/www.onetik.com\/wp-content\/uploads\/2021\/09\/BIENVENUE-AUX-MEDAILLES-ONETIK.jpg\",\"datePublished\":\"2021-09-16T13:43:01+00:00\",\"dateModified\":\"2021-10-04T10:55:13+00:00\",\"author\":{\"@id\":\"https:\/\/www.onetik.com\/fr\/#\/schema\/person\/fa74a4d6d1e1db6db1a150630fb8a05f\"},\"breadcrumb\":{\"@id\":\"https:\/\/www.onetik.com\/fr\/la-fromagerie-onetik-honoree-par-les-professionnels-de-la-filiere-avec-8-medailles-au-mondial-du-fromage\/#breadcrumb\"},\"inLanguage\":\"fr-FR\",\"potentialAction\":[{\"@type\":\"ReadAction\",\"target\":[\"https:\/\/www.onetik.com\/fr\/la-fromagerie-onetik-honoree-par-les-professionnels-de-la-filiere-avec-8-medailles-au-mondial-du-fromage\/\"]}]},{\"@type\":\"ImageObject\",\"inLanguage\":\"fr-FR\",\"@id\":\"https:\/\/www.onetik.com\/fr\/la-fromagerie-onetik-honoree-par-les-professionnels-de-la-filiere-avec-8-medailles-au-mondial-du-fromage\/#primaryimage\",\"url\":\"https:\/\/www.onetik.com\/wp-content\/uploads\/2021\/09\/BIENVENUE-AUX-MEDAILLES-ONETIK.jpg\",\"contentUrl\":\"https:\/\/www.onetik.com\/wp-content\/uploads\/2021\/09\/BIENVENUE-AUX-MEDAILLES-ONETIK.jpg\",\"width\":673,\"height\":641},{\"@type\":\"BreadcrumbList\",\"@id\":\"https:\/\/www.onetik.com\/fr\/la-fromagerie-onetik-honoree-par-les-professionnels-de-la-filiere-avec-8-medailles-au-mondial-du-fromage\/#breadcrumb\",\"itemListElement\":[{\"@type\":\"ListItem\",\"position\":1,\"name\":\"Accueil\",\"item\":\"https:\/\/www.onetik.com\/fr\/\"},{\"@type\":\"ListItem\",\"position\":2,\"name\":\"La fromagerie Onetik honor\u00e9e par les professionnels de la fili\u00e8re avec 8 m\u00e9dailles au Mondial du Fromage !\"}]},{\"@type\":\"WebSite\",\"@id\":\"https:\/\/www.onetik.com\/fr\/#website\",\"url\":\"https:\/\/www.onetik.com\/fr\/\",\"name\":\"Onetik\",\"description\":\"La Fromagerie du Pays Basque\",\"potentialAction\":[{\"@type\":\"SearchAction\",\"target\":{\"@type\":\"EntryPoint\",\"urlTemplate\":\"https:\/\/www.onetik.com\/fr\/?s={search_term_string}\"},\"query-input\":{\"@type\":\"PropertyValueSpecification\",\"valueRequired\":true,\"valueName\":\"search_term_string\"}}],\"inLanguage\":\"fr-FR\"},{\"@type\":\"Person\",\"@id\":\"https:\/\/www.onetik.com\/fr\/#\/schema\/person\/fa74a4d6d1e1db6db1a150630fb8a05f\",\"name\":\"Onetik\",\"image\":{\"@type\":\"ImageObject\",\"inLanguage\":\"fr-FR\",\"@id\":\"https:\/\/secure.gravatar.com\/avatar\/3bf095b73e269b37ae5d6b4326a54365bc0ffe5c73fca7e09ec3773196a6ab67?s=96&d=mm&r=g\",\"url\":\"https:\/\/secure.gravatar.com\/avatar\/3bf095b73e269b37ae5d6b4326a54365bc0ffe5c73fca7e09ec3773196a6ab67?s=96&d=mm&r=g\",\"contentUrl\":\"https:\/\/secure.gravatar.com\/avatar\/3bf095b73e269b37ae5d6b4326a54365bc0ffe5c73fca7e09ec3773196a6ab67?s=96&d=mm&r=g\",\"caption\":\"Onetik\"}}]}<\/script>\n<!-- \/ Yoast SEO plugin. -->","yoast_head_json":{"title":"La fromagerie Onetik honor\u00e9e par les professionnels de la fili\u00e8re avec 8 m\u00e9dailles au Mondial du Fromage ! - Onetik","robots":{"index":"index","follow":"follow","max-snippet":"max-snippet:-1","max-image-preview":"max-image-preview:large","max-video-preview":"max-video-preview:-1"},"canonical":"https:\/\/www.onetik.com\/fr\/la-fromagerie-onetik-honoree-par-les-professionnels-de-la-filiere-avec-8-medailles-au-mondial-du-fromage\/","og_locale":"fr_FR","og_type":"article","og_title":"La fromagerie Onetik honor\u00e9e par les professionnels de la fili\u00e8re avec 8 m\u00e9dailles au Mondial du Fromage ! - Onetik","og_description":"Le Mondial du Fromage (5\u00e8me \u00e9dition), qui se tient au Parc Expo Tours du 12 au 14 septembre,est un rendez-vous [&hellip;]","og_url":"https:\/\/www.onetik.com\/fr\/la-fromagerie-onetik-honoree-par-les-professionnels-de-la-filiere-avec-8-medailles-au-mondial-du-fromage\/","og_site_name":"Onetik","article_published_time":"2021-09-16T13:43:01+00:00","article_modified_time":"2021-10-04T10:55:13+00:00","og_image":[{"width":673,"height":641,"url":"https:\/\/www.onetik.com\/wp-content\/uploads\/2021\/09\/BIENVENUE-AUX-MEDAILLES-ONETIK.jpg","type":"image\/jpeg"}],"author":"Onetik","twitter_card":"summary_large_image","twitter_misc":{"\u00c9crit par":"Onetik","Dur\u00e9e de lecture estim\u00e9e":"2 minutes"},"schema":{"@context":"https:\/\/schema.org","@graph":[{"@type":"Article","@id":"https:\/\/www.onetik.com\/fr\/la-fromagerie-onetik-honoree-par-les-professionnels-de-la-filiere-avec-8-medailles-au-mondial-du-fromage\/#article","isPartOf":{"@id":"https:\/\/www.onetik.com\/fr\/la-fromagerie-onetik-honoree-par-les-professionnels-de-la-filiere-avec-8-medailles-au-mondial-du-fromage\/"},"author":{"name":"Onetik","@id":"https:\/\/www.onetik.com\/fr\/#\/schema\/person\/fa74a4d6d1e1db6db1a150630fb8a05f"},"headline":"La fromagerie Onetik honor\u00e9e par les professionnels de la fili\u00e8re avec 8 m\u00e9dailles au Mondial du Fromage !","datePublished":"2021-09-16T13:43:01+00:00","dateModified":"2021-10-04T10:55:13+00:00","mainEntityOfPage":{"@id":"https:\/\/www.onetik.com\/fr\/la-fromagerie-onetik-honoree-par-les-professionnels-de-la-filiere-avec-8-medailles-au-mondial-du-fromage\/"},"wordCount":441,"image":{"@id":"https:\/\/www.onetik.com\/fr\/la-fromagerie-onetik-honoree-par-les-professionnels-de-la-filiere-avec-8-medailles-au-mondial-du-fromage\/#primaryimage"},"thumbnailUrl":"https:\/\/www.onetik.com\/wp-content\/uploads\/2021\/09\/BIENVENUE-AUX-MEDAILLES-ONETIK.jpg","articleSection":["Actualit\u00e9s"],"inLanguage":"fr-FR"},{"@type":"WebPage","@id":"https:\/\/www.onetik.com\/fr\/la-fromagerie-onetik-honoree-par-les-professionnels-de-la-filiere-avec-8-medailles-au-mondial-du-fromage\/","url":"https:\/\/www.onetik.com\/fr\/la-fromagerie-onetik-honoree-par-les-professionnels-de-la-filiere-avec-8-medailles-au-mondial-du-fromage\/","name":"La fromagerie Onetik honor\u00e9e par les professionnels de la fili\u00e8re avec 8 m\u00e9dailles au Mondial du Fromage ! - Onetik","isPartOf":{"@id":"https:\/\/www.onetik.com\/fr\/#website"},"primaryImageOfPage":{"@id":"https:\/\/www.onetik.com\/fr\/la-fromagerie-onetik-honoree-par-les-professionnels-de-la-filiere-avec-8-medailles-au-mondial-du-fromage\/#primaryimage"},"image":{"@id":"https:\/\/www.onetik.com\/fr\/la-fromagerie-onetik-honoree-par-les-professionnels-de-la-filiere-avec-8-medailles-au-mondial-du-fromage\/#primaryimage"},"thumbnailUrl":"https:\/\/www.onetik.com\/wp-content\/uploads\/2021\/09\/BIENVENUE-AUX-MEDAILLES-ONETIK.jpg","datePublished":"2021-09-16T13:43:01+00:00","dateModified":"2021-10-04T10:55:13+00:00","author":{"@id":"https:\/\/www.onetik.com\/fr\/#\/schema\/person\/fa74a4d6d1e1db6db1a150630fb8a05f"},"breadcrumb":{"@id":"https:\/\/www.onetik.com\/fr\/la-fromagerie-onetik-honoree-par-les-professionnels-de-la-filiere-avec-8-medailles-au-mondial-du-fromage\/#breadcrumb"},"inLanguage":"fr-FR","potentialAction":[{"@type":"ReadAction","target":["https:\/\/www.onetik.com\/fr\/la-fromagerie-onetik-honoree-par-les-professionnels-de-la-filiere-avec-8-medailles-au-mondial-du-fromage\/"]}]},{"@type":"ImageObject","inLanguage":"fr-FR","@id":"https:\/\/www.onetik.com\/fr\/la-fromagerie-onetik-honoree-par-les-professionnels-de-la-filiere-avec-8-medailles-au-mondial-du-fromage\/#primaryimage","url":"https:\/\/www.onetik.com\/wp-content\/uploads\/2021\/09\/BIENVENUE-AUX-MEDAILLES-ONETIK.jpg","contentUrl":"https:\/\/www.onetik.com\/wp-content\/uploads\/2021\/09\/BIENVENUE-AUX-MEDAILLES-ONETIK.jpg","width":673,"height":641},{"@type":"BreadcrumbList","@id":"https:\/\/www.onetik.com\/fr\/la-fromagerie-onetik-honoree-par-les-professionnels-de-la-filiere-avec-8-medailles-au-mondial-du-fromage\/#breadcrumb","itemListElement":[{"@type":"ListItem","position":1,"name":"Accueil","item":"https:\/\/www.onetik.com\/fr\/"},{"@type":"ListItem","position":2,"name":"La fromagerie Onetik honor\u00e9e par les professionnels de la fili\u00e8re avec 8 m\u00e9dailles au Mondial du Fromage !"}]},{"@type":"WebSite","@id":"https:\/\/www.onetik.com\/fr\/#website","url":"https:\/\/www.onetik.com\/fr\/","name":"Onetik","description":"La Fromagerie du Pays Basque","potentialAction":[{"@type":"SearchAction","target":{"@type":"EntryPoint","urlTemplate":"https:\/\/www.onetik.com\/fr\/?s={search_term_string}"},"query-input":{"@type":"PropertyValueSpecification","valueRequired":true,"valueName":"search_term_string"}}],"inLanguage":"fr-FR"},{"@type":"Person","@id":"https:\/\/www.onetik.com\/fr\/#\/schema\/person\/fa74a4d6d1e1db6db1a150630fb8a05f","name":"Onetik","image":{"@type":"ImageObject","inLanguage":"fr-FR","@id":"https:\/\/secure.gravatar.com\/avatar\/3bf095b73e269b37ae5d6b4326a54365bc0ffe5c73fca7e09ec3773196a6ab67?s=96&d=mm&r=g","url":"https:\/\/secure.gravatar.com\/avatar\/3bf095b73e269b37ae5d6b4326a54365bc0ffe5c73fca7e09ec3773196a6ab67?s=96&d=mm&r=g","contentUrl":"https:\/\/secure.gravatar.com\/avatar\/3bf095b73e269b37ae5d6b4326a54365bc0ffe5c73fca7e09ec3773196a6ab67?s=96&d=mm&r=g","caption":"Onetik"}}]}},"_links":{"self":[{"href":"https:\/\/www.onetik.com\/fr\/wp-json\/wp\/v2\/posts\/14448","targetHints":{"allow":["GET"]}}],"collection":[{"href":"https:\/\/www.onetik.com\/fr\/wp-json\/wp\/v2\/posts"}],"about":[{"href":"https:\/\/www.onetik.com\/fr\/wp-json\/wp\/v2\/types\/post"}],"author":[{"embeddable":true,"href":"https:\/\/www.onetik.com\/fr\/wp-json\/wp\/v2\/users\/2"}],"replies":[{"embeddable":true,"href":"https:\/\/www.onetik.com\/fr\/wp-json\/wp\/v2\/comments?post=14448"}],"version-history":[{"count":5,"href":"https:\/\/www.onetik.com\/fr\/wp-json\/wp\/v2\/posts\/14448\/revisions"}],"predecessor-version":[{"id":14467,"href":"https:\/\/www.onetik.com\/fr\/wp-json\/wp\/v2\/posts\/14448\/revisions\/14467"}],"wp:featuredmedia":[{"embeddable":true,"href":"https:\/\/www.onetik.com\/fr\/wp-json\/wp\/v2\/media\/14480"}],"wp:attachment":[{"href":"https:\/\/www.onetik.com\/fr\/wp-json\/wp\/v2\/media?parent=14448"}],"wp:term":[{"taxonomy":"category","embeddable":true,"href":"https:\/\/www.onetik.com\/fr\/wp-json\/wp\/v2\/categories?post=14448"},{"taxonomy":"post_tag","embeddable":true,"href":"https:\/\/www.onetik.com\/fr\/wp-json\/wp\/v2\/tags?post=14448"}],"curies":[{"name":"wp","href":"https:\/\/api.w.org\/{rel}","templated":true}]}}