{"id":14437,"date":"2021-08-31T12:22:38","date_gmt":"2021-08-31T12:22:38","guid":{"rendered":"http:\/\/www.onetik.com\/?p=14437"},"modified":"2021-08-31T12:22:38","modified_gmt":"2021-08-31T12:22:38","slug":"les-visites-de-fermes-sont-terminees-pour-cette-annee","status":"publish","type":"post","link":"https:\/\/www.onetik.com\/fr\/les-visites-de-fermes-sont-terminees-pour-cette-annee\/","title":{"rendered":"Les visites de fermes sont termin\u00e9es pour cette ann\u00e9e !"},"content":{"rendered":"<p>Chaque \u00e9t\u00e9, les producteurs de la fromagerie ONETIK vous font d\u00e9couvrir leur troupeau, le chien qui veille sur lui et leurs installations. Ils vous expliquent tout le soin apport\u00e9 \u00e0 l\u2019\u00e9levage pour produire un bon lait qui \u00e0 son tour fera un bon fromage.<\/p>\n<p>Au retour de la visite, une d\u00e9gustation est offerte \u00e0 la boutique, \u00e0 tous les participants.<\/p>\n<p>Cette ann\u00e9e encore, vous avez \u00e9t\u00e9 nombreux \u00e0 venir \u00e0 notre rencontre et nous vous en remercions sinc\u00e8rement ! \ud83d\ude42<\/p>\n<p>Plus d&rsquo;infos sur les visites de ferme ici : <a href=\"https:\/\/www.guide-du-paysbasque.com\/fr\/tourisme\/decouvrir\/artisans-visites-et-ateliers-\/macaye-72\/onetik-3418.html\">https:\/\/www.guide-du-paysbasque.com\/fr\/tourisme\/decouvrir\/artisans-visites-et-ateliers-\/macaye-72\/onetik-3418.html<\/a><\/p>\n","protected":false},"excerpt":{"rendered":"<p>Chaque \u00e9t\u00e9, les producteurs de la fromagerie ONETIK vous font d\u00e9couvrir leur troupeau, le chien qui veille sur lui et [&hellip;]<\/p>\n","protected":false},"author":2,"featured_media":14438,"comment_status":"closed","ping_status":"closed","sticky":false,"template":"","format":"standard","meta":{"_acf_changed":false,"footnotes":""},"categories":[1],"tags":[],"class_list":["post-14437","post","type-post","status-publish","format-standard","has-post-thumbnail","hentry","category-cat-actualites"],"acf":[],"yoast_head":"<!-- This site is optimized with the Yoast SEO plugin v27.2 - https:\/\/yoast.com\/product\/yoast-seo-wordpress\/ -->\n<title>Les visites de fermes sont termin\u00e9es pour cette ann\u00e9e ! - Onetik<\/title>\n<meta name=\"description\" content=\"Chaque \u00e9t\u00e9, les producteurs de la fromagerie ONETIK vous font d\u00e9couvrir leur troupeau, le chien qui veille sur lui et leurs installations.\" \/>\n<meta name=\"robots\" content=\"index, follow, max-snippet:-1, max-image-preview:large, max-video-preview:-1\" \/>\n<link rel=\"canonical\" href=\"https:\/\/www.onetik.com\/fr\/les-visites-de-fermes-sont-terminees-pour-cette-annee\/\" \/>\n<meta property=\"og:locale\" content=\"fr_FR\" \/>\n<meta property=\"og:type\" content=\"article\" \/>\n<meta property=\"og:title\" content=\"Les visites de fermes sont termin\u00e9es pour cette ann\u00e9e ! - Onetik\" \/>\n<meta property=\"og:description\" content=\"Chaque \u00e9t\u00e9, les producteurs de la fromagerie ONETIK vous font d\u00e9couvrir leur troupeau, le chien qui veille sur lui et leurs installations.\" \/>\n<meta property=\"og:url\" content=\"https:\/\/www.onetik.com\/fr\/les-visites-de-fermes-sont-terminees-pour-cette-annee\/\" \/>\n<meta property=\"og:site_name\" content=\"Onetik\" \/>\n<meta property=\"article:published_time\" content=\"2021-08-31T12:22:38+00:00\" \/>\n<meta property=\"og:image\" content=\"https:\/\/www.onetik.com\/wp-content\/uploads\/2021\/08\/IMG_2344-scaled.jpg\" \/>\n\t<meta property=\"og:image:width\" content=\"2560\" \/>\n\t<meta property=\"og:image:height\" content=\"1920\" \/>\n\t<meta property=\"og:image:type\" content=\"image\/jpeg\" \/>\n<meta name=\"author\" content=\"Onetik\" \/>\n<meta name=\"twitter:card\" content=\"summary_large_image\" \/>\n<meta name=\"twitter:label1\" content=\"\u00c9crit par\" \/>\n\t<meta name=\"twitter:data1\" content=\"Onetik\" \/>\n\t<meta name=\"twitter:label2\" content=\"Dur\u00e9e de lecture estim\u00e9e\" \/>\n\t<meta name=\"twitter:data2\" content=\"1 minute\" \/>\n<script type=\"application\/ld+json\" class=\"yoast-schema-graph\">{\"@context\":\"https:\/\/schema.org\",\"@graph\":[{\"@type\":\"Article\",\"@id\":\"https:\/\/www.onetik.com\/fr\/les-visites-de-fermes-sont-terminees-pour-cette-annee\/#article\",\"isPartOf\":{\"@id\":\"https:\/\/www.onetik.com\/fr\/les-visites-de-fermes-sont-terminees-pour-cette-annee\/\"},\"author\":{\"name\":\"Onetik\",\"@id\":\"https:\/\/www.onetik.com\/fr\/#\/schema\/person\/fa74a4d6d1e1db6db1a150630fb8a05f\"},\"headline\":\"Les visites de fermes sont termin\u00e9es pour cette ann\u00e9e !\",\"datePublished\":\"2021-08-31T12:22:38+00:00\",\"mainEntityOfPage\":{\"@id\":\"https:\/\/www.onetik.com\/fr\/les-visites-de-fermes-sont-terminees-pour-cette-annee\/\"},\"wordCount\":107,\"image\":{\"@id\":\"https:\/\/www.onetik.com\/fr\/les-visites-de-fermes-sont-terminees-pour-cette-annee\/#primaryimage\"},\"thumbnailUrl\":\"https:\/\/www.onetik.com\/wp-content\/uploads\/2021\/08\/IMG_2344-scaled.jpg\",\"articleSection\":[\"Actualit\u00e9s\"],\"inLanguage\":\"fr-FR\"},{\"@type\":\"WebPage\",\"@id\":\"https:\/\/www.onetik.com\/fr\/les-visites-de-fermes-sont-terminees-pour-cette-annee\/\",\"url\":\"https:\/\/www.onetik.com\/fr\/les-visites-de-fermes-sont-terminees-pour-cette-annee\/\",\"name\":\"Les visites de fermes sont termin\u00e9es pour cette ann\u00e9e ! - Onetik\",\"isPartOf\":{\"@id\":\"https:\/\/www.onetik.com\/fr\/#website\"},\"primaryImageOfPage\":{\"@id\":\"https:\/\/www.onetik.com\/fr\/les-visites-de-fermes-sont-terminees-pour-cette-annee\/#primaryimage\"},\"image\":{\"@id\":\"https:\/\/www.onetik.com\/fr\/les-visites-de-fermes-sont-terminees-pour-cette-annee\/#primaryimage\"},\"thumbnailUrl\":\"https:\/\/www.onetik.com\/wp-content\/uploads\/2021\/08\/IMG_2344-scaled.jpg\",\"datePublished\":\"2021-08-31T12:22:38+00:00\",\"author\":{\"@id\":\"https:\/\/www.onetik.com\/fr\/#\/schema\/person\/fa74a4d6d1e1db6db1a150630fb8a05f\"},\"description\":\"Chaque \u00e9t\u00e9, les producteurs de la fromagerie ONETIK vous font d\u00e9couvrir leur troupeau, le chien qui veille sur lui et leurs installations.\",\"breadcrumb\":{\"@id\":\"https:\/\/www.onetik.com\/fr\/les-visites-de-fermes-sont-terminees-pour-cette-annee\/#breadcrumb\"},\"inLanguage\":\"fr-FR\",\"potentialAction\":[{\"@type\":\"ReadAction\",\"target\":[\"https:\/\/www.onetik.com\/fr\/les-visites-de-fermes-sont-terminees-pour-cette-annee\/\"]}]},{\"@type\":\"ImageObject\",\"inLanguage\":\"fr-FR\",\"@id\":\"https:\/\/www.onetik.com\/fr\/les-visites-de-fermes-sont-terminees-pour-cette-annee\/#primaryimage\",\"url\":\"https:\/\/www.onetik.com\/wp-content\/uploads\/2021\/08\/IMG_2344-scaled.jpg\",\"contentUrl\":\"https:\/\/www.onetik.com\/wp-content\/uploads\/2021\/08\/IMG_2344-scaled.jpg\",\"width\":2560,\"height\":1920},{\"@type\":\"BreadcrumbList\",\"@id\":\"https:\/\/www.onetik.com\/fr\/les-visites-de-fermes-sont-terminees-pour-cette-annee\/#breadcrumb\",\"itemListElement\":[{\"@type\":\"ListItem\",\"position\":1,\"name\":\"Accueil\",\"item\":\"https:\/\/www.onetik.com\/fr\/\"},{\"@type\":\"ListItem\",\"position\":2,\"name\":\"Les visites de fermes sont termin\u00e9es pour cette ann\u00e9e !\"}]},{\"@type\":\"WebSite\",\"@id\":\"https:\/\/www.onetik.com\/fr\/#website\",\"url\":\"https:\/\/www.onetik.com\/fr\/\",\"name\":\"Onetik\",\"description\":\"La Fromagerie du Pays Basque\",\"potentialAction\":[{\"@type\":\"SearchAction\",\"target\":{\"@type\":\"EntryPoint\",\"urlTemplate\":\"https:\/\/www.onetik.com\/fr\/?s={search_term_string}\"},\"query-input\":{\"@type\":\"PropertyValueSpecification\",\"valueRequired\":true,\"valueName\":\"search_term_string\"}}],\"inLanguage\":\"fr-FR\"},{\"@type\":\"Person\",\"@id\":\"https:\/\/www.onetik.com\/fr\/#\/schema\/person\/fa74a4d6d1e1db6db1a150630fb8a05f\",\"name\":\"Onetik\",\"image\":{\"@type\":\"ImageObject\",\"inLanguage\":\"fr-FR\",\"@id\":\"https:\/\/secure.gravatar.com\/avatar\/3bf095b73e269b37ae5d6b4326a54365bc0ffe5c73fca7e09ec3773196a6ab67?s=96&d=mm&r=g\",\"url\":\"https:\/\/secure.gravatar.com\/avatar\/3bf095b73e269b37ae5d6b4326a54365bc0ffe5c73fca7e09ec3773196a6ab67?s=96&d=mm&r=g\",\"contentUrl\":\"https:\/\/secure.gravatar.com\/avatar\/3bf095b73e269b37ae5d6b4326a54365bc0ffe5c73fca7e09ec3773196a6ab67?s=96&d=mm&r=g\",\"caption\":\"Onetik\"}}]}<\/script>\n<!-- \/ Yoast SEO plugin. -->","yoast_head_json":{"title":"Les visites de fermes sont termin\u00e9es pour cette ann\u00e9e ! - Onetik","description":"Chaque \u00e9t\u00e9, les producteurs de la fromagerie ONETIK vous font d\u00e9couvrir leur troupeau, le chien qui veille sur lui et leurs installations.","robots":{"index":"index","follow":"follow","max-snippet":"max-snippet:-1","max-image-preview":"max-image-preview:large","max-video-preview":"max-video-preview:-1"},"canonical":"https:\/\/www.onetik.com\/fr\/les-visites-de-fermes-sont-terminees-pour-cette-annee\/","og_locale":"fr_FR","og_type":"article","og_title":"Les visites de fermes sont termin\u00e9es pour cette ann\u00e9e ! - Onetik","og_description":"Chaque \u00e9t\u00e9, les producteurs de la fromagerie ONETIK vous font d\u00e9couvrir leur troupeau, le chien qui veille sur lui et leurs installations.","og_url":"https:\/\/www.onetik.com\/fr\/les-visites-de-fermes-sont-terminees-pour-cette-annee\/","og_site_name":"Onetik","article_published_time":"2021-08-31T12:22:38+00:00","og_image":[{"width":2560,"height":1920,"url":"https:\/\/www.onetik.com\/wp-content\/uploads\/2021\/08\/IMG_2344-scaled.jpg","type":"image\/jpeg"}],"author":"Onetik","twitter_card":"summary_large_image","twitter_misc":{"\u00c9crit par":"Onetik","Dur\u00e9e de lecture estim\u00e9e":"1 minute"},"schema":{"@context":"https:\/\/schema.org","@graph":[{"@type":"Article","@id":"https:\/\/www.onetik.com\/fr\/les-visites-de-fermes-sont-terminees-pour-cette-annee\/#article","isPartOf":{"@id":"https:\/\/www.onetik.com\/fr\/les-visites-de-fermes-sont-terminees-pour-cette-annee\/"},"author":{"name":"Onetik","@id":"https:\/\/www.onetik.com\/fr\/#\/schema\/person\/fa74a4d6d1e1db6db1a150630fb8a05f"},"headline":"Les visites de fermes sont termin\u00e9es pour cette ann\u00e9e !","datePublished":"2021-08-31T12:22:38+00:00","mainEntityOfPage":{"@id":"https:\/\/www.onetik.com\/fr\/les-visites-de-fermes-sont-terminees-pour-cette-annee\/"},"wordCount":107,"image":{"@id":"https:\/\/www.onetik.com\/fr\/les-visites-de-fermes-sont-terminees-pour-cette-annee\/#primaryimage"},"thumbnailUrl":"https:\/\/www.onetik.com\/wp-content\/uploads\/2021\/08\/IMG_2344-scaled.jpg","articleSection":["Actualit\u00e9s"],"inLanguage":"fr-FR"},{"@type":"WebPage","@id":"https:\/\/www.onetik.com\/fr\/les-visites-de-fermes-sont-terminees-pour-cette-annee\/","url":"https:\/\/www.onetik.com\/fr\/les-visites-de-fermes-sont-terminees-pour-cette-annee\/","name":"Les visites de fermes sont termin\u00e9es pour cette ann\u00e9e ! - Onetik","isPartOf":{"@id":"https:\/\/www.onetik.com\/fr\/#website"},"primaryImageOfPage":{"@id":"https:\/\/www.onetik.com\/fr\/les-visites-de-fermes-sont-terminees-pour-cette-annee\/#primaryimage"},"image":{"@id":"https:\/\/www.onetik.com\/fr\/les-visites-de-fermes-sont-terminees-pour-cette-annee\/#primaryimage"},"thumbnailUrl":"https:\/\/www.onetik.com\/wp-content\/uploads\/2021\/08\/IMG_2344-scaled.jpg","datePublished":"2021-08-31T12:22:38+00:00","author":{"@id":"https:\/\/www.onetik.com\/fr\/#\/schema\/person\/fa74a4d6d1e1db6db1a150630fb8a05f"},"description":"Chaque \u00e9t\u00e9, les producteurs de la fromagerie ONETIK vous font d\u00e9couvrir leur troupeau, le chien qui veille sur lui et leurs installations.","breadcrumb":{"@id":"https:\/\/www.onetik.com\/fr\/les-visites-de-fermes-sont-terminees-pour-cette-annee\/#breadcrumb"},"inLanguage":"fr-FR","potentialAction":[{"@type":"ReadAction","target":["https:\/\/www.onetik.com\/fr\/les-visites-de-fermes-sont-terminees-pour-cette-annee\/"]}]},{"@type":"ImageObject","inLanguage":"fr-FR","@id":"https:\/\/www.onetik.com\/fr\/les-visites-de-fermes-sont-terminees-pour-cette-annee\/#primaryimage","url":"https:\/\/www.onetik.com\/wp-content\/uploads\/2021\/08\/IMG_2344-scaled.jpg","contentUrl":"https:\/\/www.onetik.com\/wp-content\/uploads\/2021\/08\/IMG_2344-scaled.jpg","width":2560,"height":1920},{"@type":"BreadcrumbList","@id":"https:\/\/www.onetik.com\/fr\/les-visites-de-fermes-sont-terminees-pour-cette-annee\/#breadcrumb","itemListElement":[{"@type":"ListItem","position":1,"name":"Accueil","item":"https:\/\/www.onetik.com\/fr\/"},{"@type":"ListItem","position":2,"name":"Les visites de fermes sont termin\u00e9es pour cette ann\u00e9e !"}]},{"@type":"WebSite","@id":"https:\/\/www.onetik.com\/fr\/#website","url":"https:\/\/www.onetik.com\/fr\/","name":"Onetik","description":"La Fromagerie du Pays Basque","potentialAction":[{"@type":"SearchAction","target":{"@type":"EntryPoint","urlTemplate":"https:\/\/www.onetik.com\/fr\/?s={search_term_string}"},"query-input":{"@type":"PropertyValueSpecification","valueRequired":true,"valueName":"search_term_string"}}],"inLanguage":"fr-FR"},{"@type":"Person","@id":"https:\/\/www.onetik.com\/fr\/#\/schema\/person\/fa74a4d6d1e1db6db1a150630fb8a05f","name":"Onetik","image":{"@type":"ImageObject","inLanguage":"fr-FR","@id":"https:\/\/secure.gravatar.com\/avatar\/3bf095b73e269b37ae5d6b4326a54365bc0ffe5c73fca7e09ec3773196a6ab67?s=96&d=mm&r=g","url":"https:\/\/secure.gravatar.com\/avatar\/3bf095b73e269b37ae5d6b4326a54365bc0ffe5c73fca7e09ec3773196a6ab67?s=96&d=mm&r=g","contentUrl":"https:\/\/secure.gravatar.com\/avatar\/3bf095b73e269b37ae5d6b4326a54365bc0ffe5c73fca7e09ec3773196a6ab67?s=96&d=mm&r=g","caption":"Onetik"}}]}},"_links":{"self":[{"href":"https:\/\/www.onetik.com\/fr\/wp-json\/wp\/v2\/posts\/14437","targetHints":{"allow":["GET"]}}],"collection":[{"href":"https:\/\/www.onetik.com\/fr\/wp-json\/wp\/v2\/posts"}],"about":[{"href":"https:\/\/www.onetik.com\/fr\/wp-json\/wp\/v2\/types\/post"}],"author":[{"embeddable":true,"href":"https:\/\/www.onetik.com\/fr\/wp-json\/wp\/v2\/users\/2"}],"replies":[{"embeddable":true,"href":"https:\/\/www.onetik.com\/fr\/wp-json\/wp\/v2\/comments?post=14437"}],"version-history":[{"count":1,"href":"https:\/\/www.onetik.com\/fr\/wp-json\/wp\/v2\/posts\/14437\/revisions"}],"predecessor-version":[{"id":14441,"href":"https:\/\/www.onetik.com\/fr\/wp-json\/wp\/v2\/posts\/14437\/revisions\/14441"}],"wp:featuredmedia":[{"embeddable":true,"href":"https:\/\/www.onetik.com\/fr\/wp-json\/wp\/v2\/media\/14438"}],"wp:attachment":[{"href":"https:\/\/www.onetik.com\/fr\/wp-json\/wp\/v2\/media?parent=14437"}],"wp:term":[{"taxonomy":"category","embeddable":true,"href":"https:\/\/www.onetik.com\/fr\/wp-json\/wp\/v2\/categories?post=14437"},{"taxonomy":"post_tag","embeddable":true,"href":"https:\/\/www.onetik.com\/fr\/wp-json\/wp\/v2\/tags?post=14437"}],"curies":[{"name":"wp","href":"https:\/\/api.w.org\/{rel}","templated":true}]}}