{"id":14405,"date":"2021-06-25T10:44:13","date_gmt":"2021-06-25T10:44:13","guid":{"rendered":"http:\/\/www.onetik.com\/?p=14405"},"modified":"2021-06-25T10:44:27","modified_gmt":"2021-06-25T10:44:27","slug":"la-saison-des-visites-de-ferme-est-lancee","status":"publish","type":"post","link":"https:\/\/www.onetik.com\/fr\/la-saison-des-visites-de-ferme-est-lancee\/","title":{"rendered":"La saison des visites de ferme est lanc\u00e9e !"},"content":{"rendered":"<p><span data-id=\"4108942122466190889\" data-is-visible=\"false\" data-ved=\"0CAAQy_oBahcKEwiQ6-a7x7LxAhUAAAAAHQAAAAAQGw\"><span class=\"A5yTVb\">Du 1er juillet au 26 ao\u00fbt 2021, venez \u00e0 la rencontre de nos \u00e9leveurs !\u00a0<\/span><\/span><\/p>\n<p><span data-id=\"4108942122466190889\" data-is-visible=\"false\" data-ved=\"0CAAQy_oBahcKEwiQ6-a7x7LxAhUAAAAAHQAAAAAQGw\"><span class=\"A5yTVb\"> Nous vous accueillons gratuitement (sur r\u00e9servation), tous les jeudis \u00e0 10H pour vous faire d\u00e9couvrir le savoir faire de nos producteurs. <\/span><\/span><\/p>\n<p><span data-id=\"4108942122466190889\" data-is-visible=\"false\" data-ved=\"0CAAQy_oBahcKEwiQ6-a7x7LxAhUAAAAAHQAAAAAQGw\"><span class=\"A5yTVb\">La visite de la ferme vous r\u00e9v\u00e9lera les diff\u00e9rentes techniques et \u00e9tapes n\u00e9cessaires \u00e0 l\u2019\u00e9laboration du lait. <\/span><\/span><\/p>\n<p><span data-id=\"4108942122466190889\" data-is-visible=\"false\" data-ved=\"0CAAQy_oBahcKEwiQ6-a7x7LxAhUAAAAAHQAAAAAQGw\"><span class=\"A5yTVb\">Pour finir, une d\u00e9gustation de nos fromages vous sera offerte, afin que chacun garde en m\u00e9moire le bon go\u00fbt du Pays-basque. <\/span><\/span><\/p>\n<p><span data-id=\"4108942122466190889\" data-is-visible=\"false\" data-ved=\"0CAAQy_oBahcKEwiQ6-a7x7LxAhUAAAAAHQAAAAAQGw\"><span class=\"A5yTVb\">Visite &amp; d\u00e9gustation gratuite (sur r\u00e9servation) &amp; produits en vente direct au magasin. <\/span><\/span><\/p>\n<p><span data-id=\"4108942122466190889\" data-is-visible=\"false\" data-ved=\"0CAAQy_oBahcKEwiQ6-a7x7LxAhUAAAAAHQAAAAAQGw\"><span class=\"A5yTVb\">Si vous ne r\u00e9servez pas, la visite est payante sur place (2\u20ac\/personne) et gratuite pour les enfants.<\/span><\/span><\/p>\n<p><span data-id=\"4108942122466190889\" data-is-visible=\"false\" data-ved=\"0CAAQy_oBahcKEwiQ6-a7x7LxAhUAAAAAHQAAAAAQGw\"><span class=\"A5yTVb\"> Le tout dans le respect des r\u00e8gles sanitaires en vigueur.<\/span><\/span><\/p>\n","protected":false},"excerpt":{"rendered":"<p>Du 1er juillet au 26 ao\u00fbt 2021, venez \u00e0 la rencontre de nos \u00e9leveurs !\u00a0 Nous vous accueillons gratuitement (sur [&hellip;]<\/p>\n","protected":false},"author":2,"featured_media":14406,"comment_status":"closed","ping_status":"closed","sticky":false,"template":"","format":"standard","meta":{"_acf_changed":false,"footnotes":""},"categories":[1],"tags":[],"class_list":["post-14405","post","type-post","status-publish","format-standard","has-post-thumbnail","hentry","category-cat-actualites"],"acf":[],"yoast_head":"<!-- This site is optimized with the Yoast SEO plugin v27.2 - https:\/\/yoast.com\/product\/yoast-seo-wordpress\/ -->\n<title>La saison des visites de ferme est lanc\u00e9e ! - Onetik<\/title>\n<meta name=\"description\" content=\"La visite de la ferme vous r\u00e9v\u00e9lera les diff\u00e9rentes techniques et \u00e9tapes n\u00e9cessaires \u00e0 l\u2019\u00e9laboration du lait. Pour finir, une d\u00e9gustation de nos fromages vous sera offerte, afin que chacun garde en m\u00e9moire le bon go\u00fbt du Pays-basque.\" \/>\n<meta name=\"robots\" content=\"index, follow, max-snippet:-1, max-image-preview:large, max-video-preview:-1\" \/>\n<link rel=\"canonical\" href=\"https:\/\/www.onetik.com\/fr\/la-saison-des-visites-de-ferme-est-lancee\/\" \/>\n<meta property=\"og:locale\" content=\"fr_FR\" \/>\n<meta property=\"og:type\" content=\"article\" \/>\n<meta property=\"og:title\" content=\"La saison des visites de ferme est lanc\u00e9e ! - Onetik\" \/>\n<meta property=\"og:description\" content=\"La visite de la ferme vous r\u00e9v\u00e9lera les diff\u00e9rentes techniques et \u00e9tapes n\u00e9cessaires \u00e0 l\u2019\u00e9laboration du lait. Pour finir, une d\u00e9gustation de nos fromages vous sera offerte, afin que chacun garde en m\u00e9moire le bon go\u00fbt du Pays-basque.\" \/>\n<meta property=\"og:url\" content=\"https:\/\/www.onetik.com\/fr\/la-saison-des-visites-de-ferme-est-lancee\/\" \/>\n<meta property=\"og:site_name\" content=\"Onetik\" \/>\n<meta property=\"article:published_time\" content=\"2021-06-25T10:44:13+00:00\" \/>\n<meta property=\"article:modified_time\" content=\"2021-06-25T10:44:27+00:00\" \/>\n<meta property=\"og:image\" content=\"https:\/\/www.onetik.com\/wp-content\/uploads\/2021\/06\/reservez-votre-visite-a-la-ferme-1.png\" \/>\n\t<meta property=\"og:image:width\" content=\"1080\" \/>\n\t<meta property=\"og:image:height\" content=\"1080\" \/>\n\t<meta property=\"og:image:type\" content=\"image\/png\" \/>\n<meta name=\"author\" content=\"Onetik\" \/>\n<meta name=\"twitter:card\" content=\"summary_large_image\" \/>\n<meta name=\"twitter:label1\" content=\"\u00c9crit par\" \/>\n\t<meta name=\"twitter:data1\" content=\"Onetik\" \/>\n\t<meta name=\"twitter:label2\" content=\"Dur\u00e9e de lecture estim\u00e9e\" \/>\n\t<meta name=\"twitter:data2\" content=\"1 minute\" \/>\n<script type=\"application\/ld+json\" class=\"yoast-schema-graph\">{\"@context\":\"https:\/\/schema.org\",\"@graph\":[{\"@type\":\"Article\",\"@id\":\"https:\/\/www.onetik.com\/fr\/la-saison-des-visites-de-ferme-est-lancee\/#article\",\"isPartOf\":{\"@id\":\"https:\/\/www.onetik.com\/fr\/la-saison-des-visites-de-ferme-est-lancee\/\"},\"author\":{\"name\":\"Onetik\",\"@id\":\"https:\/\/www.onetik.com\/fr\/#\/schema\/person\/fa74a4d6d1e1db6db1a150630fb8a05f\"},\"headline\":\"La saison des visites de ferme est lanc\u00e9e !\",\"datePublished\":\"2021-06-25T10:44:13+00:00\",\"dateModified\":\"2021-06-25T10:44:27+00:00\",\"mainEntityOfPage\":{\"@id\":\"https:\/\/www.onetik.com\/fr\/la-saison-des-visites-de-ferme-est-lancee\/\"},\"wordCount\":132,\"image\":{\"@id\":\"https:\/\/www.onetik.com\/fr\/la-saison-des-visites-de-ferme-est-lancee\/#primaryimage\"},\"thumbnailUrl\":\"https:\/\/www.onetik.com\/wp-content\/uploads\/2021\/06\/reservez-votre-visite-a-la-ferme-1.png\",\"articleSection\":[\"Actualit\u00e9s\"],\"inLanguage\":\"fr-FR\"},{\"@type\":\"WebPage\",\"@id\":\"https:\/\/www.onetik.com\/fr\/la-saison-des-visites-de-ferme-est-lancee\/\",\"url\":\"https:\/\/www.onetik.com\/fr\/la-saison-des-visites-de-ferme-est-lancee\/\",\"name\":\"La saison des visites de ferme est lanc\u00e9e ! - Onetik\",\"isPartOf\":{\"@id\":\"https:\/\/www.onetik.com\/fr\/#website\"},\"primaryImageOfPage\":{\"@id\":\"https:\/\/www.onetik.com\/fr\/la-saison-des-visites-de-ferme-est-lancee\/#primaryimage\"},\"image\":{\"@id\":\"https:\/\/www.onetik.com\/fr\/la-saison-des-visites-de-ferme-est-lancee\/#primaryimage\"},\"thumbnailUrl\":\"https:\/\/www.onetik.com\/wp-content\/uploads\/2021\/06\/reservez-votre-visite-a-la-ferme-1.png\",\"datePublished\":\"2021-06-25T10:44:13+00:00\",\"dateModified\":\"2021-06-25T10:44:27+00:00\",\"author\":{\"@id\":\"https:\/\/www.onetik.com\/fr\/#\/schema\/person\/fa74a4d6d1e1db6db1a150630fb8a05f\"},\"description\":\"La visite de la ferme vous r\u00e9v\u00e9lera les diff\u00e9rentes techniques et \u00e9tapes n\u00e9cessaires \u00e0 l\u2019\u00e9laboration du lait. Pour finir, une d\u00e9gustation de nos fromages vous sera offerte, afin que chacun garde en m\u00e9moire le bon go\u00fbt du Pays-basque.\",\"breadcrumb\":{\"@id\":\"https:\/\/www.onetik.com\/fr\/la-saison-des-visites-de-ferme-est-lancee\/#breadcrumb\"},\"inLanguage\":\"fr-FR\",\"potentialAction\":[{\"@type\":\"ReadAction\",\"target\":[\"https:\/\/www.onetik.com\/fr\/la-saison-des-visites-de-ferme-est-lancee\/\"]}]},{\"@type\":\"ImageObject\",\"inLanguage\":\"fr-FR\",\"@id\":\"https:\/\/www.onetik.com\/fr\/la-saison-des-visites-de-ferme-est-lancee\/#primaryimage\",\"url\":\"https:\/\/www.onetik.com\/wp-content\/uploads\/2021\/06\/reservez-votre-visite-a-la-ferme-1.png\",\"contentUrl\":\"https:\/\/www.onetik.com\/wp-content\/uploads\/2021\/06\/reservez-votre-visite-a-la-ferme-1.png\",\"width\":1080,\"height\":1080},{\"@type\":\"BreadcrumbList\",\"@id\":\"https:\/\/www.onetik.com\/fr\/la-saison-des-visites-de-ferme-est-lancee\/#breadcrumb\",\"itemListElement\":[{\"@type\":\"ListItem\",\"position\":1,\"name\":\"Accueil\",\"item\":\"https:\/\/www.onetik.com\/fr\/\"},{\"@type\":\"ListItem\",\"position\":2,\"name\":\"La saison des visites de ferme est lanc\u00e9e !\"}]},{\"@type\":\"WebSite\",\"@id\":\"https:\/\/www.onetik.com\/fr\/#website\",\"url\":\"https:\/\/www.onetik.com\/fr\/\",\"name\":\"Onetik\",\"description\":\"La Fromagerie du Pays Basque\",\"potentialAction\":[{\"@type\":\"SearchAction\",\"target\":{\"@type\":\"EntryPoint\",\"urlTemplate\":\"https:\/\/www.onetik.com\/fr\/?s={search_term_string}\"},\"query-input\":{\"@type\":\"PropertyValueSpecification\",\"valueRequired\":true,\"valueName\":\"search_term_string\"}}],\"inLanguage\":\"fr-FR\"},{\"@type\":\"Person\",\"@id\":\"https:\/\/www.onetik.com\/fr\/#\/schema\/person\/fa74a4d6d1e1db6db1a150630fb8a05f\",\"name\":\"Onetik\",\"image\":{\"@type\":\"ImageObject\",\"inLanguage\":\"fr-FR\",\"@id\":\"https:\/\/secure.gravatar.com\/avatar\/3bf095b73e269b37ae5d6b4326a54365bc0ffe5c73fca7e09ec3773196a6ab67?s=96&d=mm&r=g\",\"url\":\"https:\/\/secure.gravatar.com\/avatar\/3bf095b73e269b37ae5d6b4326a54365bc0ffe5c73fca7e09ec3773196a6ab67?s=96&d=mm&r=g\",\"contentUrl\":\"https:\/\/secure.gravatar.com\/avatar\/3bf095b73e269b37ae5d6b4326a54365bc0ffe5c73fca7e09ec3773196a6ab67?s=96&d=mm&r=g\",\"caption\":\"Onetik\"}}]}<\/script>\n<!-- \/ Yoast SEO plugin. -->","yoast_head_json":{"title":"La saison des visites de ferme est lanc\u00e9e ! - Onetik","description":"La visite de la ferme vous r\u00e9v\u00e9lera les diff\u00e9rentes techniques et \u00e9tapes n\u00e9cessaires \u00e0 l\u2019\u00e9laboration du lait. Pour finir, une d\u00e9gustation de nos fromages vous sera offerte, afin que chacun garde en m\u00e9moire le bon go\u00fbt du Pays-basque.","robots":{"index":"index","follow":"follow","max-snippet":"max-snippet:-1","max-image-preview":"max-image-preview:large","max-video-preview":"max-video-preview:-1"},"canonical":"https:\/\/www.onetik.com\/fr\/la-saison-des-visites-de-ferme-est-lancee\/","og_locale":"fr_FR","og_type":"article","og_title":"La saison des visites de ferme est lanc\u00e9e ! - Onetik","og_description":"La visite de la ferme vous r\u00e9v\u00e9lera les diff\u00e9rentes techniques et \u00e9tapes n\u00e9cessaires \u00e0 l\u2019\u00e9laboration du lait. Pour finir, une d\u00e9gustation de nos fromages vous sera offerte, afin que chacun garde en m\u00e9moire le bon go\u00fbt du Pays-basque.","og_url":"https:\/\/www.onetik.com\/fr\/la-saison-des-visites-de-ferme-est-lancee\/","og_site_name":"Onetik","article_published_time":"2021-06-25T10:44:13+00:00","article_modified_time":"2021-06-25T10:44:27+00:00","og_image":[{"width":1080,"height":1080,"url":"https:\/\/www.onetik.com\/wp-content\/uploads\/2021\/06\/reservez-votre-visite-a-la-ferme-1.png","type":"image\/png"}],"author":"Onetik","twitter_card":"summary_large_image","twitter_misc":{"\u00c9crit par":"Onetik","Dur\u00e9e de lecture estim\u00e9e":"1 minute"},"schema":{"@context":"https:\/\/schema.org","@graph":[{"@type":"Article","@id":"https:\/\/www.onetik.com\/fr\/la-saison-des-visites-de-ferme-est-lancee\/#article","isPartOf":{"@id":"https:\/\/www.onetik.com\/fr\/la-saison-des-visites-de-ferme-est-lancee\/"},"author":{"name":"Onetik","@id":"https:\/\/www.onetik.com\/fr\/#\/schema\/person\/fa74a4d6d1e1db6db1a150630fb8a05f"},"headline":"La saison des visites de ferme est lanc\u00e9e !","datePublished":"2021-06-25T10:44:13+00:00","dateModified":"2021-06-25T10:44:27+00:00","mainEntityOfPage":{"@id":"https:\/\/www.onetik.com\/fr\/la-saison-des-visites-de-ferme-est-lancee\/"},"wordCount":132,"image":{"@id":"https:\/\/www.onetik.com\/fr\/la-saison-des-visites-de-ferme-est-lancee\/#primaryimage"},"thumbnailUrl":"https:\/\/www.onetik.com\/wp-content\/uploads\/2021\/06\/reservez-votre-visite-a-la-ferme-1.png","articleSection":["Actualit\u00e9s"],"inLanguage":"fr-FR"},{"@type":"WebPage","@id":"https:\/\/www.onetik.com\/fr\/la-saison-des-visites-de-ferme-est-lancee\/","url":"https:\/\/www.onetik.com\/fr\/la-saison-des-visites-de-ferme-est-lancee\/","name":"La saison des visites de ferme est lanc\u00e9e ! - Onetik","isPartOf":{"@id":"https:\/\/www.onetik.com\/fr\/#website"},"primaryImageOfPage":{"@id":"https:\/\/www.onetik.com\/fr\/la-saison-des-visites-de-ferme-est-lancee\/#primaryimage"},"image":{"@id":"https:\/\/www.onetik.com\/fr\/la-saison-des-visites-de-ferme-est-lancee\/#primaryimage"},"thumbnailUrl":"https:\/\/www.onetik.com\/wp-content\/uploads\/2021\/06\/reservez-votre-visite-a-la-ferme-1.png","datePublished":"2021-06-25T10:44:13+00:00","dateModified":"2021-06-25T10:44:27+00:00","author":{"@id":"https:\/\/www.onetik.com\/fr\/#\/schema\/person\/fa74a4d6d1e1db6db1a150630fb8a05f"},"description":"La visite de la ferme vous r\u00e9v\u00e9lera les diff\u00e9rentes techniques et \u00e9tapes n\u00e9cessaires \u00e0 l\u2019\u00e9laboration du lait. Pour finir, une d\u00e9gustation de nos fromages vous sera offerte, afin que chacun garde en m\u00e9moire le bon go\u00fbt du Pays-basque.","breadcrumb":{"@id":"https:\/\/www.onetik.com\/fr\/la-saison-des-visites-de-ferme-est-lancee\/#breadcrumb"},"inLanguage":"fr-FR","potentialAction":[{"@type":"ReadAction","target":["https:\/\/www.onetik.com\/fr\/la-saison-des-visites-de-ferme-est-lancee\/"]}]},{"@type":"ImageObject","inLanguage":"fr-FR","@id":"https:\/\/www.onetik.com\/fr\/la-saison-des-visites-de-ferme-est-lancee\/#primaryimage","url":"https:\/\/www.onetik.com\/wp-content\/uploads\/2021\/06\/reservez-votre-visite-a-la-ferme-1.png","contentUrl":"https:\/\/www.onetik.com\/wp-content\/uploads\/2021\/06\/reservez-votre-visite-a-la-ferme-1.png","width":1080,"height":1080},{"@type":"BreadcrumbList","@id":"https:\/\/www.onetik.com\/fr\/la-saison-des-visites-de-ferme-est-lancee\/#breadcrumb","itemListElement":[{"@type":"ListItem","position":1,"name":"Accueil","item":"https:\/\/www.onetik.com\/fr\/"},{"@type":"ListItem","position":2,"name":"La saison des visites de ferme est lanc\u00e9e !"}]},{"@type":"WebSite","@id":"https:\/\/www.onetik.com\/fr\/#website","url":"https:\/\/www.onetik.com\/fr\/","name":"Onetik","description":"La Fromagerie du Pays Basque","potentialAction":[{"@type":"SearchAction","target":{"@type":"EntryPoint","urlTemplate":"https:\/\/www.onetik.com\/fr\/?s={search_term_string}"},"query-input":{"@type":"PropertyValueSpecification","valueRequired":true,"valueName":"search_term_string"}}],"inLanguage":"fr-FR"},{"@type":"Person","@id":"https:\/\/www.onetik.com\/fr\/#\/schema\/person\/fa74a4d6d1e1db6db1a150630fb8a05f","name":"Onetik","image":{"@type":"ImageObject","inLanguage":"fr-FR","@id":"https:\/\/secure.gravatar.com\/avatar\/3bf095b73e269b37ae5d6b4326a54365bc0ffe5c73fca7e09ec3773196a6ab67?s=96&d=mm&r=g","url":"https:\/\/secure.gravatar.com\/avatar\/3bf095b73e269b37ae5d6b4326a54365bc0ffe5c73fca7e09ec3773196a6ab67?s=96&d=mm&r=g","contentUrl":"https:\/\/secure.gravatar.com\/avatar\/3bf095b73e269b37ae5d6b4326a54365bc0ffe5c73fca7e09ec3773196a6ab67?s=96&d=mm&r=g","caption":"Onetik"}}]}},"_links":{"self":[{"href":"https:\/\/www.onetik.com\/fr\/wp-json\/wp\/v2\/posts\/14405","targetHints":{"allow":["GET"]}}],"collection":[{"href":"https:\/\/www.onetik.com\/fr\/wp-json\/wp\/v2\/posts"}],"about":[{"href":"https:\/\/www.onetik.com\/fr\/wp-json\/wp\/v2\/types\/post"}],"author":[{"embeddable":true,"href":"https:\/\/www.onetik.com\/fr\/wp-json\/wp\/v2\/users\/2"}],"replies":[{"embeddable":true,"href":"https:\/\/www.onetik.com\/fr\/wp-json\/wp\/v2\/comments?post=14405"}],"version-history":[{"count":1,"href":"https:\/\/www.onetik.com\/fr\/wp-json\/wp\/v2\/posts\/14405\/revisions"}],"predecessor-version":[{"id":14409,"href":"https:\/\/www.onetik.com\/fr\/wp-json\/wp\/v2\/posts\/14405\/revisions\/14409"}],"wp:featuredmedia":[{"embeddable":true,"href":"https:\/\/www.onetik.com\/fr\/wp-json\/wp\/v2\/media\/14406"}],"wp:attachment":[{"href":"https:\/\/www.onetik.com\/fr\/wp-json\/wp\/v2\/media?parent=14405"}],"wp:term":[{"taxonomy":"category","embeddable":true,"href":"https:\/\/www.onetik.com\/fr\/wp-json\/wp\/v2\/categories?post=14405"},{"taxonomy":"post_tag","embeddable":true,"href":"https:\/\/www.onetik.com\/fr\/wp-json\/wp\/v2\/tags?post=14405"}],"curies":[{"name":"wp","href":"https:\/\/api.w.org\/{rel}","templated":true}]}}