{"id":14329,"date":"2021-03-02T15:50:27","date_gmt":"2021-03-02T15:50:27","guid":{"rendered":"http:\/\/www.onetik.com\/?p=14329"},"modified":"2021-03-02T15:50:43","modified_gmt":"2021-03-02T15:50:43","slug":"onetik-au-jt-de-13h-sur-france-2-le-2-mars","status":"publish","type":"post","link":"https:\/\/www.onetik.com\/fr\/onetik-au-jt-de-13h-sur-france-2-le-2-mars\/","title":{"rendered":"Onetik au JT de 13h sur FRANCE 2 le 2 mars !"},"content":{"rendered":"<p style=\"text-align: center;\">A l&rsquo;occasion d&rsquo;un tournage sur le sujet de l&rsquo;Ossau Iraty, retrouvez nous au journal du 13h sur FRANCE 2 !<\/p>\n<p style=\"text-align: center;\">A travers ce reportage, vous d\u00e9couvrirez le m\u00e9tier d&rsquo;un \u00e9leveur de brebis manex t\u00eate rousse au quotidien, ainsi que les contraintes \u00e0 respecter pour \u00eatre conforme au cahier des charges d&rsquo;une AOP.Ensuite, vous \u00e9couterez le t\u00e9moignage de Kayet Gastellu et visionnerez le savoir faire des hommes et des femmes d&rsquo;ONETIK qui permettent \u00e0 nos fromages d&rsquo;obtenir ce go\u00fbt unique !<\/p>\n<p style=\"text-align: center;\"><a href=\"https:\/\/www.france.tv\/france-2\/journal-13h00\/2278765-edition-du-mardi-2-mars-2021.html\">Cliquez ici pour d\u00e9couvrir ce reportage en replay<\/a><\/p>\n<p style=\"text-align: center;\">Onetik \u00e0 partir de la 29i\u00e8me minute du reportage !<\/p>\n<p><a href=\"http:\/\/www.onetik.com\/wp-content\/uploads\/2021\/03\/passage-TV-ONETIK.png\"><img loading=\"lazy\" decoding=\"async\" class=\"aligncenter wp-image-14333\" src=\"http:\/\/www.onetik.com\/wp-content\/uploads\/2021\/03\/passage-TV-ONETIK.png\" alt=\"\" width=\"1077\" height=\"573\" srcset=\"https:\/\/www.onetik.com\/wp-content\/uploads\/2021\/03\/passage-TV-ONETIK.png 1848w, https:\/\/www.onetik.com\/wp-content\/uploads\/2021\/03\/passage-TV-ONETIK-300x160.png 300w, https:\/\/www.onetik.com\/wp-content\/uploads\/2021\/03\/passage-TV-ONETIK-1024x545.png 1024w, https:\/\/www.onetik.com\/wp-content\/uploads\/2021\/03\/passage-TV-ONETIK-768x409.png 768w, https:\/\/www.onetik.com\/wp-content\/uploads\/2021\/03\/passage-TV-ONETIK-1536x817.png 1536w, https:\/\/www.onetik.com\/wp-content\/uploads\/2021\/03\/passage-TV-ONETIK-382x203.png 382w\" sizes=\"auto, (max-width: 1077px) 100vw, 1077px\" \/><\/a><\/p>\n","protected":false},"excerpt":{"rendered":"<p>A l&rsquo;occasion d&rsquo;un tournage sur le sujet de l&rsquo;Ossau Iraty, retrouvez nous au journal du 13h sur FRANCE 2 ! [&hellip;]<\/p>\n","protected":false},"author":2,"featured_media":14336,"comment_status":"closed","ping_status":"closed","sticky":false,"template":"","format":"standard","meta":{"_acf_changed":false,"footnotes":""},"categories":[1],"tags":[],"class_list":["post-14329","post","type-post","status-publish","format-standard","has-post-thumbnail","hentry","category-cat-actualites"],"acf":[],"yoast_head":"<!-- This site is optimized with the Yoast SEO plugin v27.2 - https:\/\/yoast.com\/product\/yoast-seo-wordpress\/ -->\n<title>Onetik au JT de 13h sur FRANCE 2 le 2 mars ! - Onetik<\/title>\n<meta name=\"description\" content=\"Onetik sur FRANCE 2 au 13 h ! A travers ce reportage, vous d\u00e9couvrirez le m\u00e9tier d&#039;un \u00e9leveur de brebis manex t\u00eate rousse au quotidien !\" \/>\n<meta name=\"robots\" content=\"index, follow, max-snippet:-1, max-image-preview:large, max-video-preview:-1\" \/>\n<link rel=\"canonical\" href=\"https:\/\/www.onetik.com\/fr\/onetik-au-jt-de-13h-sur-france-2-le-2-mars\/\" \/>\n<meta property=\"og:locale\" content=\"fr_FR\" \/>\n<meta property=\"og:type\" content=\"article\" \/>\n<meta property=\"og:title\" content=\"Onetik au JT de 13h sur FRANCE 2 le 2 mars ! - Onetik\" \/>\n<meta property=\"og:description\" content=\"Onetik sur FRANCE 2 au 13 h ! A travers ce reportage, vous d\u00e9couvrirez le m\u00e9tier d&#039;un \u00e9leveur de brebis manex t\u00eate rousse au quotidien !\" \/>\n<meta property=\"og:url\" content=\"https:\/\/www.onetik.com\/fr\/onetik-au-jt-de-13h-sur-france-2-le-2-mars\/\" \/>\n<meta property=\"og:site_name\" content=\"Onetik\" \/>\n<meta property=\"article:published_time\" content=\"2021-03-02T15:50:27+00:00\" \/>\n<meta property=\"article:modified_time\" content=\"2021-03-02T15:50:43+00:00\" \/>\n<meta property=\"og:image\" content=\"https:\/\/www.onetik.com\/wp-content\/uploads\/2021\/03\/Sans-titre58.png\" \/>\n\t<meta property=\"og:image:width\" content=\"1080\" \/>\n\t<meta property=\"og:image:height\" content=\"1080\" \/>\n\t<meta property=\"og:image:type\" content=\"image\/png\" \/>\n<meta name=\"author\" content=\"Onetik\" \/>\n<meta name=\"twitter:card\" content=\"summary_large_image\" \/>\n<meta name=\"twitter:label1\" content=\"\u00c9crit par\" \/>\n\t<meta name=\"twitter:data1\" content=\"Onetik\" \/>\n\t<meta name=\"twitter:label2\" content=\"Dur\u00e9e de lecture estim\u00e9e\" \/>\n\t<meta name=\"twitter:data2\" content=\"1 minute\" \/>\n<script type=\"application\/ld+json\" class=\"yoast-schema-graph\">{\"@context\":\"https:\/\/schema.org\",\"@graph\":[{\"@type\":\"Article\",\"@id\":\"https:\/\/www.onetik.com\/fr\/onetik-au-jt-de-13h-sur-france-2-le-2-mars\/#article\",\"isPartOf\":{\"@id\":\"https:\/\/www.onetik.com\/fr\/onetik-au-jt-de-13h-sur-france-2-le-2-mars\/\"},\"author\":{\"name\":\"Onetik\",\"@id\":\"https:\/\/www.onetik.com\/fr\/#\/schema\/person\/fa74a4d6d1e1db6db1a150630fb8a05f\"},\"headline\":\"Onetik au JT de 13h sur FRANCE 2 le 2 mars !\",\"datePublished\":\"2021-03-02T15:50:27+00:00\",\"dateModified\":\"2021-03-02T15:50:43+00:00\",\"mainEntityOfPage\":{\"@id\":\"https:\/\/www.onetik.com\/fr\/onetik-au-jt-de-13h-sur-france-2-le-2-mars\/\"},\"wordCount\":108,\"image\":{\"@id\":\"https:\/\/www.onetik.com\/fr\/onetik-au-jt-de-13h-sur-france-2-le-2-mars\/#primaryimage\"},\"thumbnailUrl\":\"https:\/\/www.onetik.com\/wp-content\/uploads\/2021\/03\/Sans-titre58.png\",\"articleSection\":[\"Actualit\u00e9s\"],\"inLanguage\":\"fr-FR\"},{\"@type\":\"WebPage\",\"@id\":\"https:\/\/www.onetik.com\/fr\/onetik-au-jt-de-13h-sur-france-2-le-2-mars\/\",\"url\":\"https:\/\/www.onetik.com\/fr\/onetik-au-jt-de-13h-sur-france-2-le-2-mars\/\",\"name\":\"Onetik au JT de 13h sur FRANCE 2 le 2 mars ! - Onetik\",\"isPartOf\":{\"@id\":\"https:\/\/www.onetik.com\/fr\/#website\"},\"primaryImageOfPage\":{\"@id\":\"https:\/\/www.onetik.com\/fr\/onetik-au-jt-de-13h-sur-france-2-le-2-mars\/#primaryimage\"},\"image\":{\"@id\":\"https:\/\/www.onetik.com\/fr\/onetik-au-jt-de-13h-sur-france-2-le-2-mars\/#primaryimage\"},\"thumbnailUrl\":\"https:\/\/www.onetik.com\/wp-content\/uploads\/2021\/03\/Sans-titre58.png\",\"datePublished\":\"2021-03-02T15:50:27+00:00\",\"dateModified\":\"2021-03-02T15:50:43+00:00\",\"author\":{\"@id\":\"https:\/\/www.onetik.com\/fr\/#\/schema\/person\/fa74a4d6d1e1db6db1a150630fb8a05f\"},\"description\":\"Onetik sur FRANCE 2 au 13 h ! A travers ce reportage, vous d\u00e9couvrirez le m\u00e9tier d'un \u00e9leveur de brebis manex t\u00eate rousse au quotidien !\",\"breadcrumb\":{\"@id\":\"https:\/\/www.onetik.com\/fr\/onetik-au-jt-de-13h-sur-france-2-le-2-mars\/#breadcrumb\"},\"inLanguage\":\"fr-FR\",\"potentialAction\":[{\"@type\":\"ReadAction\",\"target\":[\"https:\/\/www.onetik.com\/fr\/onetik-au-jt-de-13h-sur-france-2-le-2-mars\/\"]}]},{\"@type\":\"ImageObject\",\"inLanguage\":\"fr-FR\",\"@id\":\"https:\/\/www.onetik.com\/fr\/onetik-au-jt-de-13h-sur-france-2-le-2-mars\/#primaryimage\",\"url\":\"https:\/\/www.onetik.com\/wp-content\/uploads\/2021\/03\/Sans-titre58.png\",\"contentUrl\":\"https:\/\/www.onetik.com\/wp-content\/uploads\/2021\/03\/Sans-titre58.png\",\"width\":1080,\"height\":1080},{\"@type\":\"BreadcrumbList\",\"@id\":\"https:\/\/www.onetik.com\/fr\/onetik-au-jt-de-13h-sur-france-2-le-2-mars\/#breadcrumb\",\"itemListElement\":[{\"@type\":\"ListItem\",\"position\":1,\"name\":\"Accueil\",\"item\":\"https:\/\/www.onetik.com\/fr\/\"},{\"@type\":\"ListItem\",\"position\":2,\"name\":\"Onetik au JT de 13h sur FRANCE 2 le 2 mars !\"}]},{\"@type\":\"WebSite\",\"@id\":\"https:\/\/www.onetik.com\/fr\/#website\",\"url\":\"https:\/\/www.onetik.com\/fr\/\",\"name\":\"Onetik\",\"description\":\"La Fromagerie du Pays Basque\",\"potentialAction\":[{\"@type\":\"SearchAction\",\"target\":{\"@type\":\"EntryPoint\",\"urlTemplate\":\"https:\/\/www.onetik.com\/fr\/?s={search_term_string}\"},\"query-input\":{\"@type\":\"PropertyValueSpecification\",\"valueRequired\":true,\"valueName\":\"search_term_string\"}}],\"inLanguage\":\"fr-FR\"},{\"@type\":\"Person\",\"@id\":\"https:\/\/www.onetik.com\/fr\/#\/schema\/person\/fa74a4d6d1e1db6db1a150630fb8a05f\",\"name\":\"Onetik\",\"image\":{\"@type\":\"ImageObject\",\"inLanguage\":\"fr-FR\",\"@id\":\"https:\/\/secure.gravatar.com\/avatar\/3bf095b73e269b37ae5d6b4326a54365bc0ffe5c73fca7e09ec3773196a6ab67?s=96&d=mm&r=g\",\"url\":\"https:\/\/secure.gravatar.com\/avatar\/3bf095b73e269b37ae5d6b4326a54365bc0ffe5c73fca7e09ec3773196a6ab67?s=96&d=mm&r=g\",\"contentUrl\":\"https:\/\/secure.gravatar.com\/avatar\/3bf095b73e269b37ae5d6b4326a54365bc0ffe5c73fca7e09ec3773196a6ab67?s=96&d=mm&r=g\",\"caption\":\"Onetik\"}}]}<\/script>\n<!-- \/ Yoast SEO plugin. -->","yoast_head_json":{"title":"Onetik au JT de 13h sur FRANCE 2 le 2 mars ! - Onetik","description":"Onetik sur FRANCE 2 au 13 h ! A travers ce reportage, vous d\u00e9couvrirez le m\u00e9tier d'un \u00e9leveur de brebis manex t\u00eate rousse au quotidien !","robots":{"index":"index","follow":"follow","max-snippet":"max-snippet:-1","max-image-preview":"max-image-preview:large","max-video-preview":"max-video-preview:-1"},"canonical":"https:\/\/www.onetik.com\/fr\/onetik-au-jt-de-13h-sur-france-2-le-2-mars\/","og_locale":"fr_FR","og_type":"article","og_title":"Onetik au JT de 13h sur FRANCE 2 le 2 mars ! - Onetik","og_description":"Onetik sur FRANCE 2 au 13 h ! A travers ce reportage, vous d\u00e9couvrirez le m\u00e9tier d'un \u00e9leveur de brebis manex t\u00eate rousse au quotidien !","og_url":"https:\/\/www.onetik.com\/fr\/onetik-au-jt-de-13h-sur-france-2-le-2-mars\/","og_site_name":"Onetik","article_published_time":"2021-03-02T15:50:27+00:00","article_modified_time":"2021-03-02T15:50:43+00:00","og_image":[{"width":1080,"height":1080,"url":"https:\/\/www.onetik.com\/wp-content\/uploads\/2021\/03\/Sans-titre58.png","type":"image\/png"}],"author":"Onetik","twitter_card":"summary_large_image","twitter_misc":{"\u00c9crit par":"Onetik","Dur\u00e9e de lecture estim\u00e9e":"1 minute"},"schema":{"@context":"https:\/\/schema.org","@graph":[{"@type":"Article","@id":"https:\/\/www.onetik.com\/fr\/onetik-au-jt-de-13h-sur-france-2-le-2-mars\/#article","isPartOf":{"@id":"https:\/\/www.onetik.com\/fr\/onetik-au-jt-de-13h-sur-france-2-le-2-mars\/"},"author":{"name":"Onetik","@id":"https:\/\/www.onetik.com\/fr\/#\/schema\/person\/fa74a4d6d1e1db6db1a150630fb8a05f"},"headline":"Onetik au JT de 13h sur FRANCE 2 le 2 mars !","datePublished":"2021-03-02T15:50:27+00:00","dateModified":"2021-03-02T15:50:43+00:00","mainEntityOfPage":{"@id":"https:\/\/www.onetik.com\/fr\/onetik-au-jt-de-13h-sur-france-2-le-2-mars\/"},"wordCount":108,"image":{"@id":"https:\/\/www.onetik.com\/fr\/onetik-au-jt-de-13h-sur-france-2-le-2-mars\/#primaryimage"},"thumbnailUrl":"https:\/\/www.onetik.com\/wp-content\/uploads\/2021\/03\/Sans-titre58.png","articleSection":["Actualit\u00e9s"],"inLanguage":"fr-FR"},{"@type":"WebPage","@id":"https:\/\/www.onetik.com\/fr\/onetik-au-jt-de-13h-sur-france-2-le-2-mars\/","url":"https:\/\/www.onetik.com\/fr\/onetik-au-jt-de-13h-sur-france-2-le-2-mars\/","name":"Onetik au JT de 13h sur FRANCE 2 le 2 mars ! - Onetik","isPartOf":{"@id":"https:\/\/www.onetik.com\/fr\/#website"},"primaryImageOfPage":{"@id":"https:\/\/www.onetik.com\/fr\/onetik-au-jt-de-13h-sur-france-2-le-2-mars\/#primaryimage"},"image":{"@id":"https:\/\/www.onetik.com\/fr\/onetik-au-jt-de-13h-sur-france-2-le-2-mars\/#primaryimage"},"thumbnailUrl":"https:\/\/www.onetik.com\/wp-content\/uploads\/2021\/03\/Sans-titre58.png","datePublished":"2021-03-02T15:50:27+00:00","dateModified":"2021-03-02T15:50:43+00:00","author":{"@id":"https:\/\/www.onetik.com\/fr\/#\/schema\/person\/fa74a4d6d1e1db6db1a150630fb8a05f"},"description":"Onetik sur FRANCE 2 au 13 h ! A travers ce reportage, vous d\u00e9couvrirez le m\u00e9tier d'un \u00e9leveur de brebis manex t\u00eate rousse au quotidien !","breadcrumb":{"@id":"https:\/\/www.onetik.com\/fr\/onetik-au-jt-de-13h-sur-france-2-le-2-mars\/#breadcrumb"},"inLanguage":"fr-FR","potentialAction":[{"@type":"ReadAction","target":["https:\/\/www.onetik.com\/fr\/onetik-au-jt-de-13h-sur-france-2-le-2-mars\/"]}]},{"@type":"ImageObject","inLanguage":"fr-FR","@id":"https:\/\/www.onetik.com\/fr\/onetik-au-jt-de-13h-sur-france-2-le-2-mars\/#primaryimage","url":"https:\/\/www.onetik.com\/wp-content\/uploads\/2021\/03\/Sans-titre58.png","contentUrl":"https:\/\/www.onetik.com\/wp-content\/uploads\/2021\/03\/Sans-titre58.png","width":1080,"height":1080},{"@type":"BreadcrumbList","@id":"https:\/\/www.onetik.com\/fr\/onetik-au-jt-de-13h-sur-france-2-le-2-mars\/#breadcrumb","itemListElement":[{"@type":"ListItem","position":1,"name":"Accueil","item":"https:\/\/www.onetik.com\/fr\/"},{"@type":"ListItem","position":2,"name":"Onetik au JT de 13h sur FRANCE 2 le 2 mars !"}]},{"@type":"WebSite","@id":"https:\/\/www.onetik.com\/fr\/#website","url":"https:\/\/www.onetik.com\/fr\/","name":"Onetik","description":"La Fromagerie du Pays Basque","potentialAction":[{"@type":"SearchAction","target":{"@type":"EntryPoint","urlTemplate":"https:\/\/www.onetik.com\/fr\/?s={search_term_string}"},"query-input":{"@type":"PropertyValueSpecification","valueRequired":true,"valueName":"search_term_string"}}],"inLanguage":"fr-FR"},{"@type":"Person","@id":"https:\/\/www.onetik.com\/fr\/#\/schema\/person\/fa74a4d6d1e1db6db1a150630fb8a05f","name":"Onetik","image":{"@type":"ImageObject","inLanguage":"fr-FR","@id":"https:\/\/secure.gravatar.com\/avatar\/3bf095b73e269b37ae5d6b4326a54365bc0ffe5c73fca7e09ec3773196a6ab67?s=96&d=mm&r=g","url":"https:\/\/secure.gravatar.com\/avatar\/3bf095b73e269b37ae5d6b4326a54365bc0ffe5c73fca7e09ec3773196a6ab67?s=96&d=mm&r=g","contentUrl":"https:\/\/secure.gravatar.com\/avatar\/3bf095b73e269b37ae5d6b4326a54365bc0ffe5c73fca7e09ec3773196a6ab67?s=96&d=mm&r=g","caption":"Onetik"}}]}},"_links":{"self":[{"href":"https:\/\/www.onetik.com\/fr\/wp-json\/wp\/v2\/posts\/14329","targetHints":{"allow":["GET"]}}],"collection":[{"href":"https:\/\/www.onetik.com\/fr\/wp-json\/wp\/v2\/posts"}],"about":[{"href":"https:\/\/www.onetik.com\/fr\/wp-json\/wp\/v2\/types\/post"}],"author":[{"embeddable":true,"href":"https:\/\/www.onetik.com\/fr\/wp-json\/wp\/v2\/users\/2"}],"replies":[{"embeddable":true,"href":"https:\/\/www.onetik.com\/fr\/wp-json\/wp\/v2\/comments?post=14329"}],"version-history":[{"count":1,"href":"https:\/\/www.onetik.com\/fr\/wp-json\/wp\/v2\/posts\/14329\/revisions"}],"predecessor-version":[{"id":14339,"href":"https:\/\/www.onetik.com\/fr\/wp-json\/wp\/v2\/posts\/14329\/revisions\/14339"}],"wp:featuredmedia":[{"embeddable":true,"href":"https:\/\/www.onetik.com\/fr\/wp-json\/wp\/v2\/media\/14336"}],"wp:attachment":[{"href":"https:\/\/www.onetik.com\/fr\/wp-json\/wp\/v2\/media?parent=14329"}],"wp:term":[{"taxonomy":"category","embeddable":true,"href":"https:\/\/www.onetik.com\/fr\/wp-json\/wp\/v2\/categories?post=14329"},{"taxonomy":"post_tag","embeddable":true,"href":"https:\/\/www.onetik.com\/fr\/wp-json\/wp\/v2\/tags?post=14329"}],"curies":[{"name":"wp","href":"https:\/\/api.w.org\/{rel}","templated":true}]}}