{"id":13567,"date":"2020-02-19T09:02:57","date_gmt":"2020-02-19T09:02:57","guid":{"rendered":"http:\/\/www.onetik.com\/?p=13567"},"modified":"2020-02-19T09:05:52","modified_gmt":"2020-02-19T09:05:52","slug":"retrouvez-nous-au-salon-du-fromage-paris-stand-7-3-043","status":"publish","type":"post","link":"https:\/\/www.onetik.com\/fr\/retrouvez-nous-au-salon-du-fromage-paris-stand-7-3-043\/","title":{"rendered":"Retrouvez-nous au salon du Fromage &#8211; Paris &#8211; Stand 7.3 &#8211; 043"},"content":{"rendered":"<p>Cette ann\u00e9e, du 23 au 26 f\u00e9vrier, retrouvez-nous au Salon du Fromage \u00e0 Paris sur notre stand 7.3 &#8211; 043 !<\/p>\n<p>Nous pr\u00e9senterons \u00e0 cette occasion, nos fromages fabriqu\u00e9s avec le lait de nos 3 collectes locales (lait de vaches, de brebis et de ch\u00e8vre) !<\/p>\n<p>Vous y d\u00e9couvrirez \u00e9galement notre gamme Ondua et notre gamme de lait de vache Basque, B\u00e9arnaise, Occitane et Pyr\u00e9n\u00e9enne.<\/p>\n<p><a id=\"eztoc_2_1_1_1_1\" name=\"eztoc_2_1_1_1_1\"><\/a><\/p>\n<h5>Horaires<\/h5>\n<p>Salon r\u00e9serv\u00e9 aux visiteurs professionnels de 9 h \u00e0 19 h (\u00e0 l&rsquo;exception du mercredi 26 f\u00e9vrier &#8211; fermeture du salon \u00e0 16 h)<a id=\"eztoc_3_1_1_1_1\" name=\"eztoc_3_1_1_1_1\"><\/a><\/p>\n<h5>Lieu<\/h5>\n<p>Paris expo Porte de Versailles (France)<\/p>\n<p><a href=\"http:\/\/www.onetik.com\/wp-content\/uploads\/2020\/02\/bando-Salon-2020-Fev-FINAL.jpg\"><img loading=\"lazy\" decoding=\"async\" class=\"aligncenter wp-image-13568 size-large\" src=\"http:\/\/www.onetik.com\/wp-content\/uploads\/2020\/02\/bando-Salon-2020-Fev-FINAL-1024x449.jpg\" alt=\"\" width=\"1024\" height=\"449\" srcset=\"https:\/\/www.onetik.com\/wp-content\/uploads\/2020\/02\/bando-Salon-2020-Fev-FINAL-1024x449.jpg 1024w, https:\/\/www.onetik.com\/wp-content\/uploads\/2020\/02\/bando-Salon-2020-Fev-FINAL-300x131.jpg 300w, https:\/\/www.onetik.com\/wp-content\/uploads\/2020\/02\/bando-Salon-2020-Fev-FINAL-768x336.jpg 768w, https:\/\/www.onetik.com\/wp-content\/uploads\/2020\/02\/bando-Salon-2020-Fev-FINAL-1536x673.jpg 1536w, https:\/\/www.onetik.com\/wp-content\/uploads\/2020\/02\/bando-Salon-2020-Fev-FINAL-2048x897.jpg 2048w, https:\/\/www.onetik.com\/wp-content\/uploads\/2020\/02\/bando-Salon-2020-Fev-FINAL-382x167.jpg 382w\" sizes=\"auto, (max-width: 1024px) 100vw, 1024px\" \/><\/a><\/p>\n<p>&nbsp;<\/p>\n","protected":false},"excerpt":{"rendered":"<p>Cette ann\u00e9e, du 23 au 26 f\u00e9vrier, retrouvez-nous au Salon du Fromage \u00e0 Paris sur notre stand 7.3 &#8211; 043 [&hellip;]<\/p>\n","protected":false},"author":2,"featured_media":13571,"comment_status":"closed","ping_status":"closed","sticky":false,"template":"","format":"standard","meta":{"_acf_changed":false,"footnotes":""},"categories":[1],"tags":[],"class_list":["post-13567","post","type-post","status-publish","format-standard","has-post-thumbnail","hentry","category-cat-actualites"],"acf":[],"yoast_head":"<!-- This site is optimized with the Yoast SEO plugin v27.2 - https:\/\/yoast.com\/product\/yoast-seo-wordpress\/ -->\n<title>Retrouvez-nous au salon du Fromage - Paris - Stand 7.3 - 043 - Onetik<\/title>\n<meta name=\"description\" content=\"Cette ann\u00e9e, du 23 au 26 f\u00e9vrier, retrouvez-nous au Salon du Fromage \u00e0 Paris sur notre stand 7.3 - 043 Paris expo Porte de Versailles (France)\" \/>\n<meta name=\"robots\" content=\"index, follow, max-snippet:-1, max-image-preview:large, max-video-preview:-1\" \/>\n<link rel=\"canonical\" href=\"https:\/\/www.onetik.com\/fr\/retrouvez-nous-au-salon-du-fromage-paris-stand-7-3-043\/\" \/>\n<meta property=\"og:locale\" content=\"fr_FR\" \/>\n<meta property=\"og:type\" content=\"article\" \/>\n<meta property=\"og:title\" content=\"Retrouvez-nous au salon du Fromage - Paris - Stand 7.3 - 043 - Onetik\" \/>\n<meta property=\"og:description\" content=\"Cette ann\u00e9e, du 23 au 26 f\u00e9vrier, retrouvez-nous au Salon du Fromage \u00e0 Paris sur notre stand 7.3 - 043 Paris expo Porte de Versailles (France)\" \/>\n<meta property=\"og:url\" content=\"https:\/\/www.onetik.com\/fr\/retrouvez-nous-au-salon-du-fromage-paris-stand-7-3-043\/\" \/>\n<meta property=\"og:site_name\" content=\"Onetik\" \/>\n<meta property=\"article:published_time\" content=\"2020-02-19T09:02:57+00:00\" \/>\n<meta property=\"article:modified_time\" content=\"2020-02-19T09:05:52+00:00\" \/>\n<meta property=\"og:image\" content=\"https:\/\/www.onetik.com\/wp-content\/uploads\/2020\/02\/salon-from-e1582103137824.png\" \/>\n\t<meta property=\"og:image:width\" content=\"235\" \/>\n\t<meta property=\"og:image:height\" content=\"223\" \/>\n\t<meta property=\"og:image:type\" content=\"image\/png\" \/>\n<meta name=\"author\" content=\"Onetik\" \/>\n<meta name=\"twitter:card\" content=\"summary_large_image\" \/>\n<meta name=\"twitter:label1\" content=\"\u00c9crit par\" \/>\n\t<meta name=\"twitter:data1\" content=\"Onetik\" \/>\n<script type=\"application\/ld+json\" class=\"yoast-schema-graph\">{\"@context\":\"https:\/\/schema.org\",\"@graph\":[{\"@type\":\"Article\",\"@id\":\"https:\/\/www.onetik.com\/fr\/retrouvez-nous-au-salon-du-fromage-paris-stand-7-3-043\/#article\",\"isPartOf\":{\"@id\":\"https:\/\/www.onetik.com\/fr\/retrouvez-nous-au-salon-du-fromage-paris-stand-7-3-043\/\"},\"author\":{\"name\":\"Onetik\",\"@id\":\"https:\/\/www.onetik.com\/fr\/#\/schema\/person\/fa74a4d6d1e1db6db1a150630fb8a05f\"},\"headline\":\"Retrouvez-nous au salon du Fromage &#8211; Paris &#8211; Stand 7.3 &#8211; 043\",\"datePublished\":\"2020-02-19T09:02:57+00:00\",\"dateModified\":\"2020-02-19T09:05:52+00:00\",\"mainEntityOfPage\":{\"@id\":\"https:\/\/www.onetik.com\/fr\/retrouvez-nous-au-salon-du-fromage-paris-stand-7-3-043\/\"},\"wordCount\":103,\"image\":{\"@id\":\"https:\/\/www.onetik.com\/fr\/retrouvez-nous-au-salon-du-fromage-paris-stand-7-3-043\/#primaryimage\"},\"thumbnailUrl\":\"https:\/\/www.onetik.com\/wp-content\/uploads\/2020\/02\/salon-from-e1582103137824.png\",\"articleSection\":[\"Actualit\u00e9s\"],\"inLanguage\":\"fr-FR\"},{\"@type\":\"WebPage\",\"@id\":\"https:\/\/www.onetik.com\/fr\/retrouvez-nous-au-salon-du-fromage-paris-stand-7-3-043\/\",\"url\":\"https:\/\/www.onetik.com\/fr\/retrouvez-nous-au-salon-du-fromage-paris-stand-7-3-043\/\",\"name\":\"Retrouvez-nous au salon du Fromage - Paris - Stand 7.3 - 043 - Onetik\",\"isPartOf\":{\"@id\":\"https:\/\/www.onetik.com\/fr\/#website\"},\"primaryImageOfPage\":{\"@id\":\"https:\/\/www.onetik.com\/fr\/retrouvez-nous-au-salon-du-fromage-paris-stand-7-3-043\/#primaryimage\"},\"image\":{\"@id\":\"https:\/\/www.onetik.com\/fr\/retrouvez-nous-au-salon-du-fromage-paris-stand-7-3-043\/#primaryimage\"},\"thumbnailUrl\":\"https:\/\/www.onetik.com\/wp-content\/uploads\/2020\/02\/salon-from-e1582103137824.png\",\"datePublished\":\"2020-02-19T09:02:57+00:00\",\"dateModified\":\"2020-02-19T09:05:52+00:00\",\"author\":{\"@id\":\"https:\/\/www.onetik.com\/fr\/#\/schema\/person\/fa74a4d6d1e1db6db1a150630fb8a05f\"},\"description\":\"Cette ann\u00e9e, du 23 au 26 f\u00e9vrier, retrouvez-nous au Salon du Fromage \u00e0 Paris sur notre stand 7.3 - 043 Paris expo Porte de Versailles (France)\",\"breadcrumb\":{\"@id\":\"https:\/\/www.onetik.com\/fr\/retrouvez-nous-au-salon-du-fromage-paris-stand-7-3-043\/#breadcrumb\"},\"inLanguage\":\"fr-FR\",\"potentialAction\":[{\"@type\":\"ReadAction\",\"target\":[\"https:\/\/www.onetik.com\/fr\/retrouvez-nous-au-salon-du-fromage-paris-stand-7-3-043\/\"]}]},{\"@type\":\"ImageObject\",\"inLanguage\":\"fr-FR\",\"@id\":\"https:\/\/www.onetik.com\/fr\/retrouvez-nous-au-salon-du-fromage-paris-stand-7-3-043\/#primaryimage\",\"url\":\"https:\/\/www.onetik.com\/wp-content\/uploads\/2020\/02\/salon-from-e1582103137824.png\",\"contentUrl\":\"https:\/\/www.onetik.com\/wp-content\/uploads\/2020\/02\/salon-from-e1582103137824.png\",\"width\":235,\"height\":223},{\"@type\":\"BreadcrumbList\",\"@id\":\"https:\/\/www.onetik.com\/fr\/retrouvez-nous-au-salon-du-fromage-paris-stand-7-3-043\/#breadcrumb\",\"itemListElement\":[{\"@type\":\"ListItem\",\"position\":1,\"name\":\"Accueil\",\"item\":\"https:\/\/www.onetik.com\/fr\/\"},{\"@type\":\"ListItem\",\"position\":2,\"name\":\"Retrouvez-nous au salon du Fromage &#8211; Paris &#8211; Stand 7.3 &#8211; 043\"}]},{\"@type\":\"WebSite\",\"@id\":\"https:\/\/www.onetik.com\/fr\/#website\",\"url\":\"https:\/\/www.onetik.com\/fr\/\",\"name\":\"Onetik\",\"description\":\"La Fromagerie du Pays Basque\",\"potentialAction\":[{\"@type\":\"SearchAction\",\"target\":{\"@type\":\"EntryPoint\",\"urlTemplate\":\"https:\/\/www.onetik.com\/fr\/?s={search_term_string}\"},\"query-input\":{\"@type\":\"PropertyValueSpecification\",\"valueRequired\":true,\"valueName\":\"search_term_string\"}}],\"inLanguage\":\"fr-FR\"},{\"@type\":\"Person\",\"@id\":\"https:\/\/www.onetik.com\/fr\/#\/schema\/person\/fa74a4d6d1e1db6db1a150630fb8a05f\",\"name\":\"Onetik\",\"image\":{\"@type\":\"ImageObject\",\"inLanguage\":\"fr-FR\",\"@id\":\"https:\/\/secure.gravatar.com\/avatar\/3bf095b73e269b37ae5d6b4326a54365bc0ffe5c73fca7e09ec3773196a6ab67?s=96&d=mm&r=g\",\"url\":\"https:\/\/secure.gravatar.com\/avatar\/3bf095b73e269b37ae5d6b4326a54365bc0ffe5c73fca7e09ec3773196a6ab67?s=96&d=mm&r=g\",\"contentUrl\":\"https:\/\/secure.gravatar.com\/avatar\/3bf095b73e269b37ae5d6b4326a54365bc0ffe5c73fca7e09ec3773196a6ab67?s=96&d=mm&r=g\",\"caption\":\"Onetik\"}}]}<\/script>\n<!-- \/ Yoast SEO plugin. -->","yoast_head_json":{"title":"Retrouvez-nous au salon du Fromage - Paris - Stand 7.3 - 043 - Onetik","description":"Cette ann\u00e9e, du 23 au 26 f\u00e9vrier, retrouvez-nous au Salon du Fromage \u00e0 Paris sur notre stand 7.3 - 043 Paris expo Porte de Versailles (France)","robots":{"index":"index","follow":"follow","max-snippet":"max-snippet:-1","max-image-preview":"max-image-preview:large","max-video-preview":"max-video-preview:-1"},"canonical":"https:\/\/www.onetik.com\/fr\/retrouvez-nous-au-salon-du-fromage-paris-stand-7-3-043\/","og_locale":"fr_FR","og_type":"article","og_title":"Retrouvez-nous au salon du Fromage - Paris - Stand 7.3 - 043 - Onetik","og_description":"Cette ann\u00e9e, du 23 au 26 f\u00e9vrier, retrouvez-nous au Salon du Fromage \u00e0 Paris sur notre stand 7.3 - 043 Paris expo Porte de Versailles (France)","og_url":"https:\/\/www.onetik.com\/fr\/retrouvez-nous-au-salon-du-fromage-paris-stand-7-3-043\/","og_site_name":"Onetik","article_published_time":"2020-02-19T09:02:57+00:00","article_modified_time":"2020-02-19T09:05:52+00:00","og_image":[{"width":235,"height":223,"url":"https:\/\/www.onetik.com\/wp-content\/uploads\/2020\/02\/salon-from-e1582103137824.png","type":"image\/png"}],"author":"Onetik","twitter_card":"summary_large_image","twitter_misc":{"\u00c9crit par":"Onetik"},"schema":{"@context":"https:\/\/schema.org","@graph":[{"@type":"Article","@id":"https:\/\/www.onetik.com\/fr\/retrouvez-nous-au-salon-du-fromage-paris-stand-7-3-043\/#article","isPartOf":{"@id":"https:\/\/www.onetik.com\/fr\/retrouvez-nous-au-salon-du-fromage-paris-stand-7-3-043\/"},"author":{"name":"Onetik","@id":"https:\/\/www.onetik.com\/fr\/#\/schema\/person\/fa74a4d6d1e1db6db1a150630fb8a05f"},"headline":"Retrouvez-nous au salon du Fromage &#8211; Paris &#8211; Stand 7.3 &#8211; 043","datePublished":"2020-02-19T09:02:57+00:00","dateModified":"2020-02-19T09:05:52+00:00","mainEntityOfPage":{"@id":"https:\/\/www.onetik.com\/fr\/retrouvez-nous-au-salon-du-fromage-paris-stand-7-3-043\/"},"wordCount":103,"image":{"@id":"https:\/\/www.onetik.com\/fr\/retrouvez-nous-au-salon-du-fromage-paris-stand-7-3-043\/#primaryimage"},"thumbnailUrl":"https:\/\/www.onetik.com\/wp-content\/uploads\/2020\/02\/salon-from-e1582103137824.png","articleSection":["Actualit\u00e9s"],"inLanguage":"fr-FR"},{"@type":"WebPage","@id":"https:\/\/www.onetik.com\/fr\/retrouvez-nous-au-salon-du-fromage-paris-stand-7-3-043\/","url":"https:\/\/www.onetik.com\/fr\/retrouvez-nous-au-salon-du-fromage-paris-stand-7-3-043\/","name":"Retrouvez-nous au salon du Fromage - Paris - Stand 7.3 - 043 - Onetik","isPartOf":{"@id":"https:\/\/www.onetik.com\/fr\/#website"},"primaryImageOfPage":{"@id":"https:\/\/www.onetik.com\/fr\/retrouvez-nous-au-salon-du-fromage-paris-stand-7-3-043\/#primaryimage"},"image":{"@id":"https:\/\/www.onetik.com\/fr\/retrouvez-nous-au-salon-du-fromage-paris-stand-7-3-043\/#primaryimage"},"thumbnailUrl":"https:\/\/www.onetik.com\/wp-content\/uploads\/2020\/02\/salon-from-e1582103137824.png","datePublished":"2020-02-19T09:02:57+00:00","dateModified":"2020-02-19T09:05:52+00:00","author":{"@id":"https:\/\/www.onetik.com\/fr\/#\/schema\/person\/fa74a4d6d1e1db6db1a150630fb8a05f"},"description":"Cette ann\u00e9e, du 23 au 26 f\u00e9vrier, retrouvez-nous au Salon du Fromage \u00e0 Paris sur notre stand 7.3 - 043 Paris expo Porte de Versailles (France)","breadcrumb":{"@id":"https:\/\/www.onetik.com\/fr\/retrouvez-nous-au-salon-du-fromage-paris-stand-7-3-043\/#breadcrumb"},"inLanguage":"fr-FR","potentialAction":[{"@type":"ReadAction","target":["https:\/\/www.onetik.com\/fr\/retrouvez-nous-au-salon-du-fromage-paris-stand-7-3-043\/"]}]},{"@type":"ImageObject","inLanguage":"fr-FR","@id":"https:\/\/www.onetik.com\/fr\/retrouvez-nous-au-salon-du-fromage-paris-stand-7-3-043\/#primaryimage","url":"https:\/\/www.onetik.com\/wp-content\/uploads\/2020\/02\/salon-from-e1582103137824.png","contentUrl":"https:\/\/www.onetik.com\/wp-content\/uploads\/2020\/02\/salon-from-e1582103137824.png","width":235,"height":223},{"@type":"BreadcrumbList","@id":"https:\/\/www.onetik.com\/fr\/retrouvez-nous-au-salon-du-fromage-paris-stand-7-3-043\/#breadcrumb","itemListElement":[{"@type":"ListItem","position":1,"name":"Accueil","item":"https:\/\/www.onetik.com\/fr\/"},{"@type":"ListItem","position":2,"name":"Retrouvez-nous au salon du Fromage &#8211; Paris &#8211; Stand 7.3 &#8211; 043"}]},{"@type":"WebSite","@id":"https:\/\/www.onetik.com\/fr\/#website","url":"https:\/\/www.onetik.com\/fr\/","name":"Onetik","description":"La Fromagerie du Pays Basque","potentialAction":[{"@type":"SearchAction","target":{"@type":"EntryPoint","urlTemplate":"https:\/\/www.onetik.com\/fr\/?s={search_term_string}"},"query-input":{"@type":"PropertyValueSpecification","valueRequired":true,"valueName":"search_term_string"}}],"inLanguage":"fr-FR"},{"@type":"Person","@id":"https:\/\/www.onetik.com\/fr\/#\/schema\/person\/fa74a4d6d1e1db6db1a150630fb8a05f","name":"Onetik","image":{"@type":"ImageObject","inLanguage":"fr-FR","@id":"https:\/\/secure.gravatar.com\/avatar\/3bf095b73e269b37ae5d6b4326a54365bc0ffe5c73fca7e09ec3773196a6ab67?s=96&d=mm&r=g","url":"https:\/\/secure.gravatar.com\/avatar\/3bf095b73e269b37ae5d6b4326a54365bc0ffe5c73fca7e09ec3773196a6ab67?s=96&d=mm&r=g","contentUrl":"https:\/\/secure.gravatar.com\/avatar\/3bf095b73e269b37ae5d6b4326a54365bc0ffe5c73fca7e09ec3773196a6ab67?s=96&d=mm&r=g","caption":"Onetik"}}]}},"_links":{"self":[{"href":"https:\/\/www.onetik.com\/fr\/wp-json\/wp\/v2\/posts\/13567","targetHints":{"allow":["GET"]}}],"collection":[{"href":"https:\/\/www.onetik.com\/fr\/wp-json\/wp\/v2\/posts"}],"about":[{"href":"https:\/\/www.onetik.com\/fr\/wp-json\/wp\/v2\/types\/post"}],"author":[{"embeddable":true,"href":"https:\/\/www.onetik.com\/fr\/wp-json\/wp\/v2\/users\/2"}],"replies":[{"embeddable":true,"href":"https:\/\/www.onetik.com\/fr\/wp-json\/wp\/v2\/comments?post=13567"}],"version-history":[{"count":3,"href":"https:\/\/www.onetik.com\/fr\/wp-json\/wp\/v2\/posts\/13567\/revisions"}],"predecessor-version":[{"id":13576,"href":"https:\/\/www.onetik.com\/fr\/wp-json\/wp\/v2\/posts\/13567\/revisions\/13576"}],"wp:featuredmedia":[{"embeddable":true,"href":"https:\/\/www.onetik.com\/fr\/wp-json\/wp\/v2\/media\/13571"}],"wp:attachment":[{"href":"https:\/\/www.onetik.com\/fr\/wp-json\/wp\/v2\/media?parent=13567"}],"wp:term":[{"taxonomy":"category","embeddable":true,"href":"https:\/\/www.onetik.com\/fr\/wp-json\/wp\/v2\/categories?post=13567"},{"taxonomy":"post_tag","embeddable":true,"href":"https:\/\/www.onetik.com\/fr\/wp-json\/wp\/v2\/tags?post=13567"}],"curies":[{"name":"wp","href":"https:\/\/api.w.org\/{rel}","templated":true}]}}