{"id":13341,"date":"2019-08-27T10:56:21","date_gmt":"2019-08-27T10:56:21","guid":{"rendered":"http:\/\/www.onetik.com\/?p=13341"},"modified":"2019-08-27T10:57:05","modified_gmt":"2019-08-27T10:57:05","slug":"les-fromages-onetik-degustes-au-g7-par-le-president-e-macron","status":"publish","type":"post","link":"https:\/\/www.onetik.com\/fr\/les-fromages-onetik-degustes-au-g7-par-le-president-e-macron\/","title":{"rendered":"Les fromages Onetik d\u00e9gust\u00e9s au G7 par le pr\u00e9sident E. Macron"},"content":{"rendered":"<p>A l&rsquo;occasion du G7 \u00e0 Biarritz, du samedi 24 ao\u00fbt au lundi 26 ao\u00fbt, la R\u00e9gion Nouvelle-Aquitaine a mis en vitrine le Pays basque et la Nouvelle Aquitaine \u00e0 la Halle d&rsquo;Iraty.<\/p>\n<p>Plac\u00e9 sous le signe de la convivialit\u00e9 et r\u00e9alis\u00e9 en partenariat avec le Comit\u00e9 de Valorisation territoriale, le Village Nouvelle-Aquitaine porte un double objectif de promotion du territoire \u00e0 travers la pr\u00e9sentation de ses atouts identitaires et la mise en avant de la mobilisation locale et r\u00e9gionale en faveur de l&rsquo;environnement et de la transition \u00e9cologique et \u00e9nerg\u00e9tique.<\/p>\n<p>C&rsquo;\u00e9tait un espace de valorisation du territoire situ\u00e9 \u00e0 l&rsquo;entr\u00e9e du centre de presse o\u00f9 ont circul\u00e9 et travaill\u00e9 les 2000 journalistes accr\u00e9dit\u00e9s, venus du monde entier pendant ces jours de sommet du G7 \u00e0 Biarritz.<\/p>\n<p>Pour notre fromagerie Onetik, cet \u00e9v\u00e8nement \u00e9tait l&rsquo;occasion de faire conna\u00eetre notre savoir-faire fromager.<\/p>\n<p>Durant, sa visite, notre pr\u00e9sident E. Macron a pu d\u00e9guster notre fromage Ossau Iraty Grande R\u00e9serve Onetik et rapporter un morceaux de notre tomme \u00e0 l\u2019\u00c9lys\u00e9e !<\/p>\n<p>Bonne d\u00e9gustation \u00e0 notre pr\u00e9sident !<\/p>\n<figure id=\"attachment_13342\" class=\"thumbnail wp-caption aligncenter\" style=\"width: 610px\" itemscope itemtype=\"http:\/\/schema.org\/ImageObject\"><a itemprop=\"discussionUrl\" href=\"http:\/\/www.onetik.com\/wp-content\/uploads\/2019\/08\/emmanuel-macron-a-apprecie-les-produits-gastronomiques-du-pays-basque-lors-de-sa-visite-de-la-halle-iraty-pour-le-sommet-du-g7-a-biarritz.jpg\"><img loading=\"lazy\" decoding=\"async\" itemprop=\"contentURL\" class=\" wp-image-13342\" src=\"http:\/\/www.onetik.com\/wp-content\/uploads\/2019\/08\/emmanuel-macron-a-apprecie-les-produits-gastronomiques-du-pays-basque-lors-de-sa-visite-de-la-halle-iraty-pour-le-sommet-du-g7-a-biarritz.jpg\" alt=\"\" width=\"610\" height=\"424\" srcset=\"https:\/\/www.onetik.com\/wp-content\/uploads\/2019\/08\/emmanuel-macron-a-apprecie-les-produits-gastronomiques-du-pays-basque-lors-de-sa-visite-de-la-halle-iraty-pour-le-sommet-du-g7-a-biarritz.jpg 1000w, https:\/\/www.onetik.com\/wp-content\/uploads\/2019\/08\/emmanuel-macron-a-apprecie-les-produits-gastronomiques-du-pays-basque-lors-de-sa-visite-de-la-halle-iraty-pour-le-sommet-du-g7-a-biarritz-300x209.jpg 300w, https:\/\/www.onetik.com\/wp-content\/uploads\/2019\/08\/emmanuel-macron-a-apprecie-les-produits-gastronomiques-du-pays-basque-lors-de-sa-visite-de-la-halle-iraty-pour-le-sommet-du-g7-a-biarritz-768x535.jpg 768w, https:\/\/www.onetik.com\/wp-content\/uploads\/2019\/08\/emmanuel-macron-a-apprecie-les-produits-gastronomiques-du-pays-basque-lors-de-sa-visite-de-la-halle-iraty-pour-le-sommet-du-g7-a-biarritz-382x266.jpg 382w\" sizes=\"auto, (max-width: 610px) 100vw, 610px\" \/><\/a><figcaption class=\"caption wp-caption-text\" itemprop=\"name\">@ source Journal Sud Ouest<\/figcaption><\/figure>\n<p style=\"text-align: center;\"><a href=\"http:\/\/www.onetik.com\/wp-content\/uploads\/2019\/08\/55.jpg\"><img loading=\"lazy\" decoding=\"async\" class=\"aligncenter wp-image-13345 \" src=\"http:\/\/www.onetik.com\/wp-content\/uploads\/2019\/08\/55-e1566903020954.jpg\" alt=\"\" width=\"422\" height=\"616\" srcset=\"https:\/\/www.onetik.com\/wp-content\/uploads\/2019\/08\/55-e1566903020954.jpg 576w, https:\/\/www.onetik.com\/wp-content\/uploads\/2019\/08\/55-e1566903020954-205x300.jpg 205w, https:\/\/www.onetik.com\/wp-content\/uploads\/2019\/08\/55-e1566903020954-382x558.jpg 382w\" sizes=\"auto, (max-width: 422px) 100vw, 422px\" \/><\/a>@ source MerciCoco<\/p>\n<p>@source R\u00e9gion Nouvelle Aquitaine Communiqu\u00e9 de presse<\/p>\n","protected":false},"excerpt":{"rendered":"<p>A l&rsquo;occasion du G7 \u00e0 Biarritz, du samedi 24 ao\u00fbt au lundi 26 ao\u00fbt, la R\u00e9gion Nouvelle-Aquitaine a mis en [&hellip;]<\/p>\n","protected":false},"author":2,"featured_media":13342,"comment_status":"closed","ping_status":"closed","sticky":false,"template":"","format":"standard","meta":{"_acf_changed":false,"footnotes":""},"categories":[1],"tags":[],"class_list":["post-13341","post","type-post","status-publish","format-standard","has-post-thumbnail","hentry","category-cat-actualites"],"acf":[],"yoast_head":"<!-- This site is optimized with the Yoast SEO plugin v27.2 - https:\/\/yoast.com\/product\/yoast-seo-wordpress\/ -->\n<title>Les fromages Onetik d\u00e9gust\u00e9s au G7 par le pr\u00e9sident E. Macron - Onetik<\/title>\n<meta name=\"description\" content=\"Notre pr\u00e9sident E. Macron a pu d\u00e9guster notre fromage Ossau Iraty Grande R\u00e9serve Onetik et remporter un morceaux de notre tomme \u00e0 l\u2019\u00c9lys\u00e9e\" \/>\n<meta name=\"robots\" content=\"index, follow, max-snippet:-1, max-image-preview:large, max-video-preview:-1\" \/>\n<link rel=\"canonical\" href=\"https:\/\/www.onetik.com\/fr\/les-fromages-onetik-degustes-au-g7-par-le-president-e-macron\/\" \/>\n<meta property=\"og:locale\" content=\"fr_FR\" \/>\n<meta property=\"og:type\" content=\"article\" \/>\n<meta property=\"og:title\" content=\"Les fromages Onetik d\u00e9gust\u00e9s au G7 par le pr\u00e9sident E. Macron - Onetik\" \/>\n<meta property=\"og:description\" content=\"Notre pr\u00e9sident E. Macron a pu d\u00e9guster notre fromage Ossau Iraty Grande R\u00e9serve Onetik et remporter un morceaux de notre tomme \u00e0 l\u2019\u00c9lys\u00e9e\" \/>\n<meta property=\"og:url\" content=\"https:\/\/www.onetik.com\/fr\/les-fromages-onetik-degustes-au-g7-par-le-president-e-macron\/\" \/>\n<meta property=\"og:site_name\" content=\"Onetik\" \/>\n<meta property=\"article:published_time\" content=\"2019-08-27T10:56:21+00:00\" \/>\n<meta property=\"article:modified_time\" content=\"2019-08-27T10:57:05+00:00\" \/>\n<meta property=\"og:image\" content=\"https:\/\/www.onetik.com\/wp-content\/uploads\/2019\/08\/emmanuel-macron-a-apprecie-les-produits-gastronomiques-du-pays-basque-lors-de-sa-visite-de-la-halle-iraty-pour-le-sommet-du-g7-a-biarritz.jpg\" \/>\n\t<meta property=\"og:image:width\" content=\"1000\" \/>\n\t<meta property=\"og:image:height\" content=\"696\" \/>\n\t<meta property=\"og:image:type\" content=\"image\/jpeg\" \/>\n<meta name=\"author\" content=\"Onetik\" \/>\n<meta name=\"twitter:card\" content=\"summary_large_image\" \/>\n<meta name=\"twitter:label1\" content=\"\u00c9crit par\" \/>\n\t<meta name=\"twitter:data1\" content=\"Onetik\" \/>\n\t<meta name=\"twitter:label2\" content=\"Dur\u00e9e de lecture estim\u00e9e\" \/>\n\t<meta name=\"twitter:data2\" content=\"1 minute\" \/>\n<script type=\"application\/ld+json\" class=\"yoast-schema-graph\">{\"@context\":\"https:\/\/schema.org\",\"@graph\":[{\"@type\":\"Article\",\"@id\":\"https:\/\/www.onetik.com\/fr\/les-fromages-onetik-degustes-au-g7-par-le-president-e-macron\/#article\",\"isPartOf\":{\"@id\":\"https:\/\/www.onetik.com\/fr\/les-fromages-onetik-degustes-au-g7-par-le-president-e-macron\/\"},\"author\":{\"name\":\"Onetik\",\"@id\":\"https:\/\/www.onetik.com\/fr\/#\/schema\/person\/fa74a4d6d1e1db6db1a150630fb8a05f\"},\"headline\":\"Les fromages Onetik d\u00e9gust\u00e9s au G7 par le pr\u00e9sident E. Macron\",\"datePublished\":\"2019-08-27T10:56:21+00:00\",\"dateModified\":\"2019-08-27T10:57:05+00:00\",\"mainEntityOfPage\":{\"@id\":\"https:\/\/www.onetik.com\/fr\/les-fromages-onetik-degustes-au-g7-par-le-president-e-macron\/\"},\"wordCount\":216,\"image\":{\"@id\":\"https:\/\/www.onetik.com\/fr\/les-fromages-onetik-degustes-au-g7-par-le-president-e-macron\/#primaryimage\"},\"thumbnailUrl\":\"https:\/\/www.onetik.com\/wp-content\/uploads\/2019\/08\/emmanuel-macron-a-apprecie-les-produits-gastronomiques-du-pays-basque-lors-de-sa-visite-de-la-halle-iraty-pour-le-sommet-du-g7-a-biarritz.jpg\",\"articleSection\":[\"Actualit\u00e9s\"],\"inLanguage\":\"fr-FR\"},{\"@type\":\"WebPage\",\"@id\":\"https:\/\/www.onetik.com\/fr\/les-fromages-onetik-degustes-au-g7-par-le-president-e-macron\/\",\"url\":\"https:\/\/www.onetik.com\/fr\/les-fromages-onetik-degustes-au-g7-par-le-president-e-macron\/\",\"name\":\"Les fromages Onetik d\u00e9gust\u00e9s au G7 par le pr\u00e9sident E. Macron - Onetik\",\"isPartOf\":{\"@id\":\"https:\/\/www.onetik.com\/fr\/#website\"},\"primaryImageOfPage\":{\"@id\":\"https:\/\/www.onetik.com\/fr\/les-fromages-onetik-degustes-au-g7-par-le-president-e-macron\/#primaryimage\"},\"image\":{\"@id\":\"https:\/\/www.onetik.com\/fr\/les-fromages-onetik-degustes-au-g7-par-le-president-e-macron\/#primaryimage\"},\"thumbnailUrl\":\"https:\/\/www.onetik.com\/wp-content\/uploads\/2019\/08\/emmanuel-macron-a-apprecie-les-produits-gastronomiques-du-pays-basque-lors-de-sa-visite-de-la-halle-iraty-pour-le-sommet-du-g7-a-biarritz.jpg\",\"datePublished\":\"2019-08-27T10:56:21+00:00\",\"dateModified\":\"2019-08-27T10:57:05+00:00\",\"author\":{\"@id\":\"https:\/\/www.onetik.com\/fr\/#\/schema\/person\/fa74a4d6d1e1db6db1a150630fb8a05f\"},\"description\":\"Notre pr\u00e9sident E. Macron a pu d\u00e9guster notre fromage Ossau Iraty Grande R\u00e9serve Onetik et remporter un morceaux de notre tomme \u00e0 l\u2019\u00c9lys\u00e9e\",\"breadcrumb\":{\"@id\":\"https:\/\/www.onetik.com\/fr\/les-fromages-onetik-degustes-au-g7-par-le-president-e-macron\/#breadcrumb\"},\"inLanguage\":\"fr-FR\",\"potentialAction\":[{\"@type\":\"ReadAction\",\"target\":[\"https:\/\/www.onetik.com\/fr\/les-fromages-onetik-degustes-au-g7-par-le-president-e-macron\/\"]}]},{\"@type\":\"ImageObject\",\"inLanguage\":\"fr-FR\",\"@id\":\"https:\/\/www.onetik.com\/fr\/les-fromages-onetik-degustes-au-g7-par-le-president-e-macron\/#primaryimage\",\"url\":\"https:\/\/www.onetik.com\/wp-content\/uploads\/2019\/08\/emmanuel-macron-a-apprecie-les-produits-gastronomiques-du-pays-basque-lors-de-sa-visite-de-la-halle-iraty-pour-le-sommet-du-g7-a-biarritz.jpg\",\"contentUrl\":\"https:\/\/www.onetik.com\/wp-content\/uploads\/2019\/08\/emmanuel-macron-a-apprecie-les-produits-gastronomiques-du-pays-basque-lors-de-sa-visite-de-la-halle-iraty-pour-le-sommet-du-g7-a-biarritz.jpg\",\"width\":1000,\"height\":696,\"caption\":\"E Macron a visit\u00e9 le village aquitaine au centre de presse Iraty avant l ouverture du sommet\"},{\"@type\":\"BreadcrumbList\",\"@id\":\"https:\/\/www.onetik.com\/fr\/les-fromages-onetik-degustes-au-g7-par-le-president-e-macron\/#breadcrumb\",\"itemListElement\":[{\"@type\":\"ListItem\",\"position\":1,\"name\":\"Accueil\",\"item\":\"https:\/\/www.onetik.com\/fr\/\"},{\"@type\":\"ListItem\",\"position\":2,\"name\":\"Les fromages Onetik d\u00e9gust\u00e9s au G7 par le pr\u00e9sident E. Macron\"}]},{\"@type\":\"WebSite\",\"@id\":\"https:\/\/www.onetik.com\/fr\/#website\",\"url\":\"https:\/\/www.onetik.com\/fr\/\",\"name\":\"Onetik\",\"description\":\"La Fromagerie du Pays Basque\",\"potentialAction\":[{\"@type\":\"SearchAction\",\"target\":{\"@type\":\"EntryPoint\",\"urlTemplate\":\"https:\/\/www.onetik.com\/fr\/?s={search_term_string}\"},\"query-input\":{\"@type\":\"PropertyValueSpecification\",\"valueRequired\":true,\"valueName\":\"search_term_string\"}}],\"inLanguage\":\"fr-FR\"},{\"@type\":\"Person\",\"@id\":\"https:\/\/www.onetik.com\/fr\/#\/schema\/person\/fa74a4d6d1e1db6db1a150630fb8a05f\",\"name\":\"Onetik\",\"image\":{\"@type\":\"ImageObject\",\"inLanguage\":\"fr-FR\",\"@id\":\"https:\/\/secure.gravatar.com\/avatar\/3bf095b73e269b37ae5d6b4326a54365bc0ffe5c73fca7e09ec3773196a6ab67?s=96&d=mm&r=g\",\"url\":\"https:\/\/secure.gravatar.com\/avatar\/3bf095b73e269b37ae5d6b4326a54365bc0ffe5c73fca7e09ec3773196a6ab67?s=96&d=mm&r=g\",\"contentUrl\":\"https:\/\/secure.gravatar.com\/avatar\/3bf095b73e269b37ae5d6b4326a54365bc0ffe5c73fca7e09ec3773196a6ab67?s=96&d=mm&r=g\",\"caption\":\"Onetik\"}}]}<\/script>\n<!-- \/ Yoast SEO plugin. -->","yoast_head_json":{"title":"Les fromages Onetik d\u00e9gust\u00e9s au G7 par le pr\u00e9sident E. Macron - Onetik","description":"Notre pr\u00e9sident E. Macron a pu d\u00e9guster notre fromage Ossau Iraty Grande R\u00e9serve Onetik et remporter un morceaux de notre tomme \u00e0 l\u2019\u00c9lys\u00e9e","robots":{"index":"index","follow":"follow","max-snippet":"max-snippet:-1","max-image-preview":"max-image-preview:large","max-video-preview":"max-video-preview:-1"},"canonical":"https:\/\/www.onetik.com\/fr\/les-fromages-onetik-degustes-au-g7-par-le-president-e-macron\/","og_locale":"fr_FR","og_type":"article","og_title":"Les fromages Onetik d\u00e9gust\u00e9s au G7 par le pr\u00e9sident E. Macron - Onetik","og_description":"Notre pr\u00e9sident E. Macron a pu d\u00e9guster notre fromage Ossau Iraty Grande R\u00e9serve Onetik et remporter un morceaux de notre tomme \u00e0 l\u2019\u00c9lys\u00e9e","og_url":"https:\/\/www.onetik.com\/fr\/les-fromages-onetik-degustes-au-g7-par-le-president-e-macron\/","og_site_name":"Onetik","article_published_time":"2019-08-27T10:56:21+00:00","article_modified_time":"2019-08-27T10:57:05+00:00","og_image":[{"width":1000,"height":696,"url":"https:\/\/www.onetik.com\/wp-content\/uploads\/2019\/08\/emmanuel-macron-a-apprecie-les-produits-gastronomiques-du-pays-basque-lors-de-sa-visite-de-la-halle-iraty-pour-le-sommet-du-g7-a-biarritz.jpg","type":"image\/jpeg"}],"author":"Onetik","twitter_card":"summary_large_image","twitter_misc":{"\u00c9crit par":"Onetik","Dur\u00e9e de lecture estim\u00e9e":"1 minute"},"schema":{"@context":"https:\/\/schema.org","@graph":[{"@type":"Article","@id":"https:\/\/www.onetik.com\/fr\/les-fromages-onetik-degustes-au-g7-par-le-president-e-macron\/#article","isPartOf":{"@id":"https:\/\/www.onetik.com\/fr\/les-fromages-onetik-degustes-au-g7-par-le-president-e-macron\/"},"author":{"name":"Onetik","@id":"https:\/\/www.onetik.com\/fr\/#\/schema\/person\/fa74a4d6d1e1db6db1a150630fb8a05f"},"headline":"Les fromages Onetik d\u00e9gust\u00e9s au G7 par le pr\u00e9sident E. Macron","datePublished":"2019-08-27T10:56:21+00:00","dateModified":"2019-08-27T10:57:05+00:00","mainEntityOfPage":{"@id":"https:\/\/www.onetik.com\/fr\/les-fromages-onetik-degustes-au-g7-par-le-president-e-macron\/"},"wordCount":216,"image":{"@id":"https:\/\/www.onetik.com\/fr\/les-fromages-onetik-degustes-au-g7-par-le-president-e-macron\/#primaryimage"},"thumbnailUrl":"https:\/\/www.onetik.com\/wp-content\/uploads\/2019\/08\/emmanuel-macron-a-apprecie-les-produits-gastronomiques-du-pays-basque-lors-de-sa-visite-de-la-halle-iraty-pour-le-sommet-du-g7-a-biarritz.jpg","articleSection":["Actualit\u00e9s"],"inLanguage":"fr-FR"},{"@type":"WebPage","@id":"https:\/\/www.onetik.com\/fr\/les-fromages-onetik-degustes-au-g7-par-le-president-e-macron\/","url":"https:\/\/www.onetik.com\/fr\/les-fromages-onetik-degustes-au-g7-par-le-president-e-macron\/","name":"Les fromages Onetik d\u00e9gust\u00e9s au G7 par le pr\u00e9sident E. Macron - Onetik","isPartOf":{"@id":"https:\/\/www.onetik.com\/fr\/#website"},"primaryImageOfPage":{"@id":"https:\/\/www.onetik.com\/fr\/les-fromages-onetik-degustes-au-g7-par-le-president-e-macron\/#primaryimage"},"image":{"@id":"https:\/\/www.onetik.com\/fr\/les-fromages-onetik-degustes-au-g7-par-le-president-e-macron\/#primaryimage"},"thumbnailUrl":"https:\/\/www.onetik.com\/wp-content\/uploads\/2019\/08\/emmanuel-macron-a-apprecie-les-produits-gastronomiques-du-pays-basque-lors-de-sa-visite-de-la-halle-iraty-pour-le-sommet-du-g7-a-biarritz.jpg","datePublished":"2019-08-27T10:56:21+00:00","dateModified":"2019-08-27T10:57:05+00:00","author":{"@id":"https:\/\/www.onetik.com\/fr\/#\/schema\/person\/fa74a4d6d1e1db6db1a150630fb8a05f"},"description":"Notre pr\u00e9sident E. Macron a pu d\u00e9guster notre fromage Ossau Iraty Grande R\u00e9serve Onetik et remporter un morceaux de notre tomme \u00e0 l\u2019\u00c9lys\u00e9e","breadcrumb":{"@id":"https:\/\/www.onetik.com\/fr\/les-fromages-onetik-degustes-au-g7-par-le-president-e-macron\/#breadcrumb"},"inLanguage":"fr-FR","potentialAction":[{"@type":"ReadAction","target":["https:\/\/www.onetik.com\/fr\/les-fromages-onetik-degustes-au-g7-par-le-president-e-macron\/"]}]},{"@type":"ImageObject","inLanguage":"fr-FR","@id":"https:\/\/www.onetik.com\/fr\/les-fromages-onetik-degustes-au-g7-par-le-president-e-macron\/#primaryimage","url":"https:\/\/www.onetik.com\/wp-content\/uploads\/2019\/08\/emmanuel-macron-a-apprecie-les-produits-gastronomiques-du-pays-basque-lors-de-sa-visite-de-la-halle-iraty-pour-le-sommet-du-g7-a-biarritz.jpg","contentUrl":"https:\/\/www.onetik.com\/wp-content\/uploads\/2019\/08\/emmanuel-macron-a-apprecie-les-produits-gastronomiques-du-pays-basque-lors-de-sa-visite-de-la-halle-iraty-pour-le-sommet-du-g7-a-biarritz.jpg","width":1000,"height":696,"caption":"E Macron a visit\u00e9 le village aquitaine au centre de presse Iraty avant l ouverture du sommet"},{"@type":"BreadcrumbList","@id":"https:\/\/www.onetik.com\/fr\/les-fromages-onetik-degustes-au-g7-par-le-president-e-macron\/#breadcrumb","itemListElement":[{"@type":"ListItem","position":1,"name":"Accueil","item":"https:\/\/www.onetik.com\/fr\/"},{"@type":"ListItem","position":2,"name":"Les fromages Onetik d\u00e9gust\u00e9s au G7 par le pr\u00e9sident E. Macron"}]},{"@type":"WebSite","@id":"https:\/\/www.onetik.com\/fr\/#website","url":"https:\/\/www.onetik.com\/fr\/","name":"Onetik","description":"La Fromagerie du Pays Basque","potentialAction":[{"@type":"SearchAction","target":{"@type":"EntryPoint","urlTemplate":"https:\/\/www.onetik.com\/fr\/?s={search_term_string}"},"query-input":{"@type":"PropertyValueSpecification","valueRequired":true,"valueName":"search_term_string"}}],"inLanguage":"fr-FR"},{"@type":"Person","@id":"https:\/\/www.onetik.com\/fr\/#\/schema\/person\/fa74a4d6d1e1db6db1a150630fb8a05f","name":"Onetik","image":{"@type":"ImageObject","inLanguage":"fr-FR","@id":"https:\/\/secure.gravatar.com\/avatar\/3bf095b73e269b37ae5d6b4326a54365bc0ffe5c73fca7e09ec3773196a6ab67?s=96&d=mm&r=g","url":"https:\/\/secure.gravatar.com\/avatar\/3bf095b73e269b37ae5d6b4326a54365bc0ffe5c73fca7e09ec3773196a6ab67?s=96&d=mm&r=g","contentUrl":"https:\/\/secure.gravatar.com\/avatar\/3bf095b73e269b37ae5d6b4326a54365bc0ffe5c73fca7e09ec3773196a6ab67?s=96&d=mm&r=g","caption":"Onetik"}}]}},"_links":{"self":[{"href":"https:\/\/www.onetik.com\/fr\/wp-json\/wp\/v2\/posts\/13341","targetHints":{"allow":["GET"]}}],"collection":[{"href":"https:\/\/www.onetik.com\/fr\/wp-json\/wp\/v2\/posts"}],"about":[{"href":"https:\/\/www.onetik.com\/fr\/wp-json\/wp\/v2\/types\/post"}],"author":[{"embeddable":true,"href":"https:\/\/www.onetik.com\/fr\/wp-json\/wp\/v2\/users\/2"}],"replies":[{"embeddable":true,"href":"https:\/\/www.onetik.com\/fr\/wp-json\/wp\/v2\/comments?post=13341"}],"version-history":[{"count":2,"href":"https:\/\/www.onetik.com\/fr\/wp-json\/wp\/v2\/posts\/13341\/revisions"}],"predecessor-version":[{"id":13349,"href":"https:\/\/www.onetik.com\/fr\/wp-json\/wp\/v2\/posts\/13341\/revisions\/13349"}],"wp:featuredmedia":[{"embeddable":true,"href":"https:\/\/www.onetik.com\/fr\/wp-json\/wp\/v2\/media\/13342"}],"wp:attachment":[{"href":"https:\/\/www.onetik.com\/fr\/wp-json\/wp\/v2\/media?parent=13341"}],"wp:term":[{"taxonomy":"category","embeddable":true,"href":"https:\/\/www.onetik.com\/fr\/wp-json\/wp\/v2\/categories?post=13341"},{"taxonomy":"post_tag","embeddable":true,"href":"https:\/\/www.onetik.com\/fr\/wp-json\/wp\/v2\/tags?post=13341"}],"curies":[{"name":"wp","href":"https:\/\/api.w.org\/{rel}","templated":true}]}}