{"id":13328,"date":"2019-08-19T12:37:19","date_gmt":"2019-08-19T12:37:19","guid":{"rendered":"http:\/\/www.onetik.com\/?p=13328"},"modified":"2020-05-29T13:35:56","modified_gmt":"2020-05-29T13:35:56","slug":"onetik-presentee-sur-le-jt-tf1-de-20h","status":"publish","type":"post","link":"https:\/\/www.onetik.com\/fr\/onetik-presentee-sur-le-jt-tf1-de-20h\/","title":{"rendered":"Onetik pr\u00e9sent\u00e9e au 20h de TF1"},"content":{"rendered":"<p>Hier soir, le dimanche 18 ao\u00fbt, notre fromagerie a \u00e9t\u00e9 mise \u00e0 l&rsquo;honneur.<\/p>\n<p>\u00ab\u00a0Du 24 au 26 ao\u00fbt 2019, les dirigeants des sept plus grandes puissances mondiales auront rendez-vous \u00e0 Biarritz pour le sommet du G7.<\/p>\n<p>Cet \u00e9v\u00e8nement met en \u00e9bullition toute une r\u00e9gion, notamment les 45 producteurs locaux choisis pour pr\u00e9parer les repas des chefs d&rsquo;\u00c9tat.<\/p>\n<p>Nous avons rencontr\u00e9 trois d&rsquo;entre eux. Ce sujet a \u00e9t\u00e9 diffus\u00e9 dans le journal t\u00e9l\u00e9vis\u00e9 de 20H du 18\/08\/2019 pr\u00e9sent\u00e9 par Audrey Crespo-Mara.\u00a0\u00bb Source TF1<\/p>\n<p>L\u2019\u00e9tablissement de Jean-Marc Salva va fournir la majorit\u00e9 des repas aux journalistes et aux d\u00e9l\u00e9gations lors du sommet diplomatique international.<\/p>\n<p>Monsieur Salva a choisi de travailler avec notre fromagerie afin de r\u00e9galer ses convives!<\/p>\n<p>Pour visionner le reportage r\u00e9alis\u00e9 par la cha\u00eene , nous vous invitons \u00e0 cliquer sur le lien ci-dessous :<\/p>\n<p><a href=\"https:\/\/www.lci.fr\/regions\/g7-a-biarritz-les-produits-basques-mis-a-l-honneur-2129846.html\">https:\/\/www.lci.fr\/regions\/g7-a-biarritz-les-produits-basques-mis-a-l-honneur-2129846.html<\/a><\/p>\n<p>&nbsp;<\/p>\n<p><a href=\"http:\/\/www.onetik.com\/wp-content\/uploads\/2019\/08\/onetikg7tf1producteurbasque.png\"><img loading=\"lazy\" decoding=\"async\" class=\"aligncenter size-full wp-image-13335\" src=\"http:\/\/www.onetik.com\/wp-content\/uploads\/2019\/08\/onetikg7tf1producteurbasque.png\" alt=\"\" width=\"676\" height=\"381\" srcset=\"https:\/\/www.onetik.com\/wp-content\/uploads\/2019\/08\/onetikg7tf1producteurbasque.png 676w, https:\/\/www.onetik.com\/wp-content\/uploads\/2019\/08\/onetikg7tf1producteurbasque-300x169.png 300w, https:\/\/www.onetik.com\/wp-content\/uploads\/2019\/08\/onetikg7tf1producteurbasque-382x215.png 382w\" sizes=\"auto, (max-width: 676px) 100vw, 676px\" \/><\/a><\/p>\n<p>&nbsp;<\/p>\n","protected":false},"excerpt":{"rendered":"<p>Hier soir, le dimanche 18 ao\u00fbt, notre fromagerie a \u00e9t\u00e9 mise \u00e0 l&rsquo;honneur. \u00ab\u00a0Du 24 au 26 ao\u00fbt 2019, les [&hellip;]<\/p>\n","protected":false},"author":2,"featured_media":13330,"comment_status":"closed","ping_status":"closed","sticky":false,"template":"","format":"standard","meta":{"_acf_changed":false,"footnotes":""},"categories":[1],"tags":[],"class_list":["post-13328","post","type-post","status-publish","format-standard","has-post-thumbnail","hentry","category-cat-actualites"],"acf":[],"yoast_head":"<!-- This site is optimized with the Yoast SEO plugin v27.2 - https:\/\/yoast.com\/product\/yoast-seo-wordpress\/ -->\n<title>Onetik pr\u00e9sent\u00e9e au 20h de TF1 - Onetik<\/title>\n<meta name=\"description\" content=\"Du 24 au 26 ao\u00fbt 2019, les dirigeants des sept plus grandes puissances mondiales auront rendez-vous \u00e0 Biarritz avec la gastonomie du Pays Basque.\" \/>\n<meta name=\"robots\" content=\"index, follow, max-snippet:-1, max-image-preview:large, max-video-preview:-1\" \/>\n<link rel=\"canonical\" href=\"https:\/\/www.onetik.com\/fr\/onetik-presentee-sur-le-jt-tf1-de-20h\/\" \/>\n<meta property=\"og:locale\" content=\"fr_FR\" \/>\n<meta property=\"og:type\" content=\"article\" \/>\n<meta property=\"og:title\" content=\"Onetik pr\u00e9sent\u00e9e au 20h de TF1 - Onetik\" \/>\n<meta property=\"og:description\" content=\"Du 24 au 26 ao\u00fbt 2019, les dirigeants des sept plus grandes puissances mondiales auront rendez-vous \u00e0 Biarritz avec la gastonomie du Pays Basque.\" \/>\n<meta property=\"og:url\" content=\"https:\/\/www.onetik.com\/fr\/onetik-presentee-sur-le-jt-tf1-de-20h\/\" \/>\n<meta property=\"og:site_name\" content=\"Onetik\" \/>\n<meta property=\"article:published_time\" content=\"2019-08-19T12:37:19+00:00\" \/>\n<meta property=\"article:modified_time\" content=\"2020-05-29T13:35:56+00:00\" \/>\n<meta property=\"og:image\" content=\"https:\/\/www.onetik.com\/wp-content\/uploads\/2019\/08\/benat-saint-esteben.png\" \/>\n\t<meta property=\"og:image:width\" content=\"684\" \/>\n\t<meta property=\"og:image:height\" content=\"394\" \/>\n\t<meta property=\"og:image:type\" content=\"image\/png\" \/>\n<meta name=\"author\" content=\"Onetik\" \/>\n<meta name=\"twitter:card\" content=\"summary_large_image\" \/>\n<meta name=\"twitter:label1\" content=\"\u00c9crit par\" \/>\n\t<meta name=\"twitter:data1\" content=\"Onetik\" \/>\n\t<meta name=\"twitter:label2\" content=\"Dur\u00e9e de lecture estim\u00e9e\" \/>\n\t<meta name=\"twitter:data2\" content=\"1 minute\" \/>\n<script type=\"application\/ld+json\" class=\"yoast-schema-graph\">{\"@context\":\"https:\/\/schema.org\",\"@graph\":[{\"@type\":\"Article\",\"@id\":\"https:\/\/www.onetik.com\/fr\/onetik-presentee-sur-le-jt-tf1-de-20h\/#article\",\"isPartOf\":{\"@id\":\"https:\/\/www.onetik.com\/fr\/onetik-presentee-sur-le-jt-tf1-de-20h\/\"},\"author\":{\"name\":\"Onetik\",\"@id\":\"https:\/\/www.onetik.com\/fr\/#\/schema\/person\/fa74a4d6d1e1db6db1a150630fb8a05f\"},\"headline\":\"Onetik pr\u00e9sent\u00e9e au 20h de TF1\",\"datePublished\":\"2019-08-19T12:37:19+00:00\",\"dateModified\":\"2020-05-29T13:35:56+00:00\",\"mainEntityOfPage\":{\"@id\":\"https:\/\/www.onetik.com\/fr\/onetik-presentee-sur-le-jt-tf1-de-20h\/\"},\"wordCount\":157,\"image\":{\"@id\":\"https:\/\/www.onetik.com\/fr\/onetik-presentee-sur-le-jt-tf1-de-20h\/#primaryimage\"},\"thumbnailUrl\":\"https:\/\/www.onetik.com\/wp-content\/uploads\/2019\/08\/benat-saint-esteben.png\",\"articleSection\":[\"Actualit\u00e9s\"],\"inLanguage\":\"fr-FR\"},{\"@type\":\"WebPage\",\"@id\":\"https:\/\/www.onetik.com\/fr\/onetik-presentee-sur-le-jt-tf1-de-20h\/\",\"url\":\"https:\/\/www.onetik.com\/fr\/onetik-presentee-sur-le-jt-tf1-de-20h\/\",\"name\":\"Onetik pr\u00e9sent\u00e9e au 20h de TF1 - Onetik\",\"isPartOf\":{\"@id\":\"https:\/\/www.onetik.com\/fr\/#website\"},\"primaryImageOfPage\":{\"@id\":\"https:\/\/www.onetik.com\/fr\/onetik-presentee-sur-le-jt-tf1-de-20h\/#primaryimage\"},\"image\":{\"@id\":\"https:\/\/www.onetik.com\/fr\/onetik-presentee-sur-le-jt-tf1-de-20h\/#primaryimage\"},\"thumbnailUrl\":\"https:\/\/www.onetik.com\/wp-content\/uploads\/2019\/08\/benat-saint-esteben.png\",\"datePublished\":\"2019-08-19T12:37:19+00:00\",\"dateModified\":\"2020-05-29T13:35:56+00:00\",\"author\":{\"@id\":\"https:\/\/www.onetik.com\/fr\/#\/schema\/person\/fa74a4d6d1e1db6db1a150630fb8a05f\"},\"description\":\"Du 24 au 26 ao\u00fbt 2019, les dirigeants des sept plus grandes puissances mondiales auront rendez-vous \u00e0 Biarritz avec la gastonomie du Pays Basque.\",\"breadcrumb\":{\"@id\":\"https:\/\/www.onetik.com\/fr\/onetik-presentee-sur-le-jt-tf1-de-20h\/#breadcrumb\"},\"inLanguage\":\"fr-FR\",\"potentialAction\":[{\"@type\":\"ReadAction\",\"target\":[\"https:\/\/www.onetik.com\/fr\/onetik-presentee-sur-le-jt-tf1-de-20h\/\"]}]},{\"@type\":\"ImageObject\",\"inLanguage\":\"fr-FR\",\"@id\":\"https:\/\/www.onetik.com\/fr\/onetik-presentee-sur-le-jt-tf1-de-20h\/#primaryimage\",\"url\":\"https:\/\/www.onetik.com\/wp-content\/uploads\/2019\/08\/benat-saint-esteben.png\",\"contentUrl\":\"https:\/\/www.onetik.com\/wp-content\/uploads\/2019\/08\/benat-saint-esteben.png\",\"width\":684,\"height\":394},{\"@type\":\"BreadcrumbList\",\"@id\":\"https:\/\/www.onetik.com\/fr\/onetik-presentee-sur-le-jt-tf1-de-20h\/#breadcrumb\",\"itemListElement\":[{\"@type\":\"ListItem\",\"position\":1,\"name\":\"Accueil\",\"item\":\"https:\/\/www.onetik.com\/fr\/\"},{\"@type\":\"ListItem\",\"position\":2,\"name\":\"Onetik pr\u00e9sent\u00e9e au 20h de TF1\"}]},{\"@type\":\"WebSite\",\"@id\":\"https:\/\/www.onetik.com\/fr\/#website\",\"url\":\"https:\/\/www.onetik.com\/fr\/\",\"name\":\"Onetik\",\"description\":\"La Fromagerie du Pays Basque\",\"potentialAction\":[{\"@type\":\"SearchAction\",\"target\":{\"@type\":\"EntryPoint\",\"urlTemplate\":\"https:\/\/www.onetik.com\/fr\/?s={search_term_string}\"},\"query-input\":{\"@type\":\"PropertyValueSpecification\",\"valueRequired\":true,\"valueName\":\"search_term_string\"}}],\"inLanguage\":\"fr-FR\"},{\"@type\":\"Person\",\"@id\":\"https:\/\/www.onetik.com\/fr\/#\/schema\/person\/fa74a4d6d1e1db6db1a150630fb8a05f\",\"name\":\"Onetik\",\"image\":{\"@type\":\"ImageObject\",\"inLanguage\":\"fr-FR\",\"@id\":\"https:\/\/secure.gravatar.com\/avatar\/3bf095b73e269b37ae5d6b4326a54365bc0ffe5c73fca7e09ec3773196a6ab67?s=96&d=mm&r=g\",\"url\":\"https:\/\/secure.gravatar.com\/avatar\/3bf095b73e269b37ae5d6b4326a54365bc0ffe5c73fca7e09ec3773196a6ab67?s=96&d=mm&r=g\",\"contentUrl\":\"https:\/\/secure.gravatar.com\/avatar\/3bf095b73e269b37ae5d6b4326a54365bc0ffe5c73fca7e09ec3773196a6ab67?s=96&d=mm&r=g\",\"caption\":\"Onetik\"}}]}<\/script>\n<!-- \/ Yoast SEO plugin. -->","yoast_head_json":{"title":"Onetik pr\u00e9sent\u00e9e au 20h de TF1 - Onetik","description":"Du 24 au 26 ao\u00fbt 2019, les dirigeants des sept plus grandes puissances mondiales auront rendez-vous \u00e0 Biarritz avec la gastonomie du Pays Basque.","robots":{"index":"index","follow":"follow","max-snippet":"max-snippet:-1","max-image-preview":"max-image-preview:large","max-video-preview":"max-video-preview:-1"},"canonical":"https:\/\/www.onetik.com\/fr\/onetik-presentee-sur-le-jt-tf1-de-20h\/","og_locale":"fr_FR","og_type":"article","og_title":"Onetik pr\u00e9sent\u00e9e au 20h de TF1 - Onetik","og_description":"Du 24 au 26 ao\u00fbt 2019, les dirigeants des sept plus grandes puissances mondiales auront rendez-vous \u00e0 Biarritz avec la gastonomie du Pays Basque.","og_url":"https:\/\/www.onetik.com\/fr\/onetik-presentee-sur-le-jt-tf1-de-20h\/","og_site_name":"Onetik","article_published_time":"2019-08-19T12:37:19+00:00","article_modified_time":"2020-05-29T13:35:56+00:00","og_image":[{"width":684,"height":394,"url":"https:\/\/www.onetik.com\/wp-content\/uploads\/2019\/08\/benat-saint-esteben.png","type":"image\/png"}],"author":"Onetik","twitter_card":"summary_large_image","twitter_misc":{"\u00c9crit par":"Onetik","Dur\u00e9e de lecture estim\u00e9e":"1 minute"},"schema":{"@context":"https:\/\/schema.org","@graph":[{"@type":"Article","@id":"https:\/\/www.onetik.com\/fr\/onetik-presentee-sur-le-jt-tf1-de-20h\/#article","isPartOf":{"@id":"https:\/\/www.onetik.com\/fr\/onetik-presentee-sur-le-jt-tf1-de-20h\/"},"author":{"name":"Onetik","@id":"https:\/\/www.onetik.com\/fr\/#\/schema\/person\/fa74a4d6d1e1db6db1a150630fb8a05f"},"headline":"Onetik pr\u00e9sent\u00e9e au 20h de TF1","datePublished":"2019-08-19T12:37:19+00:00","dateModified":"2020-05-29T13:35:56+00:00","mainEntityOfPage":{"@id":"https:\/\/www.onetik.com\/fr\/onetik-presentee-sur-le-jt-tf1-de-20h\/"},"wordCount":157,"image":{"@id":"https:\/\/www.onetik.com\/fr\/onetik-presentee-sur-le-jt-tf1-de-20h\/#primaryimage"},"thumbnailUrl":"https:\/\/www.onetik.com\/wp-content\/uploads\/2019\/08\/benat-saint-esteben.png","articleSection":["Actualit\u00e9s"],"inLanguage":"fr-FR"},{"@type":"WebPage","@id":"https:\/\/www.onetik.com\/fr\/onetik-presentee-sur-le-jt-tf1-de-20h\/","url":"https:\/\/www.onetik.com\/fr\/onetik-presentee-sur-le-jt-tf1-de-20h\/","name":"Onetik pr\u00e9sent\u00e9e au 20h de TF1 - Onetik","isPartOf":{"@id":"https:\/\/www.onetik.com\/fr\/#website"},"primaryImageOfPage":{"@id":"https:\/\/www.onetik.com\/fr\/onetik-presentee-sur-le-jt-tf1-de-20h\/#primaryimage"},"image":{"@id":"https:\/\/www.onetik.com\/fr\/onetik-presentee-sur-le-jt-tf1-de-20h\/#primaryimage"},"thumbnailUrl":"https:\/\/www.onetik.com\/wp-content\/uploads\/2019\/08\/benat-saint-esteben.png","datePublished":"2019-08-19T12:37:19+00:00","dateModified":"2020-05-29T13:35:56+00:00","author":{"@id":"https:\/\/www.onetik.com\/fr\/#\/schema\/person\/fa74a4d6d1e1db6db1a150630fb8a05f"},"description":"Du 24 au 26 ao\u00fbt 2019, les dirigeants des sept plus grandes puissances mondiales auront rendez-vous \u00e0 Biarritz avec la gastonomie du Pays Basque.","breadcrumb":{"@id":"https:\/\/www.onetik.com\/fr\/onetik-presentee-sur-le-jt-tf1-de-20h\/#breadcrumb"},"inLanguage":"fr-FR","potentialAction":[{"@type":"ReadAction","target":["https:\/\/www.onetik.com\/fr\/onetik-presentee-sur-le-jt-tf1-de-20h\/"]}]},{"@type":"ImageObject","inLanguage":"fr-FR","@id":"https:\/\/www.onetik.com\/fr\/onetik-presentee-sur-le-jt-tf1-de-20h\/#primaryimage","url":"https:\/\/www.onetik.com\/wp-content\/uploads\/2019\/08\/benat-saint-esteben.png","contentUrl":"https:\/\/www.onetik.com\/wp-content\/uploads\/2019\/08\/benat-saint-esteben.png","width":684,"height":394},{"@type":"BreadcrumbList","@id":"https:\/\/www.onetik.com\/fr\/onetik-presentee-sur-le-jt-tf1-de-20h\/#breadcrumb","itemListElement":[{"@type":"ListItem","position":1,"name":"Accueil","item":"https:\/\/www.onetik.com\/fr\/"},{"@type":"ListItem","position":2,"name":"Onetik pr\u00e9sent\u00e9e au 20h de TF1"}]},{"@type":"WebSite","@id":"https:\/\/www.onetik.com\/fr\/#website","url":"https:\/\/www.onetik.com\/fr\/","name":"Onetik","description":"La Fromagerie du Pays Basque","potentialAction":[{"@type":"SearchAction","target":{"@type":"EntryPoint","urlTemplate":"https:\/\/www.onetik.com\/fr\/?s={search_term_string}"},"query-input":{"@type":"PropertyValueSpecification","valueRequired":true,"valueName":"search_term_string"}}],"inLanguage":"fr-FR"},{"@type":"Person","@id":"https:\/\/www.onetik.com\/fr\/#\/schema\/person\/fa74a4d6d1e1db6db1a150630fb8a05f","name":"Onetik","image":{"@type":"ImageObject","inLanguage":"fr-FR","@id":"https:\/\/secure.gravatar.com\/avatar\/3bf095b73e269b37ae5d6b4326a54365bc0ffe5c73fca7e09ec3773196a6ab67?s=96&d=mm&r=g","url":"https:\/\/secure.gravatar.com\/avatar\/3bf095b73e269b37ae5d6b4326a54365bc0ffe5c73fca7e09ec3773196a6ab67?s=96&d=mm&r=g","contentUrl":"https:\/\/secure.gravatar.com\/avatar\/3bf095b73e269b37ae5d6b4326a54365bc0ffe5c73fca7e09ec3773196a6ab67?s=96&d=mm&r=g","caption":"Onetik"}}]}},"_links":{"self":[{"href":"https:\/\/www.onetik.com\/fr\/wp-json\/wp\/v2\/posts\/13328","targetHints":{"allow":["GET"]}}],"collection":[{"href":"https:\/\/www.onetik.com\/fr\/wp-json\/wp\/v2\/posts"}],"about":[{"href":"https:\/\/www.onetik.com\/fr\/wp-json\/wp\/v2\/types\/post"}],"author":[{"embeddable":true,"href":"https:\/\/www.onetik.com\/fr\/wp-json\/wp\/v2\/users\/2"}],"replies":[{"embeddable":true,"href":"https:\/\/www.onetik.com\/fr\/wp-json\/wp\/v2\/comments?post=13328"}],"version-history":[{"count":5,"href":"https:\/\/www.onetik.com\/fr\/wp-json\/wp\/v2\/posts\/13328\/revisions"}],"predecessor-version":[{"id":13883,"href":"https:\/\/www.onetik.com\/fr\/wp-json\/wp\/v2\/posts\/13328\/revisions\/13883"}],"wp:featuredmedia":[{"embeddable":true,"href":"https:\/\/www.onetik.com\/fr\/wp-json\/wp\/v2\/media\/13330"}],"wp:attachment":[{"href":"https:\/\/www.onetik.com\/fr\/wp-json\/wp\/v2\/media?parent=13328"}],"wp:term":[{"taxonomy":"category","embeddable":true,"href":"https:\/\/www.onetik.com\/fr\/wp-json\/wp\/v2\/categories?post=13328"},{"taxonomy":"post_tag","embeddable":true,"href":"https:\/\/www.onetik.com\/fr\/wp-json\/wp\/v2\/tags?post=13328"}],"curies":[{"name":"wp","href":"https:\/\/api.w.org\/{rel}","templated":true}]}}