{"id":13297,"date":"2019-07-26T14:11:17","date_gmt":"2019-07-26T14:11:17","guid":{"rendered":"http:\/\/www.onetik.com\/?p=13297"},"modified":"2019-07-26T14:11:17","modified_gmt":"2019-07-26T14:11:17","slug":"fete-de-bayonne-basquilait-ouvre-le-bal","status":"publish","type":"post","link":"https:\/\/www.onetik.com\/fr\/fete-de-bayonne-basquilait-ouvre-le-bal\/","title":{"rendered":"F\u00eate de Bayonne : Basquilait ouvre le bal !"},"content":{"rendered":"<p>Traditionnellement, aux F\u00eates de Bayonne, le jeudi est r\u00e9serv\u00e9 aux enfants.<\/p>\n<p>Le programme leur \u00e9tait en tr\u00e8s grande partie d\u00e9di\u00e9 et ce d\u00e8s 10 heures du matin avec la distribution de chocolat chaud au lait Basquilait, organis\u00e9e par la pe\u00f1a Betisoak.<\/p>\n<p>Le lait Basquilait est un lait local produit par des vaches Basques ! Fi\u00e8re de notre lait, nous avons pu r\u00e9galer les jeunes festayres et leurs offrir un petit d\u00e9jeuner \u00e0 la hauteur de leurs gourmandises !<\/p>\n<p>Nous remercions encore chaleureusement, nos amis de la pe\u00f1a Betisoak, qui nous ont permis daller \u00e0 la rencontre des enfants en rouge et blanc.<\/p>\n<p>&nbsp;<\/p>\n<p>&nbsp;<\/p>\n\n\t\t<style type=\"text\/css\">\n\t\t\t#gallery-1 {\n\t\t\t\tmargin: auto;\n\t\t\t}\n\t\t\t#gallery-1 .gallery-item {\n\t\t\t\tfloat: left;\n\t\t\t\tmargin-top: 10px;\n\t\t\t\ttext-align: center;\n\t\t\t\twidth: 20%;\n\t\t\t}\n\t\t\t#gallery-1 img {\n\t\t\t\tborder: 2px solid #cfcfcf;\n\t\t\t}\n\t\t\t#gallery-1 .gallery-caption {\n\t\t\t\tmargin-left: 0;\n\t\t\t}\n\t\t\t\/* see gallery_shortcode() in wp-includes\/media.php *\/\n\t\t<\/style>\n\t\t<div id='gallery-1' class='gallery galleryid-13297 gallery-columns-5 gallery-size-thumbnail'><dl class='gallery-item'>\n\t\t\t<dt class='gallery-icon landscape'>\n\t\t\t\t<a href='https:\/\/www.onetik.com\/fr\/fete-de-bayonne-basquilait-ouvre-le-bal\/img_1323\/'><img loading=\"lazy\" decoding=\"async\" width=\"150\" height=\"150\" src=\"https:\/\/www.onetik.com\/wp-content\/uploads\/2019\/07\/IMG_1323-150x150.jpg\" class=\"attachment-thumbnail size-thumbnail\" alt=\"\" srcset=\"https:\/\/www.onetik.com\/wp-content\/uploads\/2019\/07\/IMG_1323-150x150.jpg 150w, https:\/\/www.onetik.com\/wp-content\/uploads\/2019\/07\/IMG_1323-200x200.jpg 200w, https:\/\/www.onetik.com\/wp-content\/uploads\/2019\/07\/IMG_1323-245x245.jpg 245w, https:\/\/www.onetik.com\/wp-content\/uploads\/2019\/07\/IMG_1323-243x244.jpg 243w, https:\/\/www.onetik.com\/wp-content\/uploads\/2019\/07\/IMG_1323-141x141.jpg 141w\" sizes=\"auto, (max-width: 150px) 100vw, 150px\" \/><\/a>\n\t\t\t<\/dt><\/dl><dl class='gallery-item'>\n\t\t\t<dt class='gallery-icon landscape'>\n\t\t\t\t<a href='https:\/\/www.onetik.com\/fr\/fete-de-bayonne-basquilait-ouvre-le-bal\/img_1303\/'><img loading=\"lazy\" decoding=\"async\" width=\"150\" height=\"150\" src=\"https:\/\/www.onetik.com\/wp-content\/uploads\/2019\/07\/IMG_1303-150x150.jpg\" class=\"attachment-thumbnail size-thumbnail\" alt=\"\" srcset=\"https:\/\/www.onetik.com\/wp-content\/uploads\/2019\/07\/IMG_1303-150x150.jpg 150w, https:\/\/www.onetik.com\/wp-content\/uploads\/2019\/07\/IMG_1303-200x200.jpg 200w, https:\/\/www.onetik.com\/wp-content\/uploads\/2019\/07\/IMG_1303-245x245.jpg 245w, https:\/\/www.onetik.com\/wp-content\/uploads\/2019\/07\/IMG_1303-243x244.jpg 243w, https:\/\/www.onetik.com\/wp-content\/uploads\/2019\/07\/IMG_1303-141x141.jpg 141w\" sizes=\"auto, (max-width: 150px) 100vw, 150px\" \/><\/a>\n\t\t\t<\/dt><\/dl><dl class='gallery-item'>\n\t\t\t<dt class='gallery-icon landscape'>\n\t\t\t\t<a href='https:\/\/www.onetik.com\/fr\/fete-de-bayonne-basquilait-ouvre-le-bal\/img_1297\/'><img loading=\"lazy\" decoding=\"async\" width=\"150\" height=\"150\" src=\"https:\/\/www.onetik.com\/wp-content\/uploads\/2019\/07\/IMG_1297-150x150.jpg\" class=\"attachment-thumbnail size-thumbnail\" alt=\"\" srcset=\"https:\/\/www.onetik.com\/wp-content\/uploads\/2019\/07\/IMG_1297-150x150.jpg 150w, https:\/\/www.onetik.com\/wp-content\/uploads\/2019\/07\/IMG_1297-200x200.jpg 200w, https:\/\/www.onetik.com\/wp-content\/uploads\/2019\/07\/IMG_1297-245x245.jpg 245w, https:\/\/www.onetik.com\/wp-content\/uploads\/2019\/07\/IMG_1297-243x244.jpg 243w, https:\/\/www.onetik.com\/wp-content\/uploads\/2019\/07\/IMG_1297-141x141.jpg 141w\" sizes=\"auto, (max-width: 150px) 100vw, 150px\" \/><\/a>\n\t\t\t<\/dt><\/dl><dl class='gallery-item'>\n\t\t\t<dt class='gallery-icon landscape'>\n\t\t\t\t<a href='https:\/\/www.onetik.com\/fr\/fete-de-bayonne-basquilait-ouvre-le-bal\/img_1291-4\/'><img loading=\"lazy\" decoding=\"async\" width=\"150\" height=\"150\" src=\"https:\/\/www.onetik.com\/wp-content\/uploads\/2019\/07\/IMG_1291-150x150.jpg\" class=\"attachment-thumbnail size-thumbnail\" alt=\"\" srcset=\"https:\/\/www.onetik.com\/wp-content\/uploads\/2019\/07\/IMG_1291-150x150.jpg 150w, https:\/\/www.onetik.com\/wp-content\/uploads\/2019\/07\/IMG_1291-200x200.jpg 200w, https:\/\/www.onetik.com\/wp-content\/uploads\/2019\/07\/IMG_1291-245x245.jpg 245w, https:\/\/www.onetik.com\/wp-content\/uploads\/2019\/07\/IMG_1291-243x244.jpg 243w, https:\/\/www.onetik.com\/wp-content\/uploads\/2019\/07\/IMG_1291-141x141.jpg 141w\" sizes=\"auto, (max-width: 150px) 100vw, 150px\" \/><\/a>\n\t\t\t<\/dt><\/dl><dl class='gallery-item'>\n\t\t\t<dt class='gallery-icon landscape'>\n\t\t\t\t<a href='https:\/\/www.onetik.com\/fr\/fete-de-bayonne-basquilait-ouvre-le-bal\/img_1289\/'><img loading=\"lazy\" decoding=\"async\" width=\"150\" height=\"150\" src=\"https:\/\/www.onetik.com\/wp-content\/uploads\/2019\/07\/IMG_1289-150x150.jpg\" class=\"attachment-thumbnail size-thumbnail\" alt=\"\" srcset=\"https:\/\/www.onetik.com\/wp-content\/uploads\/2019\/07\/IMG_1289-150x150.jpg 150w, https:\/\/www.onetik.com\/wp-content\/uploads\/2019\/07\/IMG_1289-200x200.jpg 200w, https:\/\/www.onetik.com\/wp-content\/uploads\/2019\/07\/IMG_1289-245x245.jpg 245w, https:\/\/www.onetik.com\/wp-content\/uploads\/2019\/07\/IMG_1289-243x244.jpg 243w, https:\/\/www.onetik.com\/wp-content\/uploads\/2019\/07\/IMG_1289-141x141.jpg 141w\" sizes=\"auto, (max-width: 150px) 100vw, 150px\" \/><\/a>\n\t\t\t<\/dt><\/dl><br style=\"clear: both\" \/>\n\t\t<\/div>\n\n<h1 style=\"text-align: center;\">BASQUILAIT<\/h1>\n<p><a href=\"http:\/\/www.onetik.com\/wp-content\/uploads\/2019\/07\/Sans-titre-e1564150158706.png\"><img loading=\"lazy\" decoding=\"async\" class=\"aligncenter wp-image-13314 \" src=\"http:\/\/www.onetik.com\/wp-content\/uploads\/2019\/07\/Sans-titre-e1564150158706.png\" alt=\"\" width=\"282\" height=\"479\" srcset=\"https:\/\/www.onetik.com\/wp-content\/uploads\/2019\/07\/Sans-titre-e1564150158706.png 749w, https:\/\/www.onetik.com\/wp-content\/uploads\/2019\/07\/Sans-titre-e1564150158706-177x300.png 177w, https:\/\/www.onetik.com\/wp-content\/uploads\/2019\/07\/Sans-titre-e1564150158706-603x1024.png 603w, https:\/\/www.onetik.com\/wp-content\/uploads\/2019\/07\/Sans-titre-e1564150158706-382x648.png 382w\" sizes=\"auto, (max-width: 282px) 100vw, 282px\" \/><\/a><\/p>\n<p>&nbsp;<\/p>\n","protected":false},"excerpt":{"rendered":"<p>Traditionnellement, aux F\u00eates de Bayonne, le jeudi est r\u00e9serv\u00e9 aux enfants. Le programme leur \u00e9tait en tr\u00e8s grande partie d\u00e9di\u00e9 [&hellip;]<\/p>\n","protected":false},"author":2,"featured_media":13304,"comment_status":"closed","ping_status":"closed","sticky":false,"template":"","format":"standard","meta":{"_acf_changed":false,"footnotes":""},"categories":[1],"tags":[],"class_list":["post-13297","post","type-post","status-publish","format-standard","has-post-thumbnail","hentry","category-cat-actualites"],"acf":[],"yoast_head":"<!-- This site is optimized with the Yoast SEO plugin v27.2 - https:\/\/yoast.com\/product\/yoast-seo-wordpress\/ -->\n<title>F\u00eate de Bayonne : Basquilait ouvre le bal ! - Onetik<\/title>\n<meta name=\"description\" content=\"Traditionnellement, aux F\u00eates de Bayonne, le jeudi est r\u00e9serv\u00e9 aux enfants.Une distribtuion de chocolat au lait Basquilait \u00e9t\u00e9 offerte par la pe\u00f1a Betisoak.\" \/>\n<meta name=\"robots\" content=\"index, follow, max-snippet:-1, max-image-preview:large, max-video-preview:-1\" \/>\n<link rel=\"canonical\" href=\"https:\/\/www.onetik.com\/fr\/fete-de-bayonne-basquilait-ouvre-le-bal\/\" \/>\n<meta property=\"og:locale\" content=\"fr_FR\" \/>\n<meta property=\"og:type\" content=\"article\" \/>\n<meta property=\"og:title\" content=\"F\u00eate de Bayonne : Basquilait ouvre le bal ! - Onetik\" \/>\n<meta property=\"og:description\" content=\"Traditionnellement, aux F\u00eates de Bayonne, le jeudi est r\u00e9serv\u00e9 aux enfants.Une distribtuion de chocolat au lait Basquilait \u00e9t\u00e9 offerte par la pe\u00f1a Betisoak.\" \/>\n<meta property=\"og:url\" content=\"https:\/\/www.onetik.com\/fr\/fete-de-bayonne-basquilait-ouvre-le-bal\/\" \/>\n<meta property=\"og:site_name\" content=\"Onetik\" \/>\n<meta property=\"article:published_time\" content=\"2019-07-26T14:11:17+00:00\" \/>\n<meta property=\"og:image\" content=\"https:\/\/www.onetik.com\/wp-content\/uploads\/2019\/07\/IMG_1297-1024x768.jpg\" \/>\n\t<meta property=\"og:image:width\" content=\"1024\" \/>\n\t<meta property=\"og:image:height\" content=\"768\" \/>\n\t<meta property=\"og:image:type\" content=\"image\/jpeg\" \/>\n<meta name=\"author\" content=\"Onetik\" \/>\n<meta name=\"twitter:card\" content=\"summary_large_image\" \/>\n<meta name=\"twitter:label1\" content=\"\u00c9crit par\" \/>\n\t<meta name=\"twitter:data1\" content=\"Onetik\" \/>\n\t<meta name=\"twitter:label2\" content=\"Dur\u00e9e de lecture estim\u00e9e\" \/>\n\t<meta name=\"twitter:data2\" content=\"1 minute\" \/>\n<script type=\"application\/ld+json\" class=\"yoast-schema-graph\">{\"@context\":\"https:\/\/schema.org\",\"@graph\":[{\"@type\":\"Article\",\"@id\":\"https:\/\/www.onetik.com\/fr\/fete-de-bayonne-basquilait-ouvre-le-bal\/#article\",\"isPartOf\":{\"@id\":\"https:\/\/www.onetik.com\/fr\/fete-de-bayonne-basquilait-ouvre-le-bal\/\"},\"author\":{\"name\":\"Onetik\",\"@id\":\"https:\/\/www.onetik.com\/fr\/#\/schema\/person\/fa74a4d6d1e1db6db1a150630fb8a05f\"},\"headline\":\"F\u00eate de Bayonne : Basquilait ouvre le bal !\",\"datePublished\":\"2019-07-26T14:11:17+00:00\",\"mainEntityOfPage\":{\"@id\":\"https:\/\/www.onetik.com\/fr\/fete-de-bayonne-basquilait-ouvre-le-bal\/\"},\"wordCount\":123,\"image\":{\"@id\":\"https:\/\/www.onetik.com\/fr\/fete-de-bayonne-basquilait-ouvre-le-bal\/#primaryimage\"},\"thumbnailUrl\":\"https:\/\/www.onetik.com\/wp-content\/uploads\/2019\/07\/IMG_1297.jpg\",\"articleSection\":[\"Actualit\u00e9s\"],\"inLanguage\":\"fr-FR\"},{\"@type\":\"WebPage\",\"@id\":\"https:\/\/www.onetik.com\/fr\/fete-de-bayonne-basquilait-ouvre-le-bal\/\",\"url\":\"https:\/\/www.onetik.com\/fr\/fete-de-bayonne-basquilait-ouvre-le-bal\/\",\"name\":\"F\u00eate de Bayonne : Basquilait ouvre le bal ! - Onetik\",\"isPartOf\":{\"@id\":\"https:\/\/www.onetik.com\/fr\/#website\"},\"primaryImageOfPage\":{\"@id\":\"https:\/\/www.onetik.com\/fr\/fete-de-bayonne-basquilait-ouvre-le-bal\/#primaryimage\"},\"image\":{\"@id\":\"https:\/\/www.onetik.com\/fr\/fete-de-bayonne-basquilait-ouvre-le-bal\/#primaryimage\"},\"thumbnailUrl\":\"https:\/\/www.onetik.com\/wp-content\/uploads\/2019\/07\/IMG_1297.jpg\",\"datePublished\":\"2019-07-26T14:11:17+00:00\",\"author\":{\"@id\":\"https:\/\/www.onetik.com\/fr\/#\/schema\/person\/fa74a4d6d1e1db6db1a150630fb8a05f\"},\"description\":\"Traditionnellement, aux F\u00eates de Bayonne, le jeudi est r\u00e9serv\u00e9 aux enfants.Une distribtuion de chocolat au lait Basquilait \u00e9t\u00e9 offerte par la pe\u00f1a Betisoak.\",\"breadcrumb\":{\"@id\":\"https:\/\/www.onetik.com\/fr\/fete-de-bayonne-basquilait-ouvre-le-bal\/#breadcrumb\"},\"inLanguage\":\"fr-FR\",\"potentialAction\":[{\"@type\":\"ReadAction\",\"target\":[\"https:\/\/www.onetik.com\/fr\/fete-de-bayonne-basquilait-ouvre-le-bal\/\"]}]},{\"@type\":\"ImageObject\",\"inLanguage\":\"fr-FR\",\"@id\":\"https:\/\/www.onetik.com\/fr\/fete-de-bayonne-basquilait-ouvre-le-bal\/#primaryimage\",\"url\":\"https:\/\/www.onetik.com\/wp-content\/uploads\/2019\/07\/IMG_1297.jpg\",\"contentUrl\":\"https:\/\/www.onetik.com\/wp-content\/uploads\/2019\/07\/IMG_1297.jpg\",\"width\":4032,\"height\":3024},{\"@type\":\"BreadcrumbList\",\"@id\":\"https:\/\/www.onetik.com\/fr\/fete-de-bayonne-basquilait-ouvre-le-bal\/#breadcrumb\",\"itemListElement\":[{\"@type\":\"ListItem\",\"position\":1,\"name\":\"Accueil\",\"item\":\"https:\/\/www.onetik.com\/fr\/\"},{\"@type\":\"ListItem\",\"position\":2,\"name\":\"F\u00eate de Bayonne : Basquilait ouvre le bal !\"}]},{\"@type\":\"WebSite\",\"@id\":\"https:\/\/www.onetik.com\/fr\/#website\",\"url\":\"https:\/\/www.onetik.com\/fr\/\",\"name\":\"Onetik\",\"description\":\"La Fromagerie du Pays Basque\",\"potentialAction\":[{\"@type\":\"SearchAction\",\"target\":{\"@type\":\"EntryPoint\",\"urlTemplate\":\"https:\/\/www.onetik.com\/fr\/?s={search_term_string}\"},\"query-input\":{\"@type\":\"PropertyValueSpecification\",\"valueRequired\":true,\"valueName\":\"search_term_string\"}}],\"inLanguage\":\"fr-FR\"},{\"@type\":\"Person\",\"@id\":\"https:\/\/www.onetik.com\/fr\/#\/schema\/person\/fa74a4d6d1e1db6db1a150630fb8a05f\",\"name\":\"Onetik\",\"image\":{\"@type\":\"ImageObject\",\"inLanguage\":\"fr-FR\",\"@id\":\"https:\/\/secure.gravatar.com\/avatar\/3bf095b73e269b37ae5d6b4326a54365bc0ffe5c73fca7e09ec3773196a6ab67?s=96&d=mm&r=g\",\"url\":\"https:\/\/secure.gravatar.com\/avatar\/3bf095b73e269b37ae5d6b4326a54365bc0ffe5c73fca7e09ec3773196a6ab67?s=96&d=mm&r=g\",\"contentUrl\":\"https:\/\/secure.gravatar.com\/avatar\/3bf095b73e269b37ae5d6b4326a54365bc0ffe5c73fca7e09ec3773196a6ab67?s=96&d=mm&r=g\",\"caption\":\"Onetik\"}}]}<\/script>\n<!-- \/ Yoast SEO plugin. -->","yoast_head_json":{"title":"F\u00eate de Bayonne : Basquilait ouvre le bal ! - Onetik","description":"Traditionnellement, aux F\u00eates de Bayonne, le jeudi est r\u00e9serv\u00e9 aux enfants.Une distribtuion de chocolat au lait Basquilait \u00e9t\u00e9 offerte par la pe\u00f1a Betisoak.","robots":{"index":"index","follow":"follow","max-snippet":"max-snippet:-1","max-image-preview":"max-image-preview:large","max-video-preview":"max-video-preview:-1"},"canonical":"https:\/\/www.onetik.com\/fr\/fete-de-bayonne-basquilait-ouvre-le-bal\/","og_locale":"fr_FR","og_type":"article","og_title":"F\u00eate de Bayonne : Basquilait ouvre le bal ! - Onetik","og_description":"Traditionnellement, aux F\u00eates de Bayonne, le jeudi est r\u00e9serv\u00e9 aux enfants.Une distribtuion de chocolat au lait Basquilait \u00e9t\u00e9 offerte par la pe\u00f1a Betisoak.","og_url":"https:\/\/www.onetik.com\/fr\/fete-de-bayonne-basquilait-ouvre-le-bal\/","og_site_name":"Onetik","article_published_time":"2019-07-26T14:11:17+00:00","og_image":[{"width":1024,"height":768,"url":"https:\/\/www.onetik.com\/wp-content\/uploads\/2019\/07\/IMG_1297-1024x768.jpg","type":"image\/jpeg"}],"author":"Onetik","twitter_card":"summary_large_image","twitter_misc":{"\u00c9crit par":"Onetik","Dur\u00e9e de lecture estim\u00e9e":"1 minute"},"schema":{"@context":"https:\/\/schema.org","@graph":[{"@type":"Article","@id":"https:\/\/www.onetik.com\/fr\/fete-de-bayonne-basquilait-ouvre-le-bal\/#article","isPartOf":{"@id":"https:\/\/www.onetik.com\/fr\/fete-de-bayonne-basquilait-ouvre-le-bal\/"},"author":{"name":"Onetik","@id":"https:\/\/www.onetik.com\/fr\/#\/schema\/person\/fa74a4d6d1e1db6db1a150630fb8a05f"},"headline":"F\u00eate de Bayonne : Basquilait ouvre le bal !","datePublished":"2019-07-26T14:11:17+00:00","mainEntityOfPage":{"@id":"https:\/\/www.onetik.com\/fr\/fete-de-bayonne-basquilait-ouvre-le-bal\/"},"wordCount":123,"image":{"@id":"https:\/\/www.onetik.com\/fr\/fete-de-bayonne-basquilait-ouvre-le-bal\/#primaryimage"},"thumbnailUrl":"https:\/\/www.onetik.com\/wp-content\/uploads\/2019\/07\/IMG_1297.jpg","articleSection":["Actualit\u00e9s"],"inLanguage":"fr-FR"},{"@type":"WebPage","@id":"https:\/\/www.onetik.com\/fr\/fete-de-bayonne-basquilait-ouvre-le-bal\/","url":"https:\/\/www.onetik.com\/fr\/fete-de-bayonne-basquilait-ouvre-le-bal\/","name":"F\u00eate de Bayonne : Basquilait ouvre le bal ! - Onetik","isPartOf":{"@id":"https:\/\/www.onetik.com\/fr\/#website"},"primaryImageOfPage":{"@id":"https:\/\/www.onetik.com\/fr\/fete-de-bayonne-basquilait-ouvre-le-bal\/#primaryimage"},"image":{"@id":"https:\/\/www.onetik.com\/fr\/fete-de-bayonne-basquilait-ouvre-le-bal\/#primaryimage"},"thumbnailUrl":"https:\/\/www.onetik.com\/wp-content\/uploads\/2019\/07\/IMG_1297.jpg","datePublished":"2019-07-26T14:11:17+00:00","author":{"@id":"https:\/\/www.onetik.com\/fr\/#\/schema\/person\/fa74a4d6d1e1db6db1a150630fb8a05f"},"description":"Traditionnellement, aux F\u00eates de Bayonne, le jeudi est r\u00e9serv\u00e9 aux enfants.Une distribtuion de chocolat au lait Basquilait \u00e9t\u00e9 offerte par la pe\u00f1a Betisoak.","breadcrumb":{"@id":"https:\/\/www.onetik.com\/fr\/fete-de-bayonne-basquilait-ouvre-le-bal\/#breadcrumb"},"inLanguage":"fr-FR","potentialAction":[{"@type":"ReadAction","target":["https:\/\/www.onetik.com\/fr\/fete-de-bayonne-basquilait-ouvre-le-bal\/"]}]},{"@type":"ImageObject","inLanguage":"fr-FR","@id":"https:\/\/www.onetik.com\/fr\/fete-de-bayonne-basquilait-ouvre-le-bal\/#primaryimage","url":"https:\/\/www.onetik.com\/wp-content\/uploads\/2019\/07\/IMG_1297.jpg","contentUrl":"https:\/\/www.onetik.com\/wp-content\/uploads\/2019\/07\/IMG_1297.jpg","width":4032,"height":3024},{"@type":"BreadcrumbList","@id":"https:\/\/www.onetik.com\/fr\/fete-de-bayonne-basquilait-ouvre-le-bal\/#breadcrumb","itemListElement":[{"@type":"ListItem","position":1,"name":"Accueil","item":"https:\/\/www.onetik.com\/fr\/"},{"@type":"ListItem","position":2,"name":"F\u00eate de Bayonne : Basquilait ouvre le bal !"}]},{"@type":"WebSite","@id":"https:\/\/www.onetik.com\/fr\/#website","url":"https:\/\/www.onetik.com\/fr\/","name":"Onetik","description":"La Fromagerie du Pays Basque","potentialAction":[{"@type":"SearchAction","target":{"@type":"EntryPoint","urlTemplate":"https:\/\/www.onetik.com\/fr\/?s={search_term_string}"},"query-input":{"@type":"PropertyValueSpecification","valueRequired":true,"valueName":"search_term_string"}}],"inLanguage":"fr-FR"},{"@type":"Person","@id":"https:\/\/www.onetik.com\/fr\/#\/schema\/person\/fa74a4d6d1e1db6db1a150630fb8a05f","name":"Onetik","image":{"@type":"ImageObject","inLanguage":"fr-FR","@id":"https:\/\/secure.gravatar.com\/avatar\/3bf095b73e269b37ae5d6b4326a54365bc0ffe5c73fca7e09ec3773196a6ab67?s=96&d=mm&r=g","url":"https:\/\/secure.gravatar.com\/avatar\/3bf095b73e269b37ae5d6b4326a54365bc0ffe5c73fca7e09ec3773196a6ab67?s=96&d=mm&r=g","contentUrl":"https:\/\/secure.gravatar.com\/avatar\/3bf095b73e269b37ae5d6b4326a54365bc0ffe5c73fca7e09ec3773196a6ab67?s=96&d=mm&r=g","caption":"Onetik"}}]}},"_links":{"self":[{"href":"https:\/\/www.onetik.com\/fr\/wp-json\/wp\/v2\/posts\/13297","targetHints":{"allow":["GET"]}}],"collection":[{"href":"https:\/\/www.onetik.com\/fr\/wp-json\/wp\/v2\/posts"}],"about":[{"href":"https:\/\/www.onetik.com\/fr\/wp-json\/wp\/v2\/types\/post"}],"author":[{"embeddable":true,"href":"https:\/\/www.onetik.com\/fr\/wp-json\/wp\/v2\/users\/2"}],"replies":[{"embeddable":true,"href":"https:\/\/www.onetik.com\/fr\/wp-json\/wp\/v2\/comments?post=13297"}],"version-history":[{"count":3,"href":"https:\/\/www.onetik.com\/fr\/wp-json\/wp\/v2\/posts\/13297\/revisions"}],"predecessor-version":[{"id":13318,"href":"https:\/\/www.onetik.com\/fr\/wp-json\/wp\/v2\/posts\/13297\/revisions\/13318"}],"wp:featuredmedia":[{"embeddable":true,"href":"https:\/\/www.onetik.com\/fr\/wp-json\/wp\/v2\/media\/13304"}],"wp:attachment":[{"href":"https:\/\/www.onetik.com\/fr\/wp-json\/wp\/v2\/media?parent=13297"}],"wp:term":[{"taxonomy":"category","embeddable":true,"href":"https:\/\/www.onetik.com\/fr\/wp-json\/wp\/v2\/categories?post=13297"},{"taxonomy":"post_tag","embeddable":true,"href":"https:\/\/www.onetik.com\/fr\/wp-json\/wp\/v2\/tags?post=13297"}],"curies":[{"name":"wp","href":"https:\/\/api.w.org\/{rel}","templated":true}]}}