{"id":13280,"date":"2019-07-11T09:12:11","date_gmt":"2019-07-11T09:12:11","guid":{"rendered":"http:\/\/www.onetik.com\/?p=13280"},"modified":"2019-07-11T09:13:23","modified_gmt":"2019-07-11T09:13:23","slug":"la-saison-des-visites-a-la-ferme-est-lancee","status":"publish","type":"post","link":"https:\/\/www.onetik.com\/fr\/la-saison-des-visites-a-la-ferme-est-lancee\/","title":{"rendered":"La saison des visites \u00e0 la ferme est lanc\u00e9e !"},"content":{"rendered":"<table width=\"100%\">\n<tbody>\n<tr>\n<td>Onetik ouvre ses portes pour vous faire d\u00e9couvrir le m\u00e9tier de berger. Venez rencontrer nos producteurs qui vous feront d\u00e9couvrir leur ferme et le travail quotidien des \u00e9leveurs de brebis laiti\u00e8res.<\/p>\n<p>Suite \u00e0 cette visite de ferme, une d\u00e9gustation de fromages Onetik sera offerte aux visiteurs<\/p>\n<p>Les visites ont lieu tous les jeudis \u00e0 10h du 4 juillet au 29 ao\u00fbt 2019. Elles sont gratuites sur r\u00e9servation \u00e0 Onetik (05.59.70.27.27\/ <a href=\"mailto:onetik@onetik.com\">onetik@onetik.com<\/a>). Sinon, le prix de la visite est de 2\u20ac sur place.<\/p>\n<p>&nbsp;<\/p>\n<p><a href=\"http:\/\/www.onetik.com\/wp-content\/uploads\/2019\/07\/IMG_1140-2.jpg\"><img loading=\"lazy\" decoding=\"async\" class=\"aligncenter  wp-image-13284\" src=\"http:\/\/www.onetik.com\/wp-content\/uploads\/2019\/07\/IMG_1140-2.jpg\" alt=\"\" width=\"554\" height=\"253\" srcset=\"https:\/\/www.onetik.com\/wp-content\/uploads\/2019\/07\/IMG_1140-2.jpg 3721w, https:\/\/www.onetik.com\/wp-content\/uploads\/2019\/07\/IMG_1140-2-300x137.jpg 300w, https:\/\/www.onetik.com\/wp-content\/uploads\/2019\/07\/IMG_1140-2-768x351.jpg 768w, https:\/\/www.onetik.com\/wp-content\/uploads\/2019\/07\/IMG_1140-2-1024x468.jpg 1024w, https:\/\/www.onetik.com\/wp-content\/uploads\/2019\/07\/IMG_1140-2-382x175.jpg 382w\" sizes=\"auto, (max-width: 554px) 100vw, 554px\" \/><\/a><\/p>\n<p>&nbsp;<\/p>\n<p>&nbsp;<\/td>\n<\/tr>\n<\/tbody>\n<\/table>\n","protected":false},"excerpt":{"rendered":"<p>Onetik ouvre ses portes pour vous faire d\u00e9couvrir le m\u00e9tier de berger. Venez rencontrer nos producteurs qui vous feront d\u00e9couvrir [&hellip;]<\/p>\n","protected":false},"author":2,"featured_media":13287,"comment_status":"closed","ping_status":"closed","sticky":false,"template":"","format":"standard","meta":{"_acf_changed":false,"footnotes":""},"categories":[1],"tags":[],"class_list":["post-13280","post","type-post","status-publish","format-standard","has-post-thumbnail","hentry","category-cat-actualites"],"acf":[],"yoast_head":"<!-- This site is optimized with the Yoast SEO plugin v27.2 - https:\/\/yoast.com\/product\/yoast-seo-wordpress\/ -->\n<title>La saison des visites \u00e0 la ferme est lanc\u00e9e ! - Onetik<\/title>\n<meta name=\"description\" content=\"Onetik ouvre ses portes pour vous faire d\u00e9couvrir le m\u00e9tier de berger. Venez rencontrer nos producteurs qui vous feront d\u00e9couvrir leur ferme !\" \/>\n<meta name=\"robots\" content=\"index, follow, max-snippet:-1, max-image-preview:large, max-video-preview:-1\" \/>\n<link rel=\"canonical\" href=\"https:\/\/www.onetik.com\/fr\/la-saison-des-visites-a-la-ferme-est-lancee\/\" \/>\n<meta property=\"og:locale\" content=\"fr_FR\" \/>\n<meta property=\"og:type\" content=\"article\" \/>\n<meta property=\"og:title\" content=\"La saison des visites \u00e0 la ferme est lanc\u00e9e ! - Onetik\" \/>\n<meta property=\"og:description\" content=\"Onetik ouvre ses portes pour vous faire d\u00e9couvrir le m\u00e9tier de berger. Venez rencontrer nos producteurs qui vous feront d\u00e9couvrir leur ferme !\" \/>\n<meta property=\"og:url\" content=\"https:\/\/www.onetik.com\/fr\/la-saison-des-visites-a-la-ferme-est-lancee\/\" \/>\n<meta property=\"og:site_name\" content=\"Onetik\" \/>\n<meta property=\"article:published_time\" content=\"2019-07-11T09:12:11+00:00\" \/>\n<meta property=\"article:modified_time\" content=\"2019-07-11T09:13:23+00:00\" \/>\n<meta property=\"og:image\" content=\"https:\/\/www.onetik.com\/wp-content\/uploads\/2019\/07\/5-1.jpg\" \/>\n\t<meta property=\"og:image:width\" content=\"1536\" \/>\n\t<meta property=\"og:image:height\" content=\"2048\" \/>\n\t<meta property=\"og:image:type\" content=\"image\/jpeg\" \/>\n<meta name=\"author\" content=\"Onetik\" \/>\n<meta name=\"twitter:card\" content=\"summary_large_image\" \/>\n<meta name=\"twitter:label1\" content=\"\u00c9crit par\" \/>\n\t<meta name=\"twitter:data1\" content=\"Onetik\" \/>\n<script type=\"application\/ld+json\" class=\"yoast-schema-graph\">{\"@context\":\"https:\/\/schema.org\",\"@graph\":[{\"@type\":\"Article\",\"@id\":\"https:\/\/www.onetik.com\/fr\/la-saison-des-visites-a-la-ferme-est-lancee\/#article\",\"isPartOf\":{\"@id\":\"https:\/\/www.onetik.com\/fr\/la-saison-des-visites-a-la-ferme-est-lancee\/\"},\"author\":{\"name\":\"Onetik\",\"@id\":\"https:\/\/www.onetik.com\/fr\/#\/schema\/person\/fa74a4d6d1e1db6db1a150630fb8a05f\"},\"headline\":\"La saison des visites \u00e0 la ferme est lanc\u00e9e !\",\"datePublished\":\"2019-07-11T09:12:11+00:00\",\"dateModified\":\"2019-07-11T09:13:23+00:00\",\"mainEntityOfPage\":{\"@id\":\"https:\/\/www.onetik.com\/fr\/la-saison-des-visites-a-la-ferme-est-lancee\/\"},\"wordCount\":95,\"image\":{\"@id\":\"https:\/\/www.onetik.com\/fr\/la-saison-des-visites-a-la-ferme-est-lancee\/#primaryimage\"},\"thumbnailUrl\":\"https:\/\/www.onetik.com\/wp-content\/uploads\/2019\/07\/5-1.jpg\",\"articleSection\":[\"Actualit\u00e9s\"],\"inLanguage\":\"fr-FR\"},{\"@type\":\"WebPage\",\"@id\":\"https:\/\/www.onetik.com\/fr\/la-saison-des-visites-a-la-ferme-est-lancee\/\",\"url\":\"https:\/\/www.onetik.com\/fr\/la-saison-des-visites-a-la-ferme-est-lancee\/\",\"name\":\"La saison des visites \u00e0 la ferme est lanc\u00e9e ! - Onetik\",\"isPartOf\":{\"@id\":\"https:\/\/www.onetik.com\/fr\/#website\"},\"primaryImageOfPage\":{\"@id\":\"https:\/\/www.onetik.com\/fr\/la-saison-des-visites-a-la-ferme-est-lancee\/#primaryimage\"},\"image\":{\"@id\":\"https:\/\/www.onetik.com\/fr\/la-saison-des-visites-a-la-ferme-est-lancee\/#primaryimage\"},\"thumbnailUrl\":\"https:\/\/www.onetik.com\/wp-content\/uploads\/2019\/07\/5-1.jpg\",\"datePublished\":\"2019-07-11T09:12:11+00:00\",\"dateModified\":\"2019-07-11T09:13:23+00:00\",\"author\":{\"@id\":\"https:\/\/www.onetik.com\/fr\/#\/schema\/person\/fa74a4d6d1e1db6db1a150630fb8a05f\"},\"description\":\"Onetik ouvre ses portes pour vous faire d\u00e9couvrir le m\u00e9tier de berger. Venez rencontrer nos producteurs qui vous feront d\u00e9couvrir leur ferme !\",\"breadcrumb\":{\"@id\":\"https:\/\/www.onetik.com\/fr\/la-saison-des-visites-a-la-ferme-est-lancee\/#breadcrumb\"},\"inLanguage\":\"fr-FR\",\"potentialAction\":[{\"@type\":\"ReadAction\",\"target\":[\"https:\/\/www.onetik.com\/fr\/la-saison-des-visites-a-la-ferme-est-lancee\/\"]}]},{\"@type\":\"ImageObject\",\"inLanguage\":\"fr-FR\",\"@id\":\"https:\/\/www.onetik.com\/fr\/la-saison-des-visites-a-la-ferme-est-lancee\/#primaryimage\",\"url\":\"https:\/\/www.onetik.com\/wp-content\/uploads\/2019\/07\/5-1.jpg\",\"contentUrl\":\"https:\/\/www.onetik.com\/wp-content\/uploads\/2019\/07\/5-1.jpg\",\"width\":1536,\"height\":2048},{\"@type\":\"BreadcrumbList\",\"@id\":\"https:\/\/www.onetik.com\/fr\/la-saison-des-visites-a-la-ferme-est-lancee\/#breadcrumb\",\"itemListElement\":[{\"@type\":\"ListItem\",\"position\":1,\"name\":\"Accueil\",\"item\":\"https:\/\/www.onetik.com\/fr\/\"},{\"@type\":\"ListItem\",\"position\":2,\"name\":\"La saison des visites \u00e0 la ferme est lanc\u00e9e !\"}]},{\"@type\":\"WebSite\",\"@id\":\"https:\/\/www.onetik.com\/fr\/#website\",\"url\":\"https:\/\/www.onetik.com\/fr\/\",\"name\":\"Onetik\",\"description\":\"La Fromagerie du Pays Basque\",\"potentialAction\":[{\"@type\":\"SearchAction\",\"target\":{\"@type\":\"EntryPoint\",\"urlTemplate\":\"https:\/\/www.onetik.com\/fr\/?s={search_term_string}\"},\"query-input\":{\"@type\":\"PropertyValueSpecification\",\"valueRequired\":true,\"valueName\":\"search_term_string\"}}],\"inLanguage\":\"fr-FR\"},{\"@type\":\"Person\",\"@id\":\"https:\/\/www.onetik.com\/fr\/#\/schema\/person\/fa74a4d6d1e1db6db1a150630fb8a05f\",\"name\":\"Onetik\",\"image\":{\"@type\":\"ImageObject\",\"inLanguage\":\"fr-FR\",\"@id\":\"https:\/\/secure.gravatar.com\/avatar\/3bf095b73e269b37ae5d6b4326a54365bc0ffe5c73fca7e09ec3773196a6ab67?s=96&d=mm&r=g\",\"url\":\"https:\/\/secure.gravatar.com\/avatar\/3bf095b73e269b37ae5d6b4326a54365bc0ffe5c73fca7e09ec3773196a6ab67?s=96&d=mm&r=g\",\"contentUrl\":\"https:\/\/secure.gravatar.com\/avatar\/3bf095b73e269b37ae5d6b4326a54365bc0ffe5c73fca7e09ec3773196a6ab67?s=96&d=mm&r=g\",\"caption\":\"Onetik\"}}]}<\/script>\n<!-- \/ Yoast SEO plugin. -->","yoast_head_json":{"title":"La saison des visites \u00e0 la ferme est lanc\u00e9e ! - Onetik","description":"Onetik ouvre ses portes pour vous faire d\u00e9couvrir le m\u00e9tier de berger. Venez rencontrer nos producteurs qui vous feront d\u00e9couvrir leur ferme !","robots":{"index":"index","follow":"follow","max-snippet":"max-snippet:-1","max-image-preview":"max-image-preview:large","max-video-preview":"max-video-preview:-1"},"canonical":"https:\/\/www.onetik.com\/fr\/la-saison-des-visites-a-la-ferme-est-lancee\/","og_locale":"fr_FR","og_type":"article","og_title":"La saison des visites \u00e0 la ferme est lanc\u00e9e ! - Onetik","og_description":"Onetik ouvre ses portes pour vous faire d\u00e9couvrir le m\u00e9tier de berger. Venez rencontrer nos producteurs qui vous feront d\u00e9couvrir leur ferme !","og_url":"https:\/\/www.onetik.com\/fr\/la-saison-des-visites-a-la-ferme-est-lancee\/","og_site_name":"Onetik","article_published_time":"2019-07-11T09:12:11+00:00","article_modified_time":"2019-07-11T09:13:23+00:00","og_image":[{"width":1536,"height":2048,"url":"https:\/\/www.onetik.com\/wp-content\/uploads\/2019\/07\/5-1.jpg","type":"image\/jpeg"}],"author":"Onetik","twitter_card":"summary_large_image","twitter_misc":{"\u00c9crit par":"Onetik"},"schema":{"@context":"https:\/\/schema.org","@graph":[{"@type":"Article","@id":"https:\/\/www.onetik.com\/fr\/la-saison-des-visites-a-la-ferme-est-lancee\/#article","isPartOf":{"@id":"https:\/\/www.onetik.com\/fr\/la-saison-des-visites-a-la-ferme-est-lancee\/"},"author":{"name":"Onetik","@id":"https:\/\/www.onetik.com\/fr\/#\/schema\/person\/fa74a4d6d1e1db6db1a150630fb8a05f"},"headline":"La saison des visites \u00e0 la ferme est lanc\u00e9e !","datePublished":"2019-07-11T09:12:11+00:00","dateModified":"2019-07-11T09:13:23+00:00","mainEntityOfPage":{"@id":"https:\/\/www.onetik.com\/fr\/la-saison-des-visites-a-la-ferme-est-lancee\/"},"wordCount":95,"image":{"@id":"https:\/\/www.onetik.com\/fr\/la-saison-des-visites-a-la-ferme-est-lancee\/#primaryimage"},"thumbnailUrl":"https:\/\/www.onetik.com\/wp-content\/uploads\/2019\/07\/5-1.jpg","articleSection":["Actualit\u00e9s"],"inLanguage":"fr-FR"},{"@type":"WebPage","@id":"https:\/\/www.onetik.com\/fr\/la-saison-des-visites-a-la-ferme-est-lancee\/","url":"https:\/\/www.onetik.com\/fr\/la-saison-des-visites-a-la-ferme-est-lancee\/","name":"La saison des visites \u00e0 la ferme est lanc\u00e9e ! - Onetik","isPartOf":{"@id":"https:\/\/www.onetik.com\/fr\/#website"},"primaryImageOfPage":{"@id":"https:\/\/www.onetik.com\/fr\/la-saison-des-visites-a-la-ferme-est-lancee\/#primaryimage"},"image":{"@id":"https:\/\/www.onetik.com\/fr\/la-saison-des-visites-a-la-ferme-est-lancee\/#primaryimage"},"thumbnailUrl":"https:\/\/www.onetik.com\/wp-content\/uploads\/2019\/07\/5-1.jpg","datePublished":"2019-07-11T09:12:11+00:00","dateModified":"2019-07-11T09:13:23+00:00","author":{"@id":"https:\/\/www.onetik.com\/fr\/#\/schema\/person\/fa74a4d6d1e1db6db1a150630fb8a05f"},"description":"Onetik ouvre ses portes pour vous faire d\u00e9couvrir le m\u00e9tier de berger. Venez rencontrer nos producteurs qui vous feront d\u00e9couvrir leur ferme !","breadcrumb":{"@id":"https:\/\/www.onetik.com\/fr\/la-saison-des-visites-a-la-ferme-est-lancee\/#breadcrumb"},"inLanguage":"fr-FR","potentialAction":[{"@type":"ReadAction","target":["https:\/\/www.onetik.com\/fr\/la-saison-des-visites-a-la-ferme-est-lancee\/"]}]},{"@type":"ImageObject","inLanguage":"fr-FR","@id":"https:\/\/www.onetik.com\/fr\/la-saison-des-visites-a-la-ferme-est-lancee\/#primaryimage","url":"https:\/\/www.onetik.com\/wp-content\/uploads\/2019\/07\/5-1.jpg","contentUrl":"https:\/\/www.onetik.com\/wp-content\/uploads\/2019\/07\/5-1.jpg","width":1536,"height":2048},{"@type":"BreadcrumbList","@id":"https:\/\/www.onetik.com\/fr\/la-saison-des-visites-a-la-ferme-est-lancee\/#breadcrumb","itemListElement":[{"@type":"ListItem","position":1,"name":"Accueil","item":"https:\/\/www.onetik.com\/fr\/"},{"@type":"ListItem","position":2,"name":"La saison des visites \u00e0 la ferme est lanc\u00e9e !"}]},{"@type":"WebSite","@id":"https:\/\/www.onetik.com\/fr\/#website","url":"https:\/\/www.onetik.com\/fr\/","name":"Onetik","description":"La Fromagerie du Pays Basque","potentialAction":[{"@type":"SearchAction","target":{"@type":"EntryPoint","urlTemplate":"https:\/\/www.onetik.com\/fr\/?s={search_term_string}"},"query-input":{"@type":"PropertyValueSpecification","valueRequired":true,"valueName":"search_term_string"}}],"inLanguage":"fr-FR"},{"@type":"Person","@id":"https:\/\/www.onetik.com\/fr\/#\/schema\/person\/fa74a4d6d1e1db6db1a150630fb8a05f","name":"Onetik","image":{"@type":"ImageObject","inLanguage":"fr-FR","@id":"https:\/\/secure.gravatar.com\/avatar\/3bf095b73e269b37ae5d6b4326a54365bc0ffe5c73fca7e09ec3773196a6ab67?s=96&d=mm&r=g","url":"https:\/\/secure.gravatar.com\/avatar\/3bf095b73e269b37ae5d6b4326a54365bc0ffe5c73fca7e09ec3773196a6ab67?s=96&d=mm&r=g","contentUrl":"https:\/\/secure.gravatar.com\/avatar\/3bf095b73e269b37ae5d6b4326a54365bc0ffe5c73fca7e09ec3773196a6ab67?s=96&d=mm&r=g","caption":"Onetik"}}]}},"_links":{"self":[{"href":"https:\/\/www.onetik.com\/fr\/wp-json\/wp\/v2\/posts\/13280","targetHints":{"allow":["GET"]}}],"collection":[{"href":"https:\/\/www.onetik.com\/fr\/wp-json\/wp\/v2\/posts"}],"about":[{"href":"https:\/\/www.onetik.com\/fr\/wp-json\/wp\/v2\/types\/post"}],"author":[{"embeddable":true,"href":"https:\/\/www.onetik.com\/fr\/wp-json\/wp\/v2\/users\/2"}],"replies":[{"embeddable":true,"href":"https:\/\/www.onetik.com\/fr\/wp-json\/wp\/v2\/comments?post=13280"}],"version-history":[{"count":2,"href":"https:\/\/www.onetik.com\/fr\/wp-json\/wp\/v2\/posts\/13280\/revisions"}],"predecessor-version":[{"id":13291,"href":"https:\/\/www.onetik.com\/fr\/wp-json\/wp\/v2\/posts\/13280\/revisions\/13291"}],"wp:featuredmedia":[{"embeddable":true,"href":"https:\/\/www.onetik.com\/fr\/wp-json\/wp\/v2\/media\/13287"}],"wp:attachment":[{"href":"https:\/\/www.onetik.com\/fr\/wp-json\/wp\/v2\/media?parent=13280"}],"wp:term":[{"taxonomy":"category","embeddable":true,"href":"https:\/\/www.onetik.com\/fr\/wp-json\/wp\/v2\/categories?post=13280"},{"taxonomy":"post_tag","embeddable":true,"href":"https:\/\/www.onetik.com\/fr\/wp-json\/wp\/v2\/tags?post=13280"}],"curies":[{"name":"wp","href":"https:\/\/api.w.org\/{rel}","templated":true}]}}