{"id":13183,"date":"2019-03-21T12:01:55","date_gmt":"2019-03-21T12:01:55","guid":{"rendered":"http:\/\/www.onetik.com\/?p=13183"},"modified":"2019-03-21T12:02:17","modified_gmt":"2019-03-21T12:02:17","slug":"onetikausalonbasquesabordeaux","status":"publish","type":"post","link":"https:\/\/www.onetik.com\/fr\/onetikausalonbasquesabordeaux\/","title":{"rendered":"Retrouvez-nous le 23 et 24 mars au salon gourmand \u00ab Basques \u00e0 Bordeaux \u00bb situ\u00e9 au Hangard 14 \u00e0 Bordeaux"},"content":{"rendered":"<h1 style=\"text-align: center;\">Onetik au salon Basques \u00e0 Bordeaux<\/h1>\n<p><span id=\"p27\">Pour la seconde fois, la fromagerie <span id=\"36\">Onetik<\/span> participe \u00e0 l\u2019\u00e9v\u00e9nement de la gastronomie Basques \u00e0 Bordeaux.<\/span><span id=\"p28\"> Rejoignez-nous au stand 34 pour savourer nos d\u00e9licieux fromages au lait cru ou pasteuris\u00e9.<\/span><span id=\"p29\"> Sur notre stand, vous trouverez notre Bleu des Basques au lait de brebis et notre m\u00e9daill\u00e9e d\u2019argent au lait de brebis et de ch\u00e8vres. Ainsi que notre tomme de brebis au Piment d\u2019<span id=\"39\" class=\"s-rg\">Espelette et des tomettes aux diff\u00e9rents laits<\/span>.<\/span><span id=\"p30\"> <\/span><\/p>\n<p><span id=\"p30\">Pour les amateurs de lait de vache, nos tommes C\u0153ur Basque et Grand Basque seront \u00e9galement au rendez-vous. <\/span><\/p>\n<p><span id=\"p30\">Une large gamme de fromages vous sera propos\u00e9e afin de satisfaire vos papilles. D<\/span><span id=\"p31\"><\/span><span id=\"p43\">es cornets de d\u00e9gustation seront en vente, afin de d\u00e9couvrir nos gammes et de faire une pause gourmande 100 % locale le temps d\u2019une visite du pavillon.<\/span><\/p>\n<p><span id=\"p44\">Nous sommes impatients de vous rencontrer sur notre stand et nous vous souhaitons par avance, un bon salon plein de gourmandises et de saveurs basques !<\/span><\/p>\n<p style=\"text-align: center;\"><a href=\"http:\/\/www.basques-a-bordeaux.fr\/\"><span style=\"color: #666699;\"><span style=\"color: #808080;\">Pour plus d&rsquo;informations rendez-vous directement sur le site internet de l&rsquo;organisation<\/span><\/span><\/a><\/p>\n<p>&nbsp;<\/p>\n<p><a href=\"http:\/\/www.onetik.com\/wp-content\/uploads\/2019\/03\/54462757_335720547063446_7645826958441316352_n.jpg\"><img loading=\"lazy\" decoding=\"async\" class=\"aligncenter wp-image-13184 size-full\" title=\"Basques\u00e0Bordeaux\" src=\"http:\/\/www.onetik.com\/wp-content\/uploads\/2019\/03\/54462757_335720547063446_7645826958441316352_n.jpg\" alt=\"\" width=\"960\" height=\"640\" srcset=\"https:\/\/www.onetik.com\/wp-content\/uploads\/2019\/03\/54462757_335720547063446_7645826958441316352_n.jpg 960w, https:\/\/www.onetik.com\/wp-content\/uploads\/2019\/03\/54462757_335720547063446_7645826958441316352_n-300x200.jpg 300w, https:\/\/www.onetik.com\/wp-content\/uploads\/2019\/03\/54462757_335720547063446_7645826958441316352_n-768x512.jpg 768w, https:\/\/www.onetik.com\/wp-content\/uploads\/2019\/03\/54462757_335720547063446_7645826958441316352_n-286x192.jpg 286w, https:\/\/www.onetik.com\/wp-content\/uploads\/2019\/03\/54462757_335720547063446_7645826958441316352_n-382x255.jpg 382w\" sizes=\"auto, (max-width: 960px) 100vw, 960px\" \/><\/a><\/p>\n<p>&nbsp;<\/p>\n","protected":false},"excerpt":{"rendered":"<p>Onetik au salon Basques \u00e0 Bordeaux Pour la seconde fois, la fromagerie Onetik participe \u00e0 l\u2019\u00e9v\u00e9nement de la gastronomie Basques [&hellip;]<\/p>\n","protected":false},"author":2,"featured_media":13187,"comment_status":"closed","ping_status":"closed","sticky":false,"template":"","format":"standard","meta":{"_acf_changed":false,"footnotes":""},"categories":[1],"tags":[],"class_list":["post-13183","post","type-post","status-publish","format-standard","has-post-thumbnail","hentry","category-cat-actualites"],"acf":[],"yoast_head":"<!-- This site is optimized with the Yoast SEO plugin v27.2 - https:\/\/yoast.com\/product\/yoast-seo-wordpress\/ -->\n<title>Retrouvez-nous au salon gourmand \u00ab Basques \u00e0 Bordeaux \u00bb<\/title>\n<meta name=\"description\" content=\"Pour la seconde fois, la fromagerie Onetik participe \u00e0 l\u2019\u00e9v\u00e9nement de la gastronomie Basques \u00e0 Bordeaux. Nous vous invitons \u00e0 nous rejoindre au stand 34 pour savourer nos d\u00e9licieux fromages au lait cru ou pasteuris\u00e9.\" \/>\n<meta name=\"robots\" content=\"index, follow, max-snippet:-1, max-image-preview:large, max-video-preview:-1\" \/>\n<link rel=\"canonical\" href=\"https:\/\/www.onetik.com\/fr\/onetikausalonbasquesabordeaux\/\" \/>\n<meta property=\"og:locale\" content=\"fr_FR\" \/>\n<meta property=\"og:type\" content=\"article\" \/>\n<meta property=\"og:title\" content=\"Retrouvez-nous au salon gourmand \u00ab Basques \u00e0 Bordeaux \u00bb\" \/>\n<meta property=\"og:description\" content=\"Pour la seconde fois, la fromagerie Onetik participe \u00e0 l\u2019\u00e9v\u00e9nement de la gastronomie Basques \u00e0 Bordeaux. Nous vous invitons \u00e0 nous rejoindre au stand 34 pour savourer nos d\u00e9licieux fromages au lait cru ou pasteuris\u00e9.\" \/>\n<meta property=\"og:url\" content=\"https:\/\/www.onetik.com\/fr\/onetikausalonbasquesabordeaux\/\" \/>\n<meta property=\"og:site_name\" content=\"Onetik\" \/>\n<meta property=\"article:published_time\" content=\"2019-03-21T12:01:55+00:00\" \/>\n<meta property=\"article:modified_time\" content=\"2019-03-21T12:02:17+00:00\" \/>\n<meta property=\"og:image\" content=\"https:\/\/www.onetik.com\/wp-content\/uploads\/2019\/03\/le-salon-basques-a-bordeaux-revient-pour-la-seconde-annee-consecutive.jpg\" \/>\n\t<meta property=\"og:image:width\" content=\"1000\" \/>\n\t<meta property=\"og:image:height\" content=\"500\" \/>\n\t<meta property=\"og:image:type\" content=\"image\/jpeg\" \/>\n<meta name=\"author\" content=\"Onetik\" \/>\n<meta name=\"twitter:card\" content=\"summary_large_image\" \/>\n<meta name=\"twitter:label1\" content=\"\u00c9crit par\" \/>\n\t<meta name=\"twitter:data1\" content=\"Onetik\" \/>\n\t<meta name=\"twitter:label2\" content=\"Dur\u00e9e de lecture estim\u00e9e\" \/>\n\t<meta name=\"twitter:data2\" content=\"1 minute\" \/>\n<script type=\"application\/ld+json\" class=\"yoast-schema-graph\">{\"@context\":\"https:\/\/schema.org\",\"@graph\":[{\"@type\":\"Article\",\"@id\":\"https:\/\/www.onetik.com\/fr\/onetikausalonbasquesabordeaux\/#article\",\"isPartOf\":{\"@id\":\"https:\/\/www.onetik.com\/fr\/onetikausalonbasquesabordeaux\/\"},\"author\":{\"name\":\"Onetik\",\"@id\":\"https:\/\/www.onetik.com\/fr\/#\/schema\/person\/fa74a4d6d1e1db6db1a150630fb8a05f\"},\"headline\":\"Retrouvez-nous le 23 et 24 mars au salon gourmand \u00ab Basques \u00e0 Bordeaux \u00bb situ\u00e9 au Hangard 14 \u00e0 Bordeaux\",\"datePublished\":\"2019-03-21T12:01:55+00:00\",\"dateModified\":\"2019-03-21T12:02:17+00:00\",\"mainEntityOfPage\":{\"@id\":\"https:\/\/www.onetik.com\/fr\/onetikausalonbasquesabordeaux\/\"},\"wordCount\":193,\"image\":{\"@id\":\"https:\/\/www.onetik.com\/fr\/onetikausalonbasquesabordeaux\/#primaryimage\"},\"thumbnailUrl\":\"https:\/\/www.onetik.com\/wp-content\/uploads\/2019\/03\/le-salon-basques-a-bordeaux-revient-pour-la-seconde-annee-consecutive.jpg\",\"articleSection\":[\"Actualit\u00e9s\"],\"inLanguage\":\"fr-FR\"},{\"@type\":\"WebPage\",\"@id\":\"https:\/\/www.onetik.com\/fr\/onetikausalonbasquesabordeaux\/\",\"url\":\"https:\/\/www.onetik.com\/fr\/onetikausalonbasquesabordeaux\/\",\"name\":\"Retrouvez-nous au salon gourmand \u00ab Basques \u00e0 Bordeaux \u00bb\",\"isPartOf\":{\"@id\":\"https:\/\/www.onetik.com\/fr\/#website\"},\"primaryImageOfPage\":{\"@id\":\"https:\/\/www.onetik.com\/fr\/onetikausalonbasquesabordeaux\/#primaryimage\"},\"image\":{\"@id\":\"https:\/\/www.onetik.com\/fr\/onetikausalonbasquesabordeaux\/#primaryimage\"},\"thumbnailUrl\":\"https:\/\/www.onetik.com\/wp-content\/uploads\/2019\/03\/le-salon-basques-a-bordeaux-revient-pour-la-seconde-annee-consecutive.jpg\",\"datePublished\":\"2019-03-21T12:01:55+00:00\",\"dateModified\":\"2019-03-21T12:02:17+00:00\",\"author\":{\"@id\":\"https:\/\/www.onetik.com\/fr\/#\/schema\/person\/fa74a4d6d1e1db6db1a150630fb8a05f\"},\"description\":\"Pour la seconde fois, la fromagerie Onetik participe \u00e0 l\u2019\u00e9v\u00e9nement de la gastronomie Basques \u00e0 Bordeaux. Nous vous invitons \u00e0 nous rejoindre au stand 34 pour savourer nos d\u00e9licieux fromages au lait cru ou pasteuris\u00e9.\",\"breadcrumb\":{\"@id\":\"https:\/\/www.onetik.com\/fr\/onetikausalonbasquesabordeaux\/#breadcrumb\"},\"inLanguage\":\"fr-FR\",\"potentialAction\":[{\"@type\":\"ReadAction\",\"target\":[\"https:\/\/www.onetik.com\/fr\/onetikausalonbasquesabordeaux\/\"]}]},{\"@type\":\"ImageObject\",\"inLanguage\":\"fr-FR\",\"@id\":\"https:\/\/www.onetik.com\/fr\/onetikausalonbasquesabordeaux\/#primaryimage\",\"url\":\"https:\/\/www.onetik.com\/wp-content\/uploads\/2019\/03\/le-salon-basques-a-bordeaux-revient-pour-la-seconde-annee-consecutive.jpg\",\"contentUrl\":\"https:\/\/www.onetik.com\/wp-content\/uploads\/2019\/03\/le-salon-basques-a-bordeaux-revient-pour-la-seconde-annee-consecutive.jpg\",\"width\":1000,\"height\":500},{\"@type\":\"BreadcrumbList\",\"@id\":\"https:\/\/www.onetik.com\/fr\/onetikausalonbasquesabordeaux\/#breadcrumb\",\"itemListElement\":[{\"@type\":\"ListItem\",\"position\":1,\"name\":\"Accueil\",\"item\":\"https:\/\/www.onetik.com\/fr\/\"},{\"@type\":\"ListItem\",\"position\":2,\"name\":\"Retrouvez-nous le 23 et 24 mars au salon gourmand \u00ab Basques \u00e0 Bordeaux \u00bb situ\u00e9 au Hangard 14 \u00e0 Bordeaux\"}]},{\"@type\":\"WebSite\",\"@id\":\"https:\/\/www.onetik.com\/fr\/#website\",\"url\":\"https:\/\/www.onetik.com\/fr\/\",\"name\":\"Onetik\",\"description\":\"La Fromagerie du Pays Basque\",\"potentialAction\":[{\"@type\":\"SearchAction\",\"target\":{\"@type\":\"EntryPoint\",\"urlTemplate\":\"https:\/\/www.onetik.com\/fr\/?s={search_term_string}\"},\"query-input\":{\"@type\":\"PropertyValueSpecification\",\"valueRequired\":true,\"valueName\":\"search_term_string\"}}],\"inLanguage\":\"fr-FR\"},{\"@type\":\"Person\",\"@id\":\"https:\/\/www.onetik.com\/fr\/#\/schema\/person\/fa74a4d6d1e1db6db1a150630fb8a05f\",\"name\":\"Onetik\",\"image\":{\"@type\":\"ImageObject\",\"inLanguage\":\"fr-FR\",\"@id\":\"https:\/\/secure.gravatar.com\/avatar\/3bf095b73e269b37ae5d6b4326a54365bc0ffe5c73fca7e09ec3773196a6ab67?s=96&d=mm&r=g\",\"url\":\"https:\/\/secure.gravatar.com\/avatar\/3bf095b73e269b37ae5d6b4326a54365bc0ffe5c73fca7e09ec3773196a6ab67?s=96&d=mm&r=g\",\"contentUrl\":\"https:\/\/secure.gravatar.com\/avatar\/3bf095b73e269b37ae5d6b4326a54365bc0ffe5c73fca7e09ec3773196a6ab67?s=96&d=mm&r=g\",\"caption\":\"Onetik\"}}]}<\/script>\n<!-- \/ Yoast SEO plugin. -->","yoast_head_json":{"title":"Retrouvez-nous au salon gourmand \u00ab Basques \u00e0 Bordeaux \u00bb","description":"Pour la seconde fois, la fromagerie Onetik participe \u00e0 l\u2019\u00e9v\u00e9nement de la gastronomie Basques \u00e0 Bordeaux. Nous vous invitons \u00e0 nous rejoindre au stand 34 pour savourer nos d\u00e9licieux fromages au lait cru ou pasteuris\u00e9.","robots":{"index":"index","follow":"follow","max-snippet":"max-snippet:-1","max-image-preview":"max-image-preview:large","max-video-preview":"max-video-preview:-1"},"canonical":"https:\/\/www.onetik.com\/fr\/onetikausalonbasquesabordeaux\/","og_locale":"fr_FR","og_type":"article","og_title":"Retrouvez-nous au salon gourmand \u00ab Basques \u00e0 Bordeaux \u00bb","og_description":"Pour la seconde fois, la fromagerie Onetik participe \u00e0 l\u2019\u00e9v\u00e9nement de la gastronomie Basques \u00e0 Bordeaux. Nous vous invitons \u00e0 nous rejoindre au stand 34 pour savourer nos d\u00e9licieux fromages au lait cru ou pasteuris\u00e9.","og_url":"https:\/\/www.onetik.com\/fr\/onetikausalonbasquesabordeaux\/","og_site_name":"Onetik","article_published_time":"2019-03-21T12:01:55+00:00","article_modified_time":"2019-03-21T12:02:17+00:00","og_image":[{"width":1000,"height":500,"url":"https:\/\/www.onetik.com\/wp-content\/uploads\/2019\/03\/le-salon-basques-a-bordeaux-revient-pour-la-seconde-annee-consecutive.jpg","type":"image\/jpeg"}],"author":"Onetik","twitter_card":"summary_large_image","twitter_misc":{"\u00c9crit par":"Onetik","Dur\u00e9e de lecture estim\u00e9e":"1 minute"},"schema":{"@context":"https:\/\/schema.org","@graph":[{"@type":"Article","@id":"https:\/\/www.onetik.com\/fr\/onetikausalonbasquesabordeaux\/#article","isPartOf":{"@id":"https:\/\/www.onetik.com\/fr\/onetikausalonbasquesabordeaux\/"},"author":{"name":"Onetik","@id":"https:\/\/www.onetik.com\/fr\/#\/schema\/person\/fa74a4d6d1e1db6db1a150630fb8a05f"},"headline":"Retrouvez-nous le 23 et 24 mars au salon gourmand \u00ab Basques \u00e0 Bordeaux \u00bb situ\u00e9 au Hangard 14 \u00e0 Bordeaux","datePublished":"2019-03-21T12:01:55+00:00","dateModified":"2019-03-21T12:02:17+00:00","mainEntityOfPage":{"@id":"https:\/\/www.onetik.com\/fr\/onetikausalonbasquesabordeaux\/"},"wordCount":193,"image":{"@id":"https:\/\/www.onetik.com\/fr\/onetikausalonbasquesabordeaux\/#primaryimage"},"thumbnailUrl":"https:\/\/www.onetik.com\/wp-content\/uploads\/2019\/03\/le-salon-basques-a-bordeaux-revient-pour-la-seconde-annee-consecutive.jpg","articleSection":["Actualit\u00e9s"],"inLanguage":"fr-FR"},{"@type":"WebPage","@id":"https:\/\/www.onetik.com\/fr\/onetikausalonbasquesabordeaux\/","url":"https:\/\/www.onetik.com\/fr\/onetikausalonbasquesabordeaux\/","name":"Retrouvez-nous au salon gourmand \u00ab Basques \u00e0 Bordeaux \u00bb","isPartOf":{"@id":"https:\/\/www.onetik.com\/fr\/#website"},"primaryImageOfPage":{"@id":"https:\/\/www.onetik.com\/fr\/onetikausalonbasquesabordeaux\/#primaryimage"},"image":{"@id":"https:\/\/www.onetik.com\/fr\/onetikausalonbasquesabordeaux\/#primaryimage"},"thumbnailUrl":"https:\/\/www.onetik.com\/wp-content\/uploads\/2019\/03\/le-salon-basques-a-bordeaux-revient-pour-la-seconde-annee-consecutive.jpg","datePublished":"2019-03-21T12:01:55+00:00","dateModified":"2019-03-21T12:02:17+00:00","author":{"@id":"https:\/\/www.onetik.com\/fr\/#\/schema\/person\/fa74a4d6d1e1db6db1a150630fb8a05f"},"description":"Pour la seconde fois, la fromagerie Onetik participe \u00e0 l\u2019\u00e9v\u00e9nement de la gastronomie Basques \u00e0 Bordeaux. Nous vous invitons \u00e0 nous rejoindre au stand 34 pour savourer nos d\u00e9licieux fromages au lait cru ou pasteuris\u00e9.","breadcrumb":{"@id":"https:\/\/www.onetik.com\/fr\/onetikausalonbasquesabordeaux\/#breadcrumb"},"inLanguage":"fr-FR","potentialAction":[{"@type":"ReadAction","target":["https:\/\/www.onetik.com\/fr\/onetikausalonbasquesabordeaux\/"]}]},{"@type":"ImageObject","inLanguage":"fr-FR","@id":"https:\/\/www.onetik.com\/fr\/onetikausalonbasquesabordeaux\/#primaryimage","url":"https:\/\/www.onetik.com\/wp-content\/uploads\/2019\/03\/le-salon-basques-a-bordeaux-revient-pour-la-seconde-annee-consecutive.jpg","contentUrl":"https:\/\/www.onetik.com\/wp-content\/uploads\/2019\/03\/le-salon-basques-a-bordeaux-revient-pour-la-seconde-annee-consecutive.jpg","width":1000,"height":500},{"@type":"BreadcrumbList","@id":"https:\/\/www.onetik.com\/fr\/onetikausalonbasquesabordeaux\/#breadcrumb","itemListElement":[{"@type":"ListItem","position":1,"name":"Accueil","item":"https:\/\/www.onetik.com\/fr\/"},{"@type":"ListItem","position":2,"name":"Retrouvez-nous le 23 et 24 mars au salon gourmand \u00ab Basques \u00e0 Bordeaux \u00bb situ\u00e9 au Hangard 14 \u00e0 Bordeaux"}]},{"@type":"WebSite","@id":"https:\/\/www.onetik.com\/fr\/#website","url":"https:\/\/www.onetik.com\/fr\/","name":"Onetik","description":"La Fromagerie du Pays Basque","potentialAction":[{"@type":"SearchAction","target":{"@type":"EntryPoint","urlTemplate":"https:\/\/www.onetik.com\/fr\/?s={search_term_string}"},"query-input":{"@type":"PropertyValueSpecification","valueRequired":true,"valueName":"search_term_string"}}],"inLanguage":"fr-FR"},{"@type":"Person","@id":"https:\/\/www.onetik.com\/fr\/#\/schema\/person\/fa74a4d6d1e1db6db1a150630fb8a05f","name":"Onetik","image":{"@type":"ImageObject","inLanguage":"fr-FR","@id":"https:\/\/secure.gravatar.com\/avatar\/3bf095b73e269b37ae5d6b4326a54365bc0ffe5c73fca7e09ec3773196a6ab67?s=96&d=mm&r=g","url":"https:\/\/secure.gravatar.com\/avatar\/3bf095b73e269b37ae5d6b4326a54365bc0ffe5c73fca7e09ec3773196a6ab67?s=96&d=mm&r=g","contentUrl":"https:\/\/secure.gravatar.com\/avatar\/3bf095b73e269b37ae5d6b4326a54365bc0ffe5c73fca7e09ec3773196a6ab67?s=96&d=mm&r=g","caption":"Onetik"}}]}},"_links":{"self":[{"href":"https:\/\/www.onetik.com\/fr\/wp-json\/wp\/v2\/posts\/13183","targetHints":{"allow":["GET"]}}],"collection":[{"href":"https:\/\/www.onetik.com\/fr\/wp-json\/wp\/v2\/posts"}],"about":[{"href":"https:\/\/www.onetik.com\/fr\/wp-json\/wp\/v2\/types\/post"}],"author":[{"embeddable":true,"href":"https:\/\/www.onetik.com\/fr\/wp-json\/wp\/v2\/users\/2"}],"replies":[{"embeddable":true,"href":"https:\/\/www.onetik.com\/fr\/wp-json\/wp\/v2\/comments?post=13183"}],"version-history":[{"count":2,"href":"https:\/\/www.onetik.com\/fr\/wp-json\/wp\/v2\/posts\/13183\/revisions"}],"predecessor-version":[{"id":13191,"href":"https:\/\/www.onetik.com\/fr\/wp-json\/wp\/v2\/posts\/13183\/revisions\/13191"}],"wp:featuredmedia":[{"embeddable":true,"href":"https:\/\/www.onetik.com\/fr\/wp-json\/wp\/v2\/media\/13187"}],"wp:attachment":[{"href":"https:\/\/www.onetik.com\/fr\/wp-json\/wp\/v2\/media?parent=13183"}],"wp:term":[{"taxonomy":"category","embeddable":true,"href":"https:\/\/www.onetik.com\/fr\/wp-json\/wp\/v2\/categories?post=13183"},{"taxonomy":"post_tag","embeddable":true,"href":"https:\/\/www.onetik.com\/fr\/wp-json\/wp\/v2\/tags?post=13183"}],"curies":[{"name":"wp","href":"https:\/\/api.w.org\/{rel}","templated":true}]}}