{"id":12642,"date":"2018-07-27T13:31:25","date_gmt":"2018-07-27T13:31:25","guid":{"rendered":"http:\/\/www.onetik.com\/?p=12642"},"modified":"2018-11-30T11:39:23","modified_gmt":"2018-11-30T11:39:23","slug":"basquilait","status":"publish","type":"post","link":"https:\/\/www.onetik.com\/fr\/basquilait\/","title":{"rendered":"Le lait local Basquilait pr\u00e9sent aux f\u00eates de Bayonne"},"content":{"rendered":"<p style=\"text-align: center;\">L&rsquo;heure des f\u00eates de Bayonne a sonn\u00e9 <span class=\"ver\" title=\"Il faut &lt;i&gt;\u00c0&lt;\/i&gt; (avec accent grave).\">! A cette<\/span> occasion, nous \u00e9tions pr\u00e9sents pour vous r\u00e9galer avec du bon lait Basquilait issu uniquement des productions laiti\u00e8res du Pays Basque<\/p>\n<p style=\"text-align: center;\">Un petit-d\u00e9jeuner tr\u00e8s appr\u00e9ci\u00e9 par les <span class=\"spellmod\" title=\"\">festayres<\/span>\u00a0 !<\/p>\n<p>&nbsp;<\/p>\n\n\t\t<style type=\"text\/css\">\n\t\t\t#gallery-1 {\n\t\t\t\tmargin: auto;\n\t\t\t}\n\t\t\t#gallery-1 .gallery-item {\n\t\t\t\tfloat: left;\n\t\t\t\tmargin-top: 10px;\n\t\t\t\ttext-align: center;\n\t\t\t\twidth: 25%;\n\t\t\t}\n\t\t\t#gallery-1 img {\n\t\t\t\tborder: 2px solid #cfcfcf;\n\t\t\t}\n\t\t\t#gallery-1 .gallery-caption {\n\t\t\t\tmargin-left: 0;\n\t\t\t}\n\t\t\t\/* see gallery_shortcode() in wp-includes\/media.php *\/\n\t\t<\/style>\n\t\t<div id='gallery-1' class='gallery galleryid-12642 gallery-columns-4 gallery-size-medium'><dl class='gallery-item'>\n\t\t\t<dt class='gallery-icon landscape'>\n\t\t\t\t<a href='https:\/\/www.onetik.com\/fr\/basquilait\/20180726_100505\/'><img loading=\"lazy\" decoding=\"async\" width=\"300\" height=\"225\" src=\"https:\/\/www.onetik.com\/wp-content\/uploads\/2018\/07\/20180726_100505-300x225.jpg\" class=\"attachment-medium size-medium\" alt=\"\" srcset=\"https:\/\/www.onetik.com\/wp-content\/uploads\/2018\/07\/20180726_100505-300x225.jpg 300w, https:\/\/www.onetik.com\/wp-content\/uploads\/2018\/07\/20180726_100505-768x576.jpg 768w, https:\/\/www.onetik.com\/wp-content\/uploads\/2018\/07\/20180726_100505-1024x768.jpg 1024w, https:\/\/www.onetik.com\/wp-content\/uploads\/2018\/07\/20180726_100505-382x287.jpg 382w\" sizes=\"auto, (max-width: 300px) 100vw, 300px\" \/><\/a>\n\t\t\t<\/dt><\/dl><dl class='gallery-item'>\n\t\t\t<dt class='gallery-icon portrait'>\n\t\t\t\t<a href='https:\/\/www.onetik.com\/fr\/basquilait\/20180726_111816\/'><img loading=\"lazy\" decoding=\"async\" width=\"225\" height=\"300\" src=\"https:\/\/www.onetik.com\/wp-content\/uploads\/2018\/07\/20180726_111816-e1532699070821-225x300.jpg\" class=\"attachment-medium size-medium\" alt=\"\" srcset=\"https:\/\/www.onetik.com\/wp-content\/uploads\/2018\/07\/20180726_111816-e1532699070821-225x300.jpg 225w, https:\/\/www.onetik.com\/wp-content\/uploads\/2018\/07\/20180726_111816-e1532699070821-768x1024.jpg 768w, https:\/\/www.onetik.com\/wp-content\/uploads\/2018\/07\/20180726_111816-e1532699070821-154x205.jpg 154w, https:\/\/www.onetik.com\/wp-content\/uploads\/2018\/07\/20180726_111816-e1532699070821-382x509.jpg 382w\" sizes=\"auto, (max-width: 225px) 100vw, 225px\" \/><\/a>\n\t\t\t<\/dt><\/dl><dl class='gallery-item'>\n\t\t\t<dt class='gallery-icon portrait'>\n\t\t\t\t<a href='https:\/\/www.onetik.com\/fr\/basquilait\/20180726_101303\/'><img loading=\"lazy\" decoding=\"async\" width=\"225\" height=\"300\" src=\"https:\/\/www.onetik.com\/wp-content\/uploads\/2018\/07\/20180726_101303-e1532699046697-225x300.jpg\" class=\"attachment-medium size-medium\" alt=\"\" srcset=\"https:\/\/www.onetik.com\/wp-content\/uploads\/2018\/07\/20180726_101303-e1532699046697-225x300.jpg 225w, https:\/\/www.onetik.com\/wp-content\/uploads\/2018\/07\/20180726_101303-e1532699046697-768x1024.jpg 768w, https:\/\/www.onetik.com\/wp-content\/uploads\/2018\/07\/20180726_101303-e1532699046697-154x205.jpg 154w, https:\/\/www.onetik.com\/wp-content\/uploads\/2018\/07\/20180726_101303-e1532699046697-382x509.jpg 382w\" sizes=\"auto, (max-width: 225px) 100vw, 225px\" \/><\/a>\n\t\t\t<\/dt><\/dl><dl class='gallery-item'>\n\t\t\t<dt class='gallery-icon portrait'>\n\t\t\t\t<a href='https:\/\/www.onetik.com\/fr\/basquilait\/20180726_100439\/'><img loading=\"lazy\" decoding=\"async\" width=\"225\" height=\"300\" src=\"https:\/\/www.onetik.com\/wp-content\/uploads\/2018\/07\/20180726_100439-e1532698102913-225x300.jpg\" class=\"attachment-medium size-medium\" alt=\"\" srcset=\"https:\/\/www.onetik.com\/wp-content\/uploads\/2018\/07\/20180726_100439-e1532698102913-225x300.jpg 225w, https:\/\/www.onetik.com\/wp-content\/uploads\/2018\/07\/20180726_100439-e1532698102913-768x1024.jpg 768w, https:\/\/www.onetik.com\/wp-content\/uploads\/2018\/07\/20180726_100439-e1532698102913-154x205.jpg 154w, https:\/\/www.onetik.com\/wp-content\/uploads\/2018\/07\/20180726_100439-e1532698102913-382x509.jpg 382w\" sizes=\"auto, (max-width: 225px) 100vw, 225px\" \/><\/a>\n\t\t\t<\/dt><\/dl><br style=\"clear: both\" \/>\n\t\t<\/div>\n\n","protected":false},"excerpt":{"rendered":"<p>L&rsquo;heure des f\u00eates de Bayonne a sonn\u00e9 ! A cette occasion, nous \u00e9tions pr\u00e9sents pour vous r\u00e9galer avec du bon [&hellip;]<\/p>\n","protected":false},"author":2,"featured_media":12700,"comment_status":"closed","ping_status":"closed","sticky":false,"template":"","format":"standard","meta":{"_acf_changed":false,"footnotes":""},"categories":[1],"tags":[],"class_list":["post-12642","post","type-post","status-publish","format-standard","has-post-thumbnail","hentry","category-cat-actualites"],"acf":[],"yoast_head":"<!-- This site is optimized with the Yoast SEO plugin v27.2 - https:\/\/yoast.com\/product\/yoast-seo-wordpress\/ -->\n<title>Le lait local Basquilait pr\u00e9sent aux f\u00eates de Bayonne - Onetik<\/title>\n<meta name=\"description\" content=\"L&#039;heure des f\u00eates de Bayonne a sonn\u00e9 ! A cette occasion, nous \u00e9tions pr\u00e9sents pour vous r\u00e9galer avec du bon lait Basquilait issu uniquement des productions laiti\u00e8res du Pays Basque Un petit-d\u00e9jeuner tr\u00e8s appr\u00e9ci\u00e9 par les festayres !\" \/>\n<meta name=\"robots\" content=\"index, follow, max-snippet:-1, max-image-preview:large, max-video-preview:-1\" \/>\n<link rel=\"canonical\" href=\"https:\/\/www.onetik.com\/fr\/basquilait\/\" \/>\n<meta property=\"og:locale\" content=\"fr_FR\" \/>\n<meta property=\"og:type\" content=\"article\" \/>\n<meta property=\"og:title\" content=\"Le lait local Basquilait pr\u00e9sent aux f\u00eates de Bayonne - Onetik\" \/>\n<meta property=\"og:description\" content=\"L&#039;heure des f\u00eates de Bayonne a sonn\u00e9 ! A cette occasion, nous \u00e9tions pr\u00e9sents pour vous r\u00e9galer avec du bon lait Basquilait issu uniquement des productions laiti\u00e8res du Pays Basque Un petit-d\u00e9jeuner tr\u00e8s appr\u00e9ci\u00e9 par les festayres !\" \/>\n<meta property=\"og:url\" content=\"https:\/\/www.onetik.com\/fr\/basquilait\/\" \/>\n<meta property=\"og:site_name\" content=\"Onetik\" \/>\n<meta property=\"article:published_time\" content=\"2018-07-27T13:31:25+00:00\" \/>\n<meta property=\"article:modified_time\" content=\"2018-11-30T11:39:23+00:00\" \/>\n<meta property=\"og:image\" content=\"https:\/\/www.onetik.com\/wp-content\/uploads\/2018\/07\/fljf.jpg\" \/>\n\t<meta property=\"og:image:width\" content=\"1280\" \/>\n\t<meta property=\"og:image:height\" content=\"854\" \/>\n\t<meta property=\"og:image:type\" content=\"image\/jpeg\" \/>\n<meta name=\"author\" content=\"Onetik\" \/>\n<meta name=\"twitter:card\" content=\"summary_large_image\" \/>\n<meta name=\"twitter:label1\" content=\"\u00c9crit par\" \/>\n\t<meta name=\"twitter:data1\" content=\"Onetik\" \/>\n<script type=\"application\/ld+json\" class=\"yoast-schema-graph\">{\"@context\":\"https:\/\/schema.org\",\"@graph\":[{\"@type\":\"Article\",\"@id\":\"https:\/\/www.onetik.com\/fr\/basquilait\/#article\",\"isPartOf\":{\"@id\":\"https:\/\/www.onetik.com\/fr\/basquilait\/\"},\"author\":{\"name\":\"Onetik\",\"@id\":\"https:\/\/www.onetik.com\/fr\/#\/schema\/person\/fa74a4d6d1e1db6db1a150630fb8a05f\"},\"headline\":\"Le lait local Basquilait pr\u00e9sent aux f\u00eates de Bayonne\",\"datePublished\":\"2018-07-27T13:31:25+00:00\",\"dateModified\":\"2018-11-30T11:39:23+00:00\",\"mainEntityOfPage\":{\"@id\":\"https:\/\/www.onetik.com\/fr\/basquilait\/\"},\"wordCount\":60,\"image\":{\"@id\":\"https:\/\/www.onetik.com\/fr\/basquilait\/#primaryimage\"},\"thumbnailUrl\":\"https:\/\/www.onetik.com\/wp-content\/uploads\/2018\/07\/fljf.jpg\",\"articleSection\":[\"Actualit\u00e9s\"],\"inLanguage\":\"fr-FR\"},{\"@type\":\"WebPage\",\"@id\":\"https:\/\/www.onetik.com\/fr\/basquilait\/\",\"url\":\"https:\/\/www.onetik.com\/fr\/basquilait\/\",\"name\":\"Le lait local Basquilait pr\u00e9sent aux f\u00eates de Bayonne - Onetik\",\"isPartOf\":{\"@id\":\"https:\/\/www.onetik.com\/fr\/#website\"},\"primaryImageOfPage\":{\"@id\":\"https:\/\/www.onetik.com\/fr\/basquilait\/#primaryimage\"},\"image\":{\"@id\":\"https:\/\/www.onetik.com\/fr\/basquilait\/#primaryimage\"},\"thumbnailUrl\":\"https:\/\/www.onetik.com\/wp-content\/uploads\/2018\/07\/fljf.jpg\",\"datePublished\":\"2018-07-27T13:31:25+00:00\",\"dateModified\":\"2018-11-30T11:39:23+00:00\",\"author\":{\"@id\":\"https:\/\/www.onetik.com\/fr\/#\/schema\/person\/fa74a4d6d1e1db6db1a150630fb8a05f\"},\"description\":\"L'heure des f\u00eates de Bayonne a sonn\u00e9 ! A cette occasion, nous \u00e9tions pr\u00e9sents pour vous r\u00e9galer avec du bon lait Basquilait issu uniquement des productions laiti\u00e8res du Pays Basque Un petit-d\u00e9jeuner tr\u00e8s appr\u00e9ci\u00e9 par les festayres !\",\"breadcrumb\":{\"@id\":\"https:\/\/www.onetik.com\/fr\/basquilait\/#breadcrumb\"},\"inLanguage\":\"fr-FR\",\"potentialAction\":[{\"@type\":\"ReadAction\",\"target\":[\"https:\/\/www.onetik.com\/fr\/basquilait\/\"]}]},{\"@type\":\"ImageObject\",\"inLanguage\":\"fr-FR\",\"@id\":\"https:\/\/www.onetik.com\/fr\/basquilait\/#primaryimage\",\"url\":\"https:\/\/www.onetik.com\/wp-content\/uploads\/2018\/07\/fljf.jpg\",\"contentUrl\":\"https:\/\/www.onetik.com\/wp-content\/uploads\/2018\/07\/fljf.jpg\",\"width\":1280,\"height\":854},{\"@type\":\"BreadcrumbList\",\"@id\":\"https:\/\/www.onetik.com\/fr\/basquilait\/#breadcrumb\",\"itemListElement\":[{\"@type\":\"ListItem\",\"position\":1,\"name\":\"Accueil\",\"item\":\"https:\/\/www.onetik.com\/fr\/\"},{\"@type\":\"ListItem\",\"position\":2,\"name\":\"Le lait local Basquilait pr\u00e9sent aux f\u00eates de Bayonne\"}]},{\"@type\":\"WebSite\",\"@id\":\"https:\/\/www.onetik.com\/fr\/#website\",\"url\":\"https:\/\/www.onetik.com\/fr\/\",\"name\":\"Onetik\",\"description\":\"La Fromagerie du Pays Basque\",\"potentialAction\":[{\"@type\":\"SearchAction\",\"target\":{\"@type\":\"EntryPoint\",\"urlTemplate\":\"https:\/\/www.onetik.com\/fr\/?s={search_term_string}\"},\"query-input\":{\"@type\":\"PropertyValueSpecification\",\"valueRequired\":true,\"valueName\":\"search_term_string\"}}],\"inLanguage\":\"fr-FR\"},{\"@type\":\"Person\",\"@id\":\"https:\/\/www.onetik.com\/fr\/#\/schema\/person\/fa74a4d6d1e1db6db1a150630fb8a05f\",\"name\":\"Onetik\",\"image\":{\"@type\":\"ImageObject\",\"inLanguage\":\"fr-FR\",\"@id\":\"https:\/\/secure.gravatar.com\/avatar\/3bf095b73e269b37ae5d6b4326a54365bc0ffe5c73fca7e09ec3773196a6ab67?s=96&d=mm&r=g\",\"url\":\"https:\/\/secure.gravatar.com\/avatar\/3bf095b73e269b37ae5d6b4326a54365bc0ffe5c73fca7e09ec3773196a6ab67?s=96&d=mm&r=g\",\"contentUrl\":\"https:\/\/secure.gravatar.com\/avatar\/3bf095b73e269b37ae5d6b4326a54365bc0ffe5c73fca7e09ec3773196a6ab67?s=96&d=mm&r=g\",\"caption\":\"Onetik\"}}]}<\/script>\n<!-- \/ Yoast SEO plugin. -->","yoast_head_json":{"title":"Le lait local Basquilait pr\u00e9sent aux f\u00eates de Bayonne - Onetik","description":"L'heure des f\u00eates de Bayonne a sonn\u00e9 ! A cette occasion, nous \u00e9tions pr\u00e9sents pour vous r\u00e9galer avec du bon lait Basquilait issu uniquement des productions laiti\u00e8res du Pays Basque Un petit-d\u00e9jeuner tr\u00e8s appr\u00e9ci\u00e9 par les festayres !","robots":{"index":"index","follow":"follow","max-snippet":"max-snippet:-1","max-image-preview":"max-image-preview:large","max-video-preview":"max-video-preview:-1"},"canonical":"https:\/\/www.onetik.com\/fr\/basquilait\/","og_locale":"fr_FR","og_type":"article","og_title":"Le lait local Basquilait pr\u00e9sent aux f\u00eates de Bayonne - Onetik","og_description":"L'heure des f\u00eates de Bayonne a sonn\u00e9 ! A cette occasion, nous \u00e9tions pr\u00e9sents pour vous r\u00e9galer avec du bon lait Basquilait issu uniquement des productions laiti\u00e8res du Pays Basque Un petit-d\u00e9jeuner tr\u00e8s appr\u00e9ci\u00e9 par les festayres !","og_url":"https:\/\/www.onetik.com\/fr\/basquilait\/","og_site_name":"Onetik","article_published_time":"2018-07-27T13:31:25+00:00","article_modified_time":"2018-11-30T11:39:23+00:00","og_image":[{"width":1280,"height":854,"url":"https:\/\/www.onetik.com\/wp-content\/uploads\/2018\/07\/fljf.jpg","type":"image\/jpeg"}],"author":"Onetik","twitter_card":"summary_large_image","twitter_misc":{"\u00c9crit par":"Onetik"},"schema":{"@context":"https:\/\/schema.org","@graph":[{"@type":"Article","@id":"https:\/\/www.onetik.com\/fr\/basquilait\/#article","isPartOf":{"@id":"https:\/\/www.onetik.com\/fr\/basquilait\/"},"author":{"name":"Onetik","@id":"https:\/\/www.onetik.com\/fr\/#\/schema\/person\/fa74a4d6d1e1db6db1a150630fb8a05f"},"headline":"Le lait local Basquilait pr\u00e9sent aux f\u00eates de Bayonne","datePublished":"2018-07-27T13:31:25+00:00","dateModified":"2018-11-30T11:39:23+00:00","mainEntityOfPage":{"@id":"https:\/\/www.onetik.com\/fr\/basquilait\/"},"wordCount":60,"image":{"@id":"https:\/\/www.onetik.com\/fr\/basquilait\/#primaryimage"},"thumbnailUrl":"https:\/\/www.onetik.com\/wp-content\/uploads\/2018\/07\/fljf.jpg","articleSection":["Actualit\u00e9s"],"inLanguage":"fr-FR"},{"@type":"WebPage","@id":"https:\/\/www.onetik.com\/fr\/basquilait\/","url":"https:\/\/www.onetik.com\/fr\/basquilait\/","name":"Le lait local Basquilait pr\u00e9sent aux f\u00eates de Bayonne - Onetik","isPartOf":{"@id":"https:\/\/www.onetik.com\/fr\/#website"},"primaryImageOfPage":{"@id":"https:\/\/www.onetik.com\/fr\/basquilait\/#primaryimage"},"image":{"@id":"https:\/\/www.onetik.com\/fr\/basquilait\/#primaryimage"},"thumbnailUrl":"https:\/\/www.onetik.com\/wp-content\/uploads\/2018\/07\/fljf.jpg","datePublished":"2018-07-27T13:31:25+00:00","dateModified":"2018-11-30T11:39:23+00:00","author":{"@id":"https:\/\/www.onetik.com\/fr\/#\/schema\/person\/fa74a4d6d1e1db6db1a150630fb8a05f"},"description":"L'heure des f\u00eates de Bayonne a sonn\u00e9 ! A cette occasion, nous \u00e9tions pr\u00e9sents pour vous r\u00e9galer avec du bon lait Basquilait issu uniquement des productions laiti\u00e8res du Pays Basque Un petit-d\u00e9jeuner tr\u00e8s appr\u00e9ci\u00e9 par les festayres !","breadcrumb":{"@id":"https:\/\/www.onetik.com\/fr\/basquilait\/#breadcrumb"},"inLanguage":"fr-FR","potentialAction":[{"@type":"ReadAction","target":["https:\/\/www.onetik.com\/fr\/basquilait\/"]}]},{"@type":"ImageObject","inLanguage":"fr-FR","@id":"https:\/\/www.onetik.com\/fr\/basquilait\/#primaryimage","url":"https:\/\/www.onetik.com\/wp-content\/uploads\/2018\/07\/fljf.jpg","contentUrl":"https:\/\/www.onetik.com\/wp-content\/uploads\/2018\/07\/fljf.jpg","width":1280,"height":854},{"@type":"BreadcrumbList","@id":"https:\/\/www.onetik.com\/fr\/basquilait\/#breadcrumb","itemListElement":[{"@type":"ListItem","position":1,"name":"Accueil","item":"https:\/\/www.onetik.com\/fr\/"},{"@type":"ListItem","position":2,"name":"Le lait local Basquilait pr\u00e9sent aux f\u00eates de Bayonne"}]},{"@type":"WebSite","@id":"https:\/\/www.onetik.com\/fr\/#website","url":"https:\/\/www.onetik.com\/fr\/","name":"Onetik","description":"La Fromagerie du Pays Basque","potentialAction":[{"@type":"SearchAction","target":{"@type":"EntryPoint","urlTemplate":"https:\/\/www.onetik.com\/fr\/?s={search_term_string}"},"query-input":{"@type":"PropertyValueSpecification","valueRequired":true,"valueName":"search_term_string"}}],"inLanguage":"fr-FR"},{"@type":"Person","@id":"https:\/\/www.onetik.com\/fr\/#\/schema\/person\/fa74a4d6d1e1db6db1a150630fb8a05f","name":"Onetik","image":{"@type":"ImageObject","inLanguage":"fr-FR","@id":"https:\/\/secure.gravatar.com\/avatar\/3bf095b73e269b37ae5d6b4326a54365bc0ffe5c73fca7e09ec3773196a6ab67?s=96&d=mm&r=g","url":"https:\/\/secure.gravatar.com\/avatar\/3bf095b73e269b37ae5d6b4326a54365bc0ffe5c73fca7e09ec3773196a6ab67?s=96&d=mm&r=g","contentUrl":"https:\/\/secure.gravatar.com\/avatar\/3bf095b73e269b37ae5d6b4326a54365bc0ffe5c73fca7e09ec3773196a6ab67?s=96&d=mm&r=g","caption":"Onetik"}}]}},"_links":{"self":[{"href":"https:\/\/www.onetik.com\/fr\/wp-json\/wp\/v2\/posts\/12642","targetHints":{"allow":["GET"]}}],"collection":[{"href":"https:\/\/www.onetik.com\/fr\/wp-json\/wp\/v2\/posts"}],"about":[{"href":"https:\/\/www.onetik.com\/fr\/wp-json\/wp\/v2\/types\/post"}],"author":[{"embeddable":true,"href":"https:\/\/www.onetik.com\/fr\/wp-json\/wp\/v2\/users\/2"}],"replies":[{"embeddable":true,"href":"https:\/\/www.onetik.com\/fr\/wp-json\/wp\/v2\/comments?post=12642"}],"version-history":[{"count":9,"href":"https:\/\/www.onetik.com\/fr\/wp-json\/wp\/v2\/posts\/12642\/revisions"}],"predecessor-version":[{"id":13057,"href":"https:\/\/www.onetik.com\/fr\/wp-json\/wp\/v2\/posts\/12642\/revisions\/13057"}],"wp:featuredmedia":[{"embeddable":true,"href":"https:\/\/www.onetik.com\/fr\/wp-json\/wp\/v2\/media\/12700"}],"wp:attachment":[{"href":"https:\/\/www.onetik.com\/fr\/wp-json\/wp\/v2\/media?parent=12642"}],"wp:term":[{"taxonomy":"category","embeddable":true,"href":"https:\/\/www.onetik.com\/fr\/wp-json\/wp\/v2\/categories?post=12642"},{"taxonomy":"post_tag","embeddable":true,"href":"https:\/\/www.onetik.com\/fr\/wp-json\/wp\/v2\/tags?post=12642"}],"curies":[{"name":"wp","href":"https:\/\/api.w.org\/{rel}","templated":true}]}}