{"id":12523,"date":"2018-07-10T08:32:30","date_gmt":"2018-07-10T08:32:30","guid":{"rendered":"http:\/\/www.onetik.com\/?p=12523"},"modified":"2018-11-30T11:47:02","modified_gmt":"2018-11-30T11:47:02","slug":"culture-pays-basque-fetes-de-bayonne-approchent","status":"publish","type":"post","link":"https:\/\/www.onetik.com\/fr\/culture-pays-basque-fetes-de-bayonne-approchent\/","title":{"rendered":"Culture du Pays Basque \u2013 les f\u00eates de Bayonne approchent !"},"content":{"rendered":"<p><strong>Elles arrivent\u2026 Les f\u00eates de Bayonne\u00a0! On vous en dit plus sur la tradition des ferias\u00a0au Pays Basque ! <\/strong><\/p>\n<p>&nbsp;<\/p>\n<p>Les F\u00eates de Bayonne sont un des <strong>\u00e9v\u00e8nements incontournables<\/strong> du Pays basque. Elles sont l\u2019empreinte de <strong>codes traditionnels <\/strong>qui se partagent. Cette ann\u00e9e, elles auront lieu du mercredi 25 juillet au dimanche 29 juillet 2018 et environ 1 000 000 de personnes sont attendues, comme chaque ann\u00e9e.<\/p>\n<p>&nbsp;<\/p>\n<p><strong><em>L\u2019origine <\/em><\/strong><\/p>\n<p>Les premi\u00e8res f\u00eates de Bayonne datent de juillet <strong>1932<\/strong>. A l\u2019origine c\u2019est l\u2019id\u00e9e <strong>d\u2019une bande d\u2019amis rugbymans bayonnais<\/strong> qui, en <strong>fr\u00e9quentant les f\u00eates de Pampelune<\/strong>, a l\u2019id\u00e9e de <strong>reproduire ce concept \u00e0 Bayonne<\/strong>.<\/p>\n<p>Pour la petite histoire, lors des premi\u00e8res f\u00eates les hommes \u00e9taient v\u00eatus en bleu et blanc en r\u00e9f\u00e9rence aux couleurs du club de rugby local, l&rsquo;Aviron Bayonnais.<br \/>\nApr\u00e8s avoir essay\u00e9 le vert\/rouge puis la marini\u00e8re, ce n&rsquo;est qu&rsquo;au <strong>d\u00e9but des ann\u00e9es 90 que le blanc et rouge s&rsquo;est impos\u00e9 d\u00e9finitivement<\/strong>. C\u2019est une<strong> r\u00e9f\u00e9rence \u00e0 Luis Mariano<\/strong> qui a \u00e9t\u00e9 l\u2019invit\u00e9 d\u2019honneur en <strong>1969<\/strong> pour effectuer le traditionnel jet\u00e9 des clefs de la ville. Il \u00e9tait v\u00eatu de blanc et rouge, comme \u00e0 Pampelune.<\/p>\n<p>&nbsp;<\/p>\n<p>Depuis, la tradition est respect\u00e9e par tous et, durant les cinq jours, toute la ville est habill\u00e9e d\u2019une <strong>tenue blanche<\/strong> avec une <strong>cinta<\/strong> et un <strong>foulard<\/strong> <strong>rouge. <\/strong><\/p>\n<p>&nbsp;<\/p>\n<p><strong><em>Au fils des ann\u00e9es de nombreuses traditions sont apparues et ont cr\u00e9\u00e9es l\u2019identit\u00e9 de cette f\u00eate.<\/em><\/strong><\/p>\n<p><strong><em>\u00a0<\/em><\/strong><\/p>\n<p>Le mercredi, \u00e0 22h, c\u2019est l\u2019<strong>ouverture officielle des f\u00eates<\/strong> avec la <strong>remise symbolique des clefs de la ville<\/strong>. En effet M. Le Maire remet les trois clefs de la ville \u00e0 un invit\u00e9 d\u2019honneur qui les jette depuis le balcon de la mairie. Trois clefs pour trois quartiers de la ville : Grand-Bayonne, Petit-Bayonne et Saint-Esprit.<\/p>\n<p>De plus, <strong>tous les midis<\/strong> le <strong>R\u00e9veil du Roi L\u00e9on<\/strong> est c\u00e9l\u00e9br\u00e9 sur la place de la Libert\u00e9 pour signaler le r\u00e9veil de f\u00eate.<\/p>\n<p>Le <strong>jeudi<\/strong> c\u2019est la <strong>journ\u00e9e des enfants<\/strong>\u00a0: tout comme les grands, ils participent aux F\u00eates avec des animations ludiques.<\/p>\n<p>&nbsp;<\/p>\n<p><strong><em>Le sport rythme aussi les f\u00eates de Bayonne\u00a0!<\/em><\/strong><\/p>\n<p>Le mercredi avant l\u2019ouverture, la traditionnelle <strong>Foul\u00e9e du Festayre<\/strong> est organis\u00e9e au d\u00e9part de la C\u00f4te des Basques de Biarritz jusqu\u2019au quai de Lesseps de Bayonne.<\/p>\n<p>&nbsp;<\/p>\n<p>La <strong>pelote basque<\/strong> sera pratiqu\u00e9e au fronton du Rail Bayonnais, \u00e0 Saint-Esprit pour accueillir l&rsquo;Open de la Rive Droite le jeudi et samedi. Plusieurs parties de pelote, jeudi et samedi \u00e0 partir de 18h, seront organis\u00e9es sur le fronton du stade Jean-Dauger.<\/p>\n<p>&nbsp;<\/p>\n<p><strong><em>Ce que l\u2019on mange aux f\u00eates de Bayonne\u00a0?<\/em><\/strong><\/p>\n<p>Festival de rue oblige, le repas basque <strong>se d\u00e9guste dans la rue<\/strong> ou <strong>autour d\u2019une table haute<\/strong> \u00e0 l\u2019espagnol. Vous pourrez trouver un peu partout des <strong>stands de Taloa<\/strong>\u00a0: des cr\u00eapes de ma\u00efs que l&rsquo;on mange avec du jambon de Bayonne et de l\u2019Ossau Iraty Onetik, le fromage de brebis local.<\/p>\n<p>Pour les friands de tapas, le pays Basque dispose de sa propre version : <strong>les pintxos<\/strong>, qui font aussi fureur pendant les f\u00eates de Bayonne.<br \/>\nTartin\u00e9 de tapenade, de poivrons ou de piperade, le pintxo se pr\u00e9sente sous forme de petite tartine et se d\u00e9guste \u00e0 volont\u00e9 !<\/p>\n<p>Pour apprendre \u00e0 les cuisiner, <a href=\"http:\/\/www.onetik.com\/fr\/degustation\/recettes\/\">rendez-vous ici<\/a><\/p>\n<p>&nbsp;<\/p>\n<p><strong>Autre coutume \u00e0 Bayonne\u00a0: les pe\u00f1as<\/strong>, ce qui signifient \u00ab\u00a0groupe d&rsquo;amis\u00a0\u00bb en espagnol.<br \/>\nC\u2019est un rassemblement amical et festif, g\u00e9n\u00e9ralement une cave donnant sur la rue. A Bayonne, pr\u00e8s de 3\u00a0000 personnes sont membres d&rsquo;une pe\u00f1a.<\/p>\n<p>&nbsp;<\/p>\n<p>Cette ann\u00e9e<strong>, les f\u00e9rias deviennent payantes<\/strong>, des bracelets pass de trois jours sont vendus d\u00e8s \u00e0 pr\u00e9sent \u00e0 8 euros<strong>, <\/strong>\u00e0 la Maison des associations (11 all\u00e9e de Glain, place de la Libert\u00e9 et \u00e0 l\u2019espace socio-culturel municipal, 22 place des Gascons). Pour les moins de 16 ou les r\u00e9sidents de Bayonne, cela reste gratuit.<\/p>\n<p>&nbsp;<\/p>\n<p>Bonnes f\u00eates de Bayonne \u00e0 tous\u00a0!<\/p>\n\n\t\t<style type=\"text\/css\">\n\t\t\t#gallery-1 {\n\t\t\t\tmargin: auto;\n\t\t\t}\n\t\t\t#gallery-1 .gallery-item {\n\t\t\t\tfloat: left;\n\t\t\t\tmargin-top: 10px;\n\t\t\t\ttext-align: center;\n\t\t\t\twidth: 33%;\n\t\t\t}\n\t\t\t#gallery-1 img {\n\t\t\t\tborder: 2px solid #cfcfcf;\n\t\t\t}\n\t\t\t#gallery-1 .gallery-caption {\n\t\t\t\tmargin-left: 0;\n\t\t\t}\n\t\t\t\/* see gallery_shortcode() in wp-includes\/media.php *\/\n\t\t<\/style>\n\t\t<div id='gallery-1' class='gallery galleryid-12523 gallery-columns-3 gallery-size-medium'><dl class='gallery-item'>\n\t\t\t<dt class='gallery-icon landscape'>\n\t\t\t\t<a href='https:\/\/www.onetik.com\/fr\/culture-pays-basque-fetes-de-bayonne-approchent\/fetes-de-bayonne-fanions-02-cdt64-copie\/'><img loading=\"lazy\" decoding=\"async\" width=\"300\" height=\"225\" src=\"https:\/\/www.onetik.com\/wp-content\/uploads\/2018\/07\/Fetes-de-Bayonne-fanions-02-\u00a9CDT64-copie-300x225.jpg\" class=\"attachment-medium size-medium\" alt=\"\" srcset=\"https:\/\/www.onetik.com\/wp-content\/uploads\/2018\/07\/Fetes-de-Bayonne-fanions-02-\u00a9CDT64-copie-300x225.jpg 300w, https:\/\/www.onetik.com\/wp-content\/uploads\/2018\/07\/Fetes-de-Bayonne-fanions-02-\u00a9CDT64-copie-768x576.jpg 768w, https:\/\/www.onetik.com\/wp-content\/uploads\/2018\/07\/Fetes-de-Bayonne-fanions-02-\u00a9CDT64-copie-1024x768.jpg 1024w, https:\/\/www.onetik.com\/wp-content\/uploads\/2018\/07\/Fetes-de-Bayonne-fanions-02-\u00a9CDT64-copie-382x287.jpg 382w\" sizes=\"auto, (max-width: 300px) 100vw, 300px\" \/><\/a>\n\t\t\t<\/dt><\/dl><dl class='gallery-item'>\n\t\t\t<dt class='gallery-icon landscape'>\n\t\t\t\t<a href='https:\/\/www.onetik.com\/fr\/culture-pays-basque-fetes-de-bayonne-approchent\/photo-newsletter\/'><img loading=\"lazy\" decoding=\"async\" width=\"300\" height=\"138\" src=\"https:\/\/www.onetik.com\/wp-content\/uploads\/2018\/07\/photo-newsletter-300x138.jpg\" class=\"attachment-medium size-medium\" alt=\"\" srcset=\"https:\/\/www.onetik.com\/wp-content\/uploads\/2018\/07\/photo-newsletter-300x138.jpg 300w, https:\/\/www.onetik.com\/wp-content\/uploads\/2018\/07\/photo-newsletter-768x353.jpg 768w, https:\/\/www.onetik.com\/wp-content\/uploads\/2018\/07\/photo-newsletter-1024x470.jpg 1024w, https:\/\/www.onetik.com\/wp-content\/uploads\/2018\/07\/photo-newsletter-382x175.jpg 382w\" sizes=\"auto, (max-width: 300px) 100vw, 300px\" \/><\/a>\n\t\t\t<\/dt><\/dl><dl class='gallery-item'>\n\t\t\t<dt class='gallery-icon landscape'>\n\t\t\t\t<a href='https:\/\/www.onetik.com\/fr\/culture-pays-basque-fetes-de-bayonne-approchent\/fetes-de-bayonne-place-de-la-liberte-08-cdt64\/'><img loading=\"lazy\" decoding=\"async\" width=\"300\" height=\"200\" src=\"https:\/\/www.onetik.com\/wp-content\/uploads\/2018\/07\/Fetes-de-Bayonne-Place-de-la-Liberte-08-\u00a9CDT64-300x200.jpg\" class=\"attachment-medium size-medium\" alt=\"\" srcset=\"https:\/\/www.onetik.com\/wp-content\/uploads\/2018\/07\/Fetes-de-Bayonne-Place-de-la-Liberte-08-\u00a9CDT64-300x200.jpg 300w, https:\/\/www.onetik.com\/wp-content\/uploads\/2018\/07\/Fetes-de-Bayonne-Place-de-la-Liberte-08-\u00a9CDT64-768x512.jpg 768w, https:\/\/www.onetik.com\/wp-content\/uploads\/2018\/07\/Fetes-de-Bayonne-Place-de-la-Liberte-08-\u00a9CDT64-1024x683.jpg 1024w, https:\/\/www.onetik.com\/wp-content\/uploads\/2018\/07\/Fetes-de-Bayonne-Place-de-la-Liberte-08-\u00a9CDT64-286x192.jpg 286w, https:\/\/www.onetik.com\/wp-content\/uploads\/2018\/07\/Fetes-de-Bayonne-Place-de-la-Liberte-08-\u00a9CDT64-382x255.jpg 382w\" sizes=\"auto, (max-width: 300px) 100vw, 300px\" \/><\/a>\n\t\t\t<\/dt><\/dl><br style=\"clear: both\" \/><dl class='gallery-item'>\n\t\t\t<dt class='gallery-icon landscape'>\n\t\t\t\t<a href='https:\/\/www.onetik.com\/fr\/culture-pays-basque-fetes-de-bayonne-approchent\/fetes-de-bayonne-place-de-la-liberte-01-cdt64\/'><img loading=\"lazy\" decoding=\"async\" width=\"300\" height=\"225\" src=\"https:\/\/www.onetik.com\/wp-content\/uploads\/2018\/07\/Fetes-de-Bayonne-Place-de-la-Liberte-01-\u00a9CDT64-300x225.jpg\" class=\"attachment-medium size-medium\" alt=\"\" srcset=\"https:\/\/www.onetik.com\/wp-content\/uploads\/2018\/07\/Fetes-de-Bayonne-Place-de-la-Liberte-01-\u00a9CDT64-300x225.jpg 300w, https:\/\/www.onetik.com\/wp-content\/uploads\/2018\/07\/Fetes-de-Bayonne-Place-de-la-Liberte-01-\u00a9CDT64-768x576.jpg 768w, https:\/\/www.onetik.com\/wp-content\/uploads\/2018\/07\/Fetes-de-Bayonne-Place-de-la-Liberte-01-\u00a9CDT64-1024x768.jpg 1024w, https:\/\/www.onetik.com\/wp-content\/uploads\/2018\/07\/Fetes-de-Bayonne-Place-de-la-Liberte-01-\u00a9CDT64-382x287.jpg 382w\" sizes=\"auto, (max-width: 300px) 100vw, 300px\" \/><\/a>\n\t\t\t<\/dt><\/dl><dl class='gallery-item'>\n\t\t\t<dt class='gallery-icon landscape'>\n\t\t\t\t<a href='https:\/\/www.onetik.com\/fr\/culture-pays-basque-fetes-de-bayonne-approchent\/fetes-de-bayonne-les-rues-014-cdt64-copie\/'><img loading=\"lazy\" decoding=\"async\" width=\"300\" height=\"225\" src=\"https:\/\/www.onetik.com\/wp-content\/uploads\/2018\/07\/Fetes-de-Bayonne-les-rues-014-\u00a9CDT64-copie-300x225.jpg\" class=\"attachment-medium size-medium\" alt=\"\" srcset=\"https:\/\/www.onetik.com\/wp-content\/uploads\/2018\/07\/Fetes-de-Bayonne-les-rues-014-\u00a9CDT64-copie-300x225.jpg 300w, https:\/\/www.onetik.com\/wp-content\/uploads\/2018\/07\/Fetes-de-Bayonne-les-rues-014-\u00a9CDT64-copie-768x576.jpg 768w, https:\/\/www.onetik.com\/wp-content\/uploads\/2018\/07\/Fetes-de-Bayonne-les-rues-014-\u00a9CDT64-copie-1024x768.jpg 1024w, https:\/\/www.onetik.com\/wp-content\/uploads\/2018\/07\/Fetes-de-Bayonne-les-rues-014-\u00a9CDT64-copie-382x287.jpg 382w\" sizes=\"auto, (max-width: 300px) 100vw, 300px\" \/><\/a>\n\t\t\t<\/dt><\/dl><dl class='gallery-item'>\n\t\t\t<dt class='gallery-icon landscape'>\n\t\t\t\t<a href='https:\/\/www.onetik.com\/fr\/culture-pays-basque-fetes-de-bayonne-approchent\/fetes-de-bayonne-drapeau-basque-02-cdt64\/'><img loading=\"lazy\" decoding=\"async\" width=\"300\" height=\"225\" src=\"https:\/\/www.onetik.com\/wp-content\/uploads\/2018\/07\/Fetes-de-Bayonne-drapeau-basque-02-\u00a9CDT64-300x225.jpg\" class=\"attachment-medium size-medium\" alt=\"\" srcset=\"https:\/\/www.onetik.com\/wp-content\/uploads\/2018\/07\/Fetes-de-Bayonne-drapeau-basque-02-\u00a9CDT64-300x225.jpg 300w, https:\/\/www.onetik.com\/wp-content\/uploads\/2018\/07\/Fetes-de-Bayonne-drapeau-basque-02-\u00a9CDT64-768x576.jpg 768w, https:\/\/www.onetik.com\/wp-content\/uploads\/2018\/07\/Fetes-de-Bayonne-drapeau-basque-02-\u00a9CDT64-1024x768.jpg 1024w, https:\/\/www.onetik.com\/wp-content\/uploads\/2018\/07\/Fetes-de-Bayonne-drapeau-basque-02-\u00a9CDT64-382x287.jpg 382w\" sizes=\"auto, (max-width: 300px) 100vw, 300px\" \/><\/a>\n\t\t\t<\/dt><\/dl><br style=\"clear: both\" \/><dl class='gallery-item'>\n\t\t\t<dt class='gallery-icon landscape'>\n\t\t\t\t<a href='https:\/\/www.onetik.com\/fr\/culture-pays-basque-fetes-de-bayonne-approchent\/fetes-de-bayonne-banda-19-cdt64-copie\/'><img loading=\"lazy\" decoding=\"async\" width=\"300\" height=\"125\" src=\"https:\/\/www.onetik.com\/wp-content\/uploads\/2018\/07\/Fetes-de-Bayonne-Banda-19-\u00a9CDT64-copie-300x125.jpg\" class=\"attachment-medium size-medium\" alt=\"\" srcset=\"https:\/\/www.onetik.com\/wp-content\/uploads\/2018\/07\/Fetes-de-Bayonne-Banda-19-\u00a9CDT64-copie-300x125.jpg 300w, https:\/\/www.onetik.com\/wp-content\/uploads\/2018\/07\/Fetes-de-Bayonne-Banda-19-\u00a9CDT64-copie-768x321.jpg 768w, https:\/\/www.onetik.com\/wp-content\/uploads\/2018\/07\/Fetes-de-Bayonne-Banda-19-\u00a9CDT64-copie-1024x427.jpg 1024w, https:\/\/www.onetik.com\/wp-content\/uploads\/2018\/07\/Fetes-de-Bayonne-Banda-19-\u00a9CDT64-copie-382x159.jpg 382w\" sizes=\"auto, (max-width: 300px) 100vw, 300px\" \/><\/a>\n\t\t\t<\/dt><\/dl>\n\t\t\t<br style='clear: both' \/>\n\t\t<\/div>\n\n<p>Autres ferias du Pays Basque \u00e0 ne pas manquer\u00a0:<\/p>\n<p><strong>Juillet<\/strong><\/p>\n<ul>\n<li><strong>Lahonce<\/strong> du 6 au 8 juillet<\/li>\n<li><strong>Pampelune<\/strong> San Fermin du 6 au 14 juillet<\/li>\n<li><strong>Ciboure<\/strong> et <strong>Saint-Jean-de-Luz <\/strong>f\u00eate du thon le 7 juillet<\/li>\n<li><strong>Guiche<\/strong> du 13 au 15 juillet<\/li>\n<li><strong>Ustaritz<\/strong> du 13 au 15 juillet<\/li>\n<li><strong>Macaye<\/strong> du 19 au 23 juillet<\/li>\n<li><strong>Urcuit <\/strong>du 20 au 22 juillet<\/li>\n<li><strong>Souraide<\/strong> du 20 au 23 juillet<\/li>\n<\/ul>\n<p>&nbsp;<\/p>\n<p><strong>Ao\u00fbt<\/strong><\/p>\n<ul>\n<li><strong>Arbonne<\/strong> du 3 au 6 ao\u00fbt<\/li>\n<li><strong>La Bastide-Clairence<\/strong> du 3 au 6 ao\u00fbt<\/li>\n<li><strong>Cambo-les-Bains<\/strong> du 3 au 5 ao\u00fbt<\/li>\n<li><strong>Espelette<\/strong> du 3 au 7 ao\u00fbt<\/li>\n<li><strong>Hendaye<\/strong> &#8211; f\u00eate basque du 10 au 12 ao\u00fbt<\/li>\n<li><strong>Louhossoa<\/strong> du 10 au 15 ao\u00fbt<\/li>\n<li><strong>Bardos<\/strong> du 10 au 15 ao\u00fbt<\/li>\n<li><strong>Ciboure<\/strong> &#8211; f\u00eates de l\u2019Untxin le 11 ao\u00fbt<\/li>\n<li><strong>Bergouey-Viellenave<\/strong> du 11 au 12 ao\u00fbt<\/li>\n<li><strong>Ascain<\/strong> du 14 au 19 ao\u00fbt<\/li>\n<li><strong>Urt<\/strong> du 14 au 18 ao\u00fbt<\/li>\n<li><strong>Maul\u00e9on<\/strong> &#8211; f\u00eate de l\u2019espadrille le 15 ao\u00fbt<\/li>\n<li><strong>Itxassou<\/strong> du 17 au 22 ao\u00fbt<\/li>\n<li><strong>Bassussarry<\/strong> du 24 au 27 ao\u00fbt<\/li>\n<li><strong>Came<\/strong> du 24 au 27 ao\u00fbt<\/li>\n<li><strong>Larressore<\/strong> du 24 au 27 ao\u00fbt<\/li>\n<li><strong>Villefranque<\/strong> du 24 au 26 ao\u00fbt<\/li>\n<li><strong>Halsou<\/strong> du 31 ao\u00fbt au 2 septembre<\/li>\n<li><strong>Urrugne<\/strong> du 31 ao\u00fbt au 5 septembre<\/li>\n<\/ul>\n<p><strong>\u00a0<\/strong><\/p>\n<p><strong>Septembre<\/strong><\/p>\n<ul>\n<li><strong>Musculdy<\/strong> du 7 au 9 septembre<\/li>\n<li><strong>Mendionde<\/strong> du 14 au 17 septembre<\/li>\n<li><strong>Ciboure<\/strong> &#8211; f\u00eate de la Corniche le 30 septembre<\/li>\n<\/ul>\n<p><strong>\u00a0<\/strong><\/p>\n<p><strong>Octobre<\/strong><\/p>\n<ul>\n<li><strong>Cambo-les-Bains &#8211; <\/strong>f\u00eate du g\u00e2teau basque les 6 et 7 octobre<\/li>\n<li><strong>Espelette<\/strong> \u2013 la f\u00eate du piment les 27 et 28 octobre<\/li>\n<\/ul>\n","protected":false},"excerpt":{"rendered":"<p>Elles arrivent\u2026 Les f\u00eates de Bayonne\u00a0! On vous en dit plus sur la tradition des ferias\u00a0au Pays Basque ! &nbsp; [&hellip;]<\/p>\n","protected":false},"author":2,"featured_media":12526,"comment_status":"closed","ping_status":"closed","sticky":false,"template":"","format":"standard","meta":{"_acf_changed":false,"footnotes":""},"categories":[1],"tags":[],"class_list":["post-12523","post","type-post","status-publish","format-standard","has-post-thumbnail","hentry","category-cat-actualites"],"acf":[],"yoast_head":"<!-- This site is optimized with the Yoast SEO plugin v27.2 - https:\/\/yoast.com\/product\/yoast-seo-wordpress\/ -->\n<title>Culture du Pays Basque \u2013 les f\u00eates de Bayonne approchent ! - Onetik<\/title>\n<meta name=\"description\" content=\"Elles arrivent\u2026 Les f\u00eates de Bayonne ! On vous en dit plus sur la tradition des ferias au Pays Basque ! Les F\u00eates de Bayonne sont un des \u00e9v\u00e8nements incontournables du Pays basque. Elles sont l\u2019empreinte de codes traditionnels qui se partagent.\" \/>\n<meta name=\"robots\" content=\"index, follow, max-snippet:-1, max-image-preview:large, max-video-preview:-1\" \/>\n<link rel=\"canonical\" href=\"https:\/\/www.onetik.com\/fr\/culture-pays-basque-fetes-de-bayonne-approchent\/\" \/>\n<meta property=\"og:locale\" content=\"fr_FR\" \/>\n<meta property=\"og:type\" content=\"article\" \/>\n<meta property=\"og:title\" content=\"Culture du Pays Basque \u2013 les f\u00eates de Bayonne approchent ! - Onetik\" \/>\n<meta property=\"og:description\" content=\"Elles arrivent\u2026 Les f\u00eates de Bayonne ! On vous en dit plus sur la tradition des ferias au Pays Basque ! Les F\u00eates de Bayonne sont un des \u00e9v\u00e8nements incontournables du Pays basque. Elles sont l\u2019empreinte de codes traditionnels qui se partagent.\" \/>\n<meta property=\"og:url\" content=\"https:\/\/www.onetik.com\/fr\/culture-pays-basque-fetes-de-bayonne-approchent\/\" \/>\n<meta property=\"og:site_name\" content=\"Onetik\" \/>\n<meta property=\"article:published_time\" content=\"2018-07-10T08:32:30+00:00\" \/>\n<meta property=\"article:modified_time\" content=\"2018-11-30T11:47:02+00:00\" \/>\n<meta property=\"og:image\" content=\"https:\/\/www.onetik.com\/wp-content\/uploads\/2018\/07\/Fetes-de-Bayonne-Banda-06-\u00a9CDT64-copie-1024x804.jpg\" \/>\n\t<meta property=\"og:image:width\" content=\"1024\" \/>\n\t<meta property=\"og:image:height\" content=\"804\" \/>\n\t<meta property=\"og:image:type\" content=\"image\/jpeg\" \/>\n<meta name=\"author\" content=\"Onetik\" \/>\n<meta name=\"twitter:card\" content=\"summary_large_image\" \/>\n<meta name=\"twitter:label1\" content=\"\u00c9crit par\" \/>\n\t<meta name=\"twitter:data1\" content=\"Onetik\" \/>\n\t<meta name=\"twitter:label2\" content=\"Dur\u00e9e de lecture estim\u00e9e\" \/>\n\t<meta name=\"twitter:data2\" content=\"4 minutes\" \/>\n<script type=\"application\/ld+json\" class=\"yoast-schema-graph\">{\"@context\":\"https:\/\/schema.org\",\"@graph\":[{\"@type\":\"Article\",\"@id\":\"https:\/\/www.onetik.com\/fr\/culture-pays-basque-fetes-de-bayonne-approchent\/#article\",\"isPartOf\":{\"@id\":\"https:\/\/www.onetik.com\/fr\/culture-pays-basque-fetes-de-bayonne-approchent\/\"},\"author\":{\"name\":\"Onetik\",\"@id\":\"https:\/\/www.onetik.com\/fr\/#\/schema\/person\/fa74a4d6d1e1db6db1a150630fb8a05f\"},\"headline\":\"Culture du Pays Basque \u2013 les f\u00eates de Bayonne approchent !\",\"datePublished\":\"2018-07-10T08:32:30+00:00\",\"dateModified\":\"2018-11-30T11:47:02+00:00\",\"mainEntityOfPage\":{\"@id\":\"https:\/\/www.onetik.com\/fr\/culture-pays-basque-fetes-de-bayonne-approchent\/\"},\"wordCount\":896,\"image\":{\"@id\":\"https:\/\/www.onetik.com\/fr\/culture-pays-basque-fetes-de-bayonne-approchent\/#primaryimage\"},\"thumbnailUrl\":\"https:\/\/www.onetik.com\/wp-content\/uploads\/2018\/07\/Fetes-de-Bayonne-Banda-06-\u00a9CDT64-copie.jpg\",\"articleSection\":[\"Actualit\u00e9s\"],\"inLanguage\":\"fr-FR\"},{\"@type\":\"WebPage\",\"@id\":\"https:\/\/www.onetik.com\/fr\/culture-pays-basque-fetes-de-bayonne-approchent\/\",\"url\":\"https:\/\/www.onetik.com\/fr\/culture-pays-basque-fetes-de-bayonne-approchent\/\",\"name\":\"Culture du Pays Basque \u2013 les f\u00eates de Bayonne approchent ! - Onetik\",\"isPartOf\":{\"@id\":\"https:\/\/www.onetik.com\/fr\/#website\"},\"primaryImageOfPage\":{\"@id\":\"https:\/\/www.onetik.com\/fr\/culture-pays-basque-fetes-de-bayonne-approchent\/#primaryimage\"},\"image\":{\"@id\":\"https:\/\/www.onetik.com\/fr\/culture-pays-basque-fetes-de-bayonne-approchent\/#primaryimage\"},\"thumbnailUrl\":\"https:\/\/www.onetik.com\/wp-content\/uploads\/2018\/07\/Fetes-de-Bayonne-Banda-06-\u00a9CDT64-copie.jpg\",\"datePublished\":\"2018-07-10T08:32:30+00:00\",\"dateModified\":\"2018-11-30T11:47:02+00:00\",\"author\":{\"@id\":\"https:\/\/www.onetik.com\/fr\/#\/schema\/person\/fa74a4d6d1e1db6db1a150630fb8a05f\"},\"description\":\"Elles arrivent\u2026 Les f\u00eates de Bayonne ! On vous en dit plus sur la tradition des ferias au Pays Basque ! Les F\u00eates de Bayonne sont un des \u00e9v\u00e8nements incontournables du Pays basque. Elles sont l\u2019empreinte de codes traditionnels qui se partagent.\",\"breadcrumb\":{\"@id\":\"https:\/\/www.onetik.com\/fr\/culture-pays-basque-fetes-de-bayonne-approchent\/#breadcrumb\"},\"inLanguage\":\"fr-FR\",\"potentialAction\":[{\"@type\":\"ReadAction\",\"target\":[\"https:\/\/www.onetik.com\/fr\/culture-pays-basque-fetes-de-bayonne-approchent\/\"]}]},{\"@type\":\"ImageObject\",\"inLanguage\":\"fr-FR\",\"@id\":\"https:\/\/www.onetik.com\/fr\/culture-pays-basque-fetes-de-bayonne-approchent\/#primaryimage\",\"url\":\"https:\/\/www.onetik.com\/wp-content\/uploads\/2018\/07\/Fetes-de-Bayonne-Banda-06-\u00a9CDT64-copie.jpg\",\"contentUrl\":\"https:\/\/www.onetik.com\/wp-content\/uploads\/2018\/07\/Fetes-de-Bayonne-Banda-06-\u00a9CDT64-copie.jpg\",\"width\":2424,\"height\":1904},{\"@type\":\"BreadcrumbList\",\"@id\":\"https:\/\/www.onetik.com\/fr\/culture-pays-basque-fetes-de-bayonne-approchent\/#breadcrumb\",\"itemListElement\":[{\"@type\":\"ListItem\",\"position\":1,\"name\":\"Accueil\",\"item\":\"https:\/\/www.onetik.com\/fr\/\"},{\"@type\":\"ListItem\",\"position\":2,\"name\":\"Culture du Pays Basque \u2013 les f\u00eates de Bayonne approchent !\"}]},{\"@type\":\"WebSite\",\"@id\":\"https:\/\/www.onetik.com\/fr\/#website\",\"url\":\"https:\/\/www.onetik.com\/fr\/\",\"name\":\"Onetik\",\"description\":\"La Fromagerie du Pays Basque\",\"potentialAction\":[{\"@type\":\"SearchAction\",\"target\":{\"@type\":\"EntryPoint\",\"urlTemplate\":\"https:\/\/www.onetik.com\/fr\/?s={search_term_string}\"},\"query-input\":{\"@type\":\"PropertyValueSpecification\",\"valueRequired\":true,\"valueName\":\"search_term_string\"}}],\"inLanguage\":\"fr-FR\"},{\"@type\":\"Person\",\"@id\":\"https:\/\/www.onetik.com\/fr\/#\/schema\/person\/fa74a4d6d1e1db6db1a150630fb8a05f\",\"name\":\"Onetik\",\"image\":{\"@type\":\"ImageObject\",\"inLanguage\":\"fr-FR\",\"@id\":\"https:\/\/secure.gravatar.com\/avatar\/3bf095b73e269b37ae5d6b4326a54365bc0ffe5c73fca7e09ec3773196a6ab67?s=96&d=mm&r=g\",\"url\":\"https:\/\/secure.gravatar.com\/avatar\/3bf095b73e269b37ae5d6b4326a54365bc0ffe5c73fca7e09ec3773196a6ab67?s=96&d=mm&r=g\",\"contentUrl\":\"https:\/\/secure.gravatar.com\/avatar\/3bf095b73e269b37ae5d6b4326a54365bc0ffe5c73fca7e09ec3773196a6ab67?s=96&d=mm&r=g\",\"caption\":\"Onetik\"}}]}<\/script>\n<!-- \/ Yoast SEO plugin. -->","yoast_head_json":{"title":"Culture du Pays Basque \u2013 les f\u00eates de Bayonne approchent ! - Onetik","description":"Elles arrivent\u2026 Les f\u00eates de Bayonne ! On vous en dit plus sur la tradition des ferias au Pays Basque ! Les F\u00eates de Bayonne sont un des \u00e9v\u00e8nements incontournables du Pays basque. Elles sont l\u2019empreinte de codes traditionnels qui se partagent.","robots":{"index":"index","follow":"follow","max-snippet":"max-snippet:-1","max-image-preview":"max-image-preview:large","max-video-preview":"max-video-preview:-1"},"canonical":"https:\/\/www.onetik.com\/fr\/culture-pays-basque-fetes-de-bayonne-approchent\/","og_locale":"fr_FR","og_type":"article","og_title":"Culture du Pays Basque \u2013 les f\u00eates de Bayonne approchent ! - Onetik","og_description":"Elles arrivent\u2026 Les f\u00eates de Bayonne ! On vous en dit plus sur la tradition des ferias au Pays Basque ! Les F\u00eates de Bayonne sont un des \u00e9v\u00e8nements incontournables du Pays basque. Elles sont l\u2019empreinte de codes traditionnels qui se partagent.","og_url":"https:\/\/www.onetik.com\/fr\/culture-pays-basque-fetes-de-bayonne-approchent\/","og_site_name":"Onetik","article_published_time":"2018-07-10T08:32:30+00:00","article_modified_time":"2018-11-30T11:47:02+00:00","og_image":[{"width":1024,"height":804,"url":"https:\/\/www.onetik.com\/wp-content\/uploads\/2018\/07\/Fetes-de-Bayonne-Banda-06-\u00a9CDT64-copie-1024x804.jpg","type":"image\/jpeg"}],"author":"Onetik","twitter_card":"summary_large_image","twitter_misc":{"\u00c9crit par":"Onetik","Dur\u00e9e de lecture estim\u00e9e":"4 minutes"},"schema":{"@context":"https:\/\/schema.org","@graph":[{"@type":"Article","@id":"https:\/\/www.onetik.com\/fr\/culture-pays-basque-fetes-de-bayonne-approchent\/#article","isPartOf":{"@id":"https:\/\/www.onetik.com\/fr\/culture-pays-basque-fetes-de-bayonne-approchent\/"},"author":{"name":"Onetik","@id":"https:\/\/www.onetik.com\/fr\/#\/schema\/person\/fa74a4d6d1e1db6db1a150630fb8a05f"},"headline":"Culture du Pays Basque \u2013 les f\u00eates de Bayonne approchent !","datePublished":"2018-07-10T08:32:30+00:00","dateModified":"2018-11-30T11:47:02+00:00","mainEntityOfPage":{"@id":"https:\/\/www.onetik.com\/fr\/culture-pays-basque-fetes-de-bayonne-approchent\/"},"wordCount":896,"image":{"@id":"https:\/\/www.onetik.com\/fr\/culture-pays-basque-fetes-de-bayonne-approchent\/#primaryimage"},"thumbnailUrl":"https:\/\/www.onetik.com\/wp-content\/uploads\/2018\/07\/Fetes-de-Bayonne-Banda-06-\u00a9CDT64-copie.jpg","articleSection":["Actualit\u00e9s"],"inLanguage":"fr-FR"},{"@type":"WebPage","@id":"https:\/\/www.onetik.com\/fr\/culture-pays-basque-fetes-de-bayonne-approchent\/","url":"https:\/\/www.onetik.com\/fr\/culture-pays-basque-fetes-de-bayonne-approchent\/","name":"Culture du Pays Basque \u2013 les f\u00eates de Bayonne approchent ! - Onetik","isPartOf":{"@id":"https:\/\/www.onetik.com\/fr\/#website"},"primaryImageOfPage":{"@id":"https:\/\/www.onetik.com\/fr\/culture-pays-basque-fetes-de-bayonne-approchent\/#primaryimage"},"image":{"@id":"https:\/\/www.onetik.com\/fr\/culture-pays-basque-fetes-de-bayonne-approchent\/#primaryimage"},"thumbnailUrl":"https:\/\/www.onetik.com\/wp-content\/uploads\/2018\/07\/Fetes-de-Bayonne-Banda-06-\u00a9CDT64-copie.jpg","datePublished":"2018-07-10T08:32:30+00:00","dateModified":"2018-11-30T11:47:02+00:00","author":{"@id":"https:\/\/www.onetik.com\/fr\/#\/schema\/person\/fa74a4d6d1e1db6db1a150630fb8a05f"},"description":"Elles arrivent\u2026 Les f\u00eates de Bayonne ! On vous en dit plus sur la tradition des ferias au Pays Basque ! Les F\u00eates de Bayonne sont un des \u00e9v\u00e8nements incontournables du Pays basque. Elles sont l\u2019empreinte de codes traditionnels qui se partagent.","breadcrumb":{"@id":"https:\/\/www.onetik.com\/fr\/culture-pays-basque-fetes-de-bayonne-approchent\/#breadcrumb"},"inLanguage":"fr-FR","potentialAction":[{"@type":"ReadAction","target":["https:\/\/www.onetik.com\/fr\/culture-pays-basque-fetes-de-bayonne-approchent\/"]}]},{"@type":"ImageObject","inLanguage":"fr-FR","@id":"https:\/\/www.onetik.com\/fr\/culture-pays-basque-fetes-de-bayonne-approchent\/#primaryimage","url":"https:\/\/www.onetik.com\/wp-content\/uploads\/2018\/07\/Fetes-de-Bayonne-Banda-06-\u00a9CDT64-copie.jpg","contentUrl":"https:\/\/www.onetik.com\/wp-content\/uploads\/2018\/07\/Fetes-de-Bayonne-Banda-06-\u00a9CDT64-copie.jpg","width":2424,"height":1904},{"@type":"BreadcrumbList","@id":"https:\/\/www.onetik.com\/fr\/culture-pays-basque-fetes-de-bayonne-approchent\/#breadcrumb","itemListElement":[{"@type":"ListItem","position":1,"name":"Accueil","item":"https:\/\/www.onetik.com\/fr\/"},{"@type":"ListItem","position":2,"name":"Culture du Pays Basque \u2013 les f\u00eates de Bayonne approchent !"}]},{"@type":"WebSite","@id":"https:\/\/www.onetik.com\/fr\/#website","url":"https:\/\/www.onetik.com\/fr\/","name":"Onetik","description":"La Fromagerie du Pays Basque","potentialAction":[{"@type":"SearchAction","target":{"@type":"EntryPoint","urlTemplate":"https:\/\/www.onetik.com\/fr\/?s={search_term_string}"},"query-input":{"@type":"PropertyValueSpecification","valueRequired":true,"valueName":"search_term_string"}}],"inLanguage":"fr-FR"},{"@type":"Person","@id":"https:\/\/www.onetik.com\/fr\/#\/schema\/person\/fa74a4d6d1e1db6db1a150630fb8a05f","name":"Onetik","image":{"@type":"ImageObject","inLanguage":"fr-FR","@id":"https:\/\/secure.gravatar.com\/avatar\/3bf095b73e269b37ae5d6b4326a54365bc0ffe5c73fca7e09ec3773196a6ab67?s=96&d=mm&r=g","url":"https:\/\/secure.gravatar.com\/avatar\/3bf095b73e269b37ae5d6b4326a54365bc0ffe5c73fca7e09ec3773196a6ab67?s=96&d=mm&r=g","contentUrl":"https:\/\/secure.gravatar.com\/avatar\/3bf095b73e269b37ae5d6b4326a54365bc0ffe5c73fca7e09ec3773196a6ab67?s=96&d=mm&r=g","caption":"Onetik"}}]}},"_links":{"self":[{"href":"https:\/\/www.onetik.com\/fr\/wp-json\/wp\/v2\/posts\/12523","targetHints":{"allow":["GET"]}}],"collection":[{"href":"https:\/\/www.onetik.com\/fr\/wp-json\/wp\/v2\/posts"}],"about":[{"href":"https:\/\/www.onetik.com\/fr\/wp-json\/wp\/v2\/types\/post"}],"author":[{"embeddable":true,"href":"https:\/\/www.onetik.com\/fr\/wp-json\/wp\/v2\/users\/2"}],"replies":[{"embeddable":true,"href":"https:\/\/www.onetik.com\/fr\/wp-json\/wp\/v2\/comments?post=12523"}],"version-history":[{"count":7,"href":"https:\/\/www.onetik.com\/fr\/wp-json\/wp\/v2\/posts\/12523\/revisions"}],"predecessor-version":[{"id":12577,"href":"https:\/\/www.onetik.com\/fr\/wp-json\/wp\/v2\/posts\/12523\/revisions\/12577"}],"wp:featuredmedia":[{"embeddable":true,"href":"https:\/\/www.onetik.com\/fr\/wp-json\/wp\/v2\/media\/12526"}],"wp:attachment":[{"href":"https:\/\/www.onetik.com\/fr\/wp-json\/wp\/v2\/media?parent=12523"}],"wp:term":[{"taxonomy":"category","embeddable":true,"href":"https:\/\/www.onetik.com\/fr\/wp-json\/wp\/v2\/categories?post=12523"},{"taxonomy":"post_tag","embeddable":true,"href":"https:\/\/www.onetik.com\/fr\/wp-json\/wp\/v2\/tags?post=12523"}],"curies":[{"name":"wp","href":"https:\/\/api.w.org\/{rel}","templated":true}]}}