{"id":12503,"date":"2018-06-06T14:38:23","date_gmt":"2018-06-06T14:38:23","guid":{"rendered":"http:\/\/www.onetik.com\/?p=12503"},"modified":"2018-11-30T11:48:11","modified_gmt":"2018-11-30T11:48:11","slug":"onetik-festival-bordeaux-fete-vin","status":"publish","type":"post","link":"https:\/\/www.onetik.com\/fr\/onetik-festival-bordeaux-fete-vin\/","title":{"rendered":"Onetik au Festival Bordeaux f\u00eate le vin"},"content":{"rendered":"<p style=\"text-align: center;\">Vous vous \u00eates r\u00e9gal\u00e9 avec nous l\u2019an pass\u00e9 lors de l\u2019\u00e9v\u00e9nement<strong> Bordeaux F\u00eate le Vin<\/strong> ?<br \/>\nRetrouvez nous une nouvelle fois du <strong>14 au 18 Juin zone Cailhau \u00e0 Bordeaux !!<\/strong><\/p>\n<p>Au programme :<\/p>\n<p><b>1. <\/b>D\u00e9couverte de la richesse des vins de Bordeaux et de la Nouvelle-Aquitaine<\/p>\n<p><b>2.<\/b> Possibilit\u00e9 d&rsquo;admirer les plus grands voiliers du monde rassembl\u00e9s dans le port de Bordeaux : ils seront une trentaine \u00e0 quai du jeudi 14 au dimanche 17 juin avant de quitter Bordeaux dans une grande et exceptionnelle parade le lundi 18 juin en fin de matin\u00e9e !<\/p>\n<p><b>3.<\/b> Rencontre avec les vignerons et n\u00e9gociants : Ils seront plus de 1000 pr\u00e9sents sur les diff\u00e9rents pavillons !<\/p>\n<p><b>4.<\/b> Visite des grands voiliers, \u00e9change avec les \u00e9quipages<\/p>\n<p><b>5.<\/b> D\u00e9couverte ou red\u00e9couverte de la splendeur du Port de la Lune anim\u00e9s par des concerts, un grand spectacle pyrotechnique tous les soirs, une grande roue de 60 m\u00e8tres de hauteur pour une vue panoramique<\/p>\n<p><b>6.<\/b> Initiation \u00e0 l\u2019art de la d\u00e9gustation : le Pass D\u00e9gustation permet de participer \u00e0 un atelier d\u00e9gustation propos\u00e9 par <a href=\"https:\/\/www.bordeaux-fete-le-vin.com\/Cote-vin\/L-Ecole-du-Vin-de-Bordeaux\" target=\"_self\">l\u2019Ecole du Vin de Bordeaux<\/a>.<\/p>\n<p><b>7.<\/b> D\u00e9gustation des produits gourmand de la Nouvelle-Aquitaine : <a href=\"https:\/\/www.bordeaux-fete-le-vin.com\/Cote-quais\/Se-restaurer\" target=\"_blank\" rel=\"noopener\">une trentaine de producteurs et de food trucks s\u00e9lectionn\u00e9s pour la qualit\u00e9 de leur offre gourmande seront pr\u00e9sents<\/a> !<\/p>\n<p style=\"text-align: center;\"><strong>Nous vous attendons nombreux pour d\u00e9couvrir et red\u00e9couvrir nos produits dans une ambiance conviviale !<\/strong><\/p>\n<p>&nbsp;<\/p>\n<p><a href=\"http:\/\/www.onetik.com\/wp-content\/uploads\/2018\/06\/Quais-Bordeaux-Credit-Guillaume-Bonnaud.jpg\"><img loading=\"lazy\" decoding=\"async\" class=\"alignleft wp-image-12504 size-large\" src=\"http:\/\/www.onetik.com\/wp-content\/uploads\/2018\/06\/Quais-Bordeaux-Credit-Guillaume-Bonnaud-1024x683.jpg\" alt=\"\" width=\"1024\" height=\"683\" srcset=\"https:\/\/www.onetik.com\/wp-content\/uploads\/2018\/06\/Quais-Bordeaux-Credit-Guillaume-Bonnaud-1024x683.jpg 1024w, https:\/\/www.onetik.com\/wp-content\/uploads\/2018\/06\/Quais-Bordeaux-Credit-Guillaume-Bonnaud-300x200.jpg 300w, https:\/\/www.onetik.com\/wp-content\/uploads\/2018\/06\/Quais-Bordeaux-Credit-Guillaume-Bonnaud-768x512.jpg 768w, https:\/\/www.onetik.com\/wp-content\/uploads\/2018\/06\/Quais-Bordeaux-Credit-Guillaume-Bonnaud-286x192.jpg 286w, https:\/\/www.onetik.com\/wp-content\/uploads\/2018\/06\/Quais-Bordeaux-Credit-Guillaume-Bonnaud-382x255.jpg 382w, https:\/\/www.onetik.com\/wp-content\/uploads\/2018\/06\/Quais-Bordeaux-Credit-Guillaume-Bonnaud.jpg 1385w\" sizes=\"auto, (max-width: 1024px) 100vw, 1024px\" \/><\/a><\/p>\n","protected":false},"excerpt":{"rendered":"<p>Vous vous \u00eates r\u00e9gal\u00e9 avec nous l\u2019an pass\u00e9 lors de l\u2019\u00e9v\u00e9nement Bordeaux F\u00eate le Vin ? Retrouvez nous une nouvelle [&hellip;]<\/p>\n","protected":false},"author":2,"featured_media":12507,"comment_status":"closed","ping_status":"closed","sticky":false,"template":"","format":"standard","meta":{"_acf_changed":false,"footnotes":""},"categories":[1],"tags":[],"class_list":["post-12503","post","type-post","status-publish","format-standard","has-post-thumbnail","hentry","category-cat-actualites"],"acf":[],"yoast_head":"<!-- This site is optimized with the Yoast SEO plugin v27.2 - https:\/\/yoast.com\/product\/yoast-seo-wordpress\/ -->\n<title>Onetik au Festival Bordeaux f\u00eate le vin - Onetik<\/title>\n<meta name=\"robots\" content=\"index, follow, max-snippet:-1, max-image-preview:large, max-video-preview:-1\" \/>\n<link rel=\"canonical\" href=\"https:\/\/www.onetik.com\/fr\/onetik-festival-bordeaux-fete-vin\/\" \/>\n<meta property=\"og:locale\" content=\"fr_FR\" \/>\n<meta property=\"og:type\" content=\"article\" \/>\n<meta property=\"og:title\" content=\"Onetik au Festival Bordeaux f\u00eate le vin - Onetik\" \/>\n<meta property=\"og:description\" content=\"Vous vous \u00eates r\u00e9gal\u00e9 avec nous l\u2019an pass\u00e9 lors de l\u2019\u00e9v\u00e9nement Bordeaux F\u00eate le Vin ? Retrouvez nous une nouvelle [&hellip;]\" \/>\n<meta property=\"og:url\" content=\"https:\/\/www.onetik.com\/fr\/onetik-festival-bordeaux-fete-vin\/\" \/>\n<meta property=\"og:site_name\" content=\"Onetik\" \/>\n<meta property=\"article:published_time\" content=\"2018-06-06T14:38:23+00:00\" \/>\n<meta property=\"article:modified_time\" content=\"2018-11-30T11:48:11+00:00\" \/>\n<meta property=\"og:image\" content=\"https:\/\/www.onetik.com\/wp-content\/uploads\/2018\/06\/Capture.jpg\" \/>\n\t<meta property=\"og:image:width\" content=\"347\" \/>\n\t<meta property=\"og:image:height\" content=\"201\" \/>\n\t<meta property=\"og:image:type\" content=\"image\/jpeg\" \/>\n<meta name=\"author\" content=\"Onetik\" \/>\n<meta name=\"twitter:card\" content=\"summary_large_image\" \/>\n<meta name=\"twitter:label1\" content=\"\u00c9crit par\" \/>\n\t<meta name=\"twitter:data1\" content=\"Onetik\" \/>\n\t<meta name=\"twitter:label2\" content=\"Dur\u00e9e de lecture estim\u00e9e\" \/>\n\t<meta name=\"twitter:data2\" content=\"1 minute\" \/>\n<script type=\"application\/ld+json\" class=\"yoast-schema-graph\">{\"@context\":\"https:\/\/schema.org\",\"@graph\":[{\"@type\":\"Article\",\"@id\":\"https:\/\/www.onetik.com\/fr\/onetik-festival-bordeaux-fete-vin\/#article\",\"isPartOf\":{\"@id\":\"https:\/\/www.onetik.com\/fr\/onetik-festival-bordeaux-fete-vin\/\"},\"author\":{\"name\":\"Onetik\",\"@id\":\"https:\/\/www.onetik.com\/fr\/#\/schema\/person\/fa74a4d6d1e1db6db1a150630fb8a05f\"},\"headline\":\"Onetik au Festival Bordeaux f\u00eate le vin\",\"datePublished\":\"2018-06-06T14:38:23+00:00\",\"dateModified\":\"2018-11-30T11:48:11+00:00\",\"mainEntityOfPage\":{\"@id\":\"https:\/\/www.onetik.com\/fr\/onetik-festival-bordeaux-fete-vin\/\"},\"wordCount\":232,\"image\":{\"@id\":\"https:\/\/www.onetik.com\/fr\/onetik-festival-bordeaux-fete-vin\/#primaryimage\"},\"thumbnailUrl\":\"https:\/\/www.onetik.com\/wp-content\/uploads\/2018\/06\/Capture.jpg\",\"articleSection\":[\"Actualit\u00e9s\"],\"inLanguage\":\"fr-FR\"},{\"@type\":\"WebPage\",\"@id\":\"https:\/\/www.onetik.com\/fr\/onetik-festival-bordeaux-fete-vin\/\",\"url\":\"https:\/\/www.onetik.com\/fr\/onetik-festival-bordeaux-fete-vin\/\",\"name\":\"Onetik au Festival Bordeaux f\u00eate le vin - Onetik\",\"isPartOf\":{\"@id\":\"https:\/\/www.onetik.com\/fr\/#website\"},\"primaryImageOfPage\":{\"@id\":\"https:\/\/www.onetik.com\/fr\/onetik-festival-bordeaux-fete-vin\/#primaryimage\"},\"image\":{\"@id\":\"https:\/\/www.onetik.com\/fr\/onetik-festival-bordeaux-fete-vin\/#primaryimage\"},\"thumbnailUrl\":\"https:\/\/www.onetik.com\/wp-content\/uploads\/2018\/06\/Capture.jpg\",\"datePublished\":\"2018-06-06T14:38:23+00:00\",\"dateModified\":\"2018-11-30T11:48:11+00:00\",\"author\":{\"@id\":\"https:\/\/www.onetik.com\/fr\/#\/schema\/person\/fa74a4d6d1e1db6db1a150630fb8a05f\"},\"breadcrumb\":{\"@id\":\"https:\/\/www.onetik.com\/fr\/onetik-festival-bordeaux-fete-vin\/#breadcrumb\"},\"inLanguage\":\"fr-FR\",\"potentialAction\":[{\"@type\":\"ReadAction\",\"target\":[\"https:\/\/www.onetik.com\/fr\/onetik-festival-bordeaux-fete-vin\/\"]}]},{\"@type\":\"ImageObject\",\"inLanguage\":\"fr-FR\",\"@id\":\"https:\/\/www.onetik.com\/fr\/onetik-festival-bordeaux-fete-vin\/#primaryimage\",\"url\":\"https:\/\/www.onetik.com\/wp-content\/uploads\/2018\/06\/Capture.jpg\",\"contentUrl\":\"https:\/\/www.onetik.com\/wp-content\/uploads\/2018\/06\/Capture.jpg\",\"width\":347,\"height\":201},{\"@type\":\"BreadcrumbList\",\"@id\":\"https:\/\/www.onetik.com\/fr\/onetik-festival-bordeaux-fete-vin\/#breadcrumb\",\"itemListElement\":[{\"@type\":\"ListItem\",\"position\":1,\"name\":\"Accueil\",\"item\":\"https:\/\/www.onetik.com\/fr\/\"},{\"@type\":\"ListItem\",\"position\":2,\"name\":\"Onetik au Festival Bordeaux f\u00eate le vin\"}]},{\"@type\":\"WebSite\",\"@id\":\"https:\/\/www.onetik.com\/fr\/#website\",\"url\":\"https:\/\/www.onetik.com\/fr\/\",\"name\":\"Onetik\",\"description\":\"La Fromagerie du Pays Basque\",\"potentialAction\":[{\"@type\":\"SearchAction\",\"target\":{\"@type\":\"EntryPoint\",\"urlTemplate\":\"https:\/\/www.onetik.com\/fr\/?s={search_term_string}\"},\"query-input\":{\"@type\":\"PropertyValueSpecification\",\"valueRequired\":true,\"valueName\":\"search_term_string\"}}],\"inLanguage\":\"fr-FR\"},{\"@type\":\"Person\",\"@id\":\"https:\/\/www.onetik.com\/fr\/#\/schema\/person\/fa74a4d6d1e1db6db1a150630fb8a05f\",\"name\":\"Onetik\",\"image\":{\"@type\":\"ImageObject\",\"inLanguage\":\"fr-FR\",\"@id\":\"https:\/\/secure.gravatar.com\/avatar\/3bf095b73e269b37ae5d6b4326a54365bc0ffe5c73fca7e09ec3773196a6ab67?s=96&d=mm&r=g\",\"url\":\"https:\/\/secure.gravatar.com\/avatar\/3bf095b73e269b37ae5d6b4326a54365bc0ffe5c73fca7e09ec3773196a6ab67?s=96&d=mm&r=g\",\"contentUrl\":\"https:\/\/secure.gravatar.com\/avatar\/3bf095b73e269b37ae5d6b4326a54365bc0ffe5c73fca7e09ec3773196a6ab67?s=96&d=mm&r=g\",\"caption\":\"Onetik\"}}]}<\/script>\n<!-- \/ Yoast SEO plugin. -->","yoast_head_json":{"title":"Onetik au Festival Bordeaux f\u00eate le vin - Onetik","robots":{"index":"index","follow":"follow","max-snippet":"max-snippet:-1","max-image-preview":"max-image-preview:large","max-video-preview":"max-video-preview:-1"},"canonical":"https:\/\/www.onetik.com\/fr\/onetik-festival-bordeaux-fete-vin\/","og_locale":"fr_FR","og_type":"article","og_title":"Onetik au Festival Bordeaux f\u00eate le vin - Onetik","og_description":"Vous vous \u00eates r\u00e9gal\u00e9 avec nous l\u2019an pass\u00e9 lors de l\u2019\u00e9v\u00e9nement Bordeaux F\u00eate le Vin ? Retrouvez nous une nouvelle [&hellip;]","og_url":"https:\/\/www.onetik.com\/fr\/onetik-festival-bordeaux-fete-vin\/","og_site_name":"Onetik","article_published_time":"2018-06-06T14:38:23+00:00","article_modified_time":"2018-11-30T11:48:11+00:00","og_image":[{"width":347,"height":201,"url":"https:\/\/www.onetik.com\/wp-content\/uploads\/2018\/06\/Capture.jpg","type":"image\/jpeg"}],"author":"Onetik","twitter_card":"summary_large_image","twitter_misc":{"\u00c9crit par":"Onetik","Dur\u00e9e de lecture estim\u00e9e":"1 minute"},"schema":{"@context":"https:\/\/schema.org","@graph":[{"@type":"Article","@id":"https:\/\/www.onetik.com\/fr\/onetik-festival-bordeaux-fete-vin\/#article","isPartOf":{"@id":"https:\/\/www.onetik.com\/fr\/onetik-festival-bordeaux-fete-vin\/"},"author":{"name":"Onetik","@id":"https:\/\/www.onetik.com\/fr\/#\/schema\/person\/fa74a4d6d1e1db6db1a150630fb8a05f"},"headline":"Onetik au Festival Bordeaux f\u00eate le vin","datePublished":"2018-06-06T14:38:23+00:00","dateModified":"2018-11-30T11:48:11+00:00","mainEntityOfPage":{"@id":"https:\/\/www.onetik.com\/fr\/onetik-festival-bordeaux-fete-vin\/"},"wordCount":232,"image":{"@id":"https:\/\/www.onetik.com\/fr\/onetik-festival-bordeaux-fete-vin\/#primaryimage"},"thumbnailUrl":"https:\/\/www.onetik.com\/wp-content\/uploads\/2018\/06\/Capture.jpg","articleSection":["Actualit\u00e9s"],"inLanguage":"fr-FR"},{"@type":"WebPage","@id":"https:\/\/www.onetik.com\/fr\/onetik-festival-bordeaux-fete-vin\/","url":"https:\/\/www.onetik.com\/fr\/onetik-festival-bordeaux-fete-vin\/","name":"Onetik au Festival Bordeaux f\u00eate le vin - Onetik","isPartOf":{"@id":"https:\/\/www.onetik.com\/fr\/#website"},"primaryImageOfPage":{"@id":"https:\/\/www.onetik.com\/fr\/onetik-festival-bordeaux-fete-vin\/#primaryimage"},"image":{"@id":"https:\/\/www.onetik.com\/fr\/onetik-festival-bordeaux-fete-vin\/#primaryimage"},"thumbnailUrl":"https:\/\/www.onetik.com\/wp-content\/uploads\/2018\/06\/Capture.jpg","datePublished":"2018-06-06T14:38:23+00:00","dateModified":"2018-11-30T11:48:11+00:00","author":{"@id":"https:\/\/www.onetik.com\/fr\/#\/schema\/person\/fa74a4d6d1e1db6db1a150630fb8a05f"},"breadcrumb":{"@id":"https:\/\/www.onetik.com\/fr\/onetik-festival-bordeaux-fete-vin\/#breadcrumb"},"inLanguage":"fr-FR","potentialAction":[{"@type":"ReadAction","target":["https:\/\/www.onetik.com\/fr\/onetik-festival-bordeaux-fete-vin\/"]}]},{"@type":"ImageObject","inLanguage":"fr-FR","@id":"https:\/\/www.onetik.com\/fr\/onetik-festival-bordeaux-fete-vin\/#primaryimage","url":"https:\/\/www.onetik.com\/wp-content\/uploads\/2018\/06\/Capture.jpg","contentUrl":"https:\/\/www.onetik.com\/wp-content\/uploads\/2018\/06\/Capture.jpg","width":347,"height":201},{"@type":"BreadcrumbList","@id":"https:\/\/www.onetik.com\/fr\/onetik-festival-bordeaux-fete-vin\/#breadcrumb","itemListElement":[{"@type":"ListItem","position":1,"name":"Accueil","item":"https:\/\/www.onetik.com\/fr\/"},{"@type":"ListItem","position":2,"name":"Onetik au Festival Bordeaux f\u00eate le vin"}]},{"@type":"WebSite","@id":"https:\/\/www.onetik.com\/fr\/#website","url":"https:\/\/www.onetik.com\/fr\/","name":"Onetik","description":"La Fromagerie du Pays Basque","potentialAction":[{"@type":"SearchAction","target":{"@type":"EntryPoint","urlTemplate":"https:\/\/www.onetik.com\/fr\/?s={search_term_string}"},"query-input":{"@type":"PropertyValueSpecification","valueRequired":true,"valueName":"search_term_string"}}],"inLanguage":"fr-FR"},{"@type":"Person","@id":"https:\/\/www.onetik.com\/fr\/#\/schema\/person\/fa74a4d6d1e1db6db1a150630fb8a05f","name":"Onetik","image":{"@type":"ImageObject","inLanguage":"fr-FR","@id":"https:\/\/secure.gravatar.com\/avatar\/3bf095b73e269b37ae5d6b4326a54365bc0ffe5c73fca7e09ec3773196a6ab67?s=96&d=mm&r=g","url":"https:\/\/secure.gravatar.com\/avatar\/3bf095b73e269b37ae5d6b4326a54365bc0ffe5c73fca7e09ec3773196a6ab67?s=96&d=mm&r=g","contentUrl":"https:\/\/secure.gravatar.com\/avatar\/3bf095b73e269b37ae5d6b4326a54365bc0ffe5c73fca7e09ec3773196a6ab67?s=96&d=mm&r=g","caption":"Onetik"}}]}},"_links":{"self":[{"href":"https:\/\/www.onetik.com\/fr\/wp-json\/wp\/v2\/posts\/12503","targetHints":{"allow":["GET"]}}],"collection":[{"href":"https:\/\/www.onetik.com\/fr\/wp-json\/wp\/v2\/posts"}],"about":[{"href":"https:\/\/www.onetik.com\/fr\/wp-json\/wp\/v2\/types\/post"}],"author":[{"embeddable":true,"href":"https:\/\/www.onetik.com\/fr\/wp-json\/wp\/v2\/users\/2"}],"replies":[{"embeddable":true,"href":"https:\/\/www.onetik.com\/fr\/wp-json\/wp\/v2\/comments?post=12503"}],"version-history":[{"count":5,"href":"https:\/\/www.onetik.com\/fr\/wp-json\/wp\/v2\/posts\/12503\/revisions"}],"predecessor-version":[{"id":13060,"href":"https:\/\/www.onetik.com\/fr\/wp-json\/wp\/v2\/posts\/12503\/revisions\/13060"}],"wp:featuredmedia":[{"embeddable":true,"href":"https:\/\/www.onetik.com\/fr\/wp-json\/wp\/v2\/media\/12507"}],"wp:attachment":[{"href":"https:\/\/www.onetik.com\/fr\/wp-json\/wp\/v2\/media?parent=12503"}],"wp:term":[{"taxonomy":"category","embeddable":true,"href":"https:\/\/www.onetik.com\/fr\/wp-json\/wp\/v2\/categories?post=12503"},{"taxonomy":"post_tag","embeddable":true,"href":"https:\/\/www.onetik.com\/fr\/wp-json\/wp\/v2\/tags?post=12503"}],"curies":[{"name":"wp","href":"https:\/\/api.w.org\/{rel}","templated":true}]}}