{"id":12455,"date":"2018-05-17T14:15:08","date_gmt":"2018-05-17T14:15:08","guid":{"rendered":"http:\/\/www.onetik.com\/?p=12455"},"modified":"2018-11-30T11:55:06","modified_gmt":"2018-11-30T11:55:06","slug":"nos-fromages-a-biarritz","status":"publish","type":"post","link":"https:\/\/www.onetik.com\/fr\/nos-fromages-a-biarritz\/","title":{"rendered":"Nos fromages \u00e0 la r\u00e9ception au Bellevue \u00e0 Biarritz"},"content":{"rendered":"<p>Nos fromages \u00e9taient pr\u00e9sent \u00e0 la r\u00e9ception au Bellevue \u00e0 Biarritz \u00e0 l&rsquo;occasion de la pr\u00e9sentation du livre de Paul Azoulay \u00ab\u00a0Le\u00efla, les milles et une nuits de Biarritz\u00a0\u00bb.<\/p>\n<p>&nbsp;<\/p>\n<p><a href=\"http:\/\/www.onetik.com\/wp-content\/uploads\/2018\/05\/Bellevue.jpg\"><img loading=\"lazy\" decoding=\"async\" class=\"alignleft wp-image-12456 size-full\" title=\"Bellevue \u00e0 Biarritz\" src=\"http:\/\/www.onetik.com\/wp-content\/uploads\/2018\/05\/Bellevue.jpg\" alt=\"Bellevue \u00e0 Biarritz\" width=\"936\" height=\"378\" srcset=\"https:\/\/www.onetik.com\/wp-content\/uploads\/2018\/05\/Bellevue.jpg 936w, https:\/\/www.onetik.com\/wp-content\/uploads\/2018\/05\/Bellevue-300x121.jpg 300w, https:\/\/www.onetik.com\/wp-content\/uploads\/2018\/05\/Bellevue-768x310.jpg 768w, https:\/\/www.onetik.com\/wp-content\/uploads\/2018\/05\/Bellevue-382x154.jpg 382w\" sizes=\"auto, (max-width: 936px) 100vw, 936px\" \/><\/a><\/p>\n","protected":false},"excerpt":{"rendered":"<p>Nos fromages \u00e9taient pr\u00e9sent \u00e0 la r\u00e9ception au Bellevue \u00e0 Biarritz \u00e0 l&rsquo;occasion de la pr\u00e9sentation du livre de Paul [&hellip;]<\/p>\n","protected":false},"author":2,"featured_media":12458,"comment_status":"closed","ping_status":"closed","sticky":false,"template":"","format":"standard","meta":{"_acf_changed":false,"footnotes":""},"categories":[1],"tags":[64,69,70,71],"class_list":["post-12455","post","type-post","status-publish","format-standard","has-post-thumbnail","hentry","category-cat-actualites","tag-onetik","tag-biarritz","tag-bellevue","tag-reception"],"acf":[],"yoast_head":"<!-- This site is optimized with the Yoast SEO plugin v27.2 - https:\/\/yoast.com\/product\/yoast-seo-wordpress\/ -->\n<title>Nos fromages \u00e0 la r\u00e9ception au Bellevue \u00e0 Biarritz - Onetik<\/title>\n<meta name=\"description\" content=\"Nos fromages \u00e9taient pr\u00e9sent \u00e0 la r\u00e9ception au Bellevue \u00e0 Biarritz \u00e0 l&#039;occasion de la pr\u00e9sentation du livre de Paul Azoulay &quot;Le\u00efla, les milles et une nuits de Biarritz&quot;.\" \/>\n<meta name=\"robots\" content=\"index, follow, max-snippet:-1, max-image-preview:large, max-video-preview:-1\" \/>\n<link rel=\"canonical\" href=\"https:\/\/www.onetik.com\/fr\/nos-fromages-a-biarritz\/\" \/>\n<meta property=\"og:locale\" content=\"fr_FR\" \/>\n<meta property=\"og:type\" content=\"article\" \/>\n<meta property=\"og:title\" content=\"Nos fromages \u00e0 la r\u00e9ception au Bellevue \u00e0 Biarritz - Onetik\" \/>\n<meta property=\"og:description\" content=\"Nos fromages \u00e9taient pr\u00e9sent \u00e0 la r\u00e9ception au Bellevue \u00e0 Biarritz \u00e0 l&#039;occasion de la pr\u00e9sentation du livre de Paul Azoulay &quot;Le\u00efla, les milles et une nuits de Biarritz&quot;.\" \/>\n<meta property=\"og:url\" content=\"https:\/\/www.onetik.com\/fr\/nos-fromages-a-biarritz\/\" \/>\n<meta property=\"og:site_name\" content=\"Onetik\" \/>\n<meta property=\"article:published_time\" content=\"2018-05-17T14:15:08+00:00\" \/>\n<meta property=\"article:modified_time\" content=\"2018-11-30T11:55:06+00:00\" \/>\n<meta property=\"og:image\" content=\"https:\/\/www.onetik.com\/wp-content\/uploads\/2018\/05\/Bellevue.jpg\" \/>\n\t<meta property=\"og:image:width\" content=\"936\" \/>\n\t<meta property=\"og:image:height\" content=\"378\" \/>\n\t<meta property=\"og:image:type\" content=\"image\/jpeg\" \/>\n<meta name=\"author\" content=\"Onetik\" \/>\n<meta name=\"twitter:card\" content=\"summary_large_image\" \/>\n<meta name=\"twitter:label1\" content=\"\u00c9crit par\" \/>\n\t<meta name=\"twitter:data1\" content=\"Onetik\" \/>\n<script type=\"application\/ld+json\" class=\"yoast-schema-graph\">{\"@context\":\"https:\/\/schema.org\",\"@graph\":[{\"@type\":\"Article\",\"@id\":\"https:\/\/www.onetik.com\/fr\/nos-fromages-a-biarritz\/#article\",\"isPartOf\":{\"@id\":\"https:\/\/www.onetik.com\/fr\/nos-fromages-a-biarritz\/\"},\"author\":{\"name\":\"Onetik\",\"@id\":\"https:\/\/www.onetik.com\/fr\/#\/schema\/person\/fa74a4d6d1e1db6db1a150630fb8a05f\"},\"headline\":\"Nos fromages \u00e0 la r\u00e9ception au Bellevue \u00e0 Biarritz\",\"datePublished\":\"2018-05-17T14:15:08+00:00\",\"dateModified\":\"2018-11-30T11:55:06+00:00\",\"mainEntityOfPage\":{\"@id\":\"https:\/\/www.onetik.com\/fr\/nos-fromages-a-biarritz\/\"},\"wordCount\":39,\"image\":{\"@id\":\"https:\/\/www.onetik.com\/fr\/nos-fromages-a-biarritz\/#primaryimage\"},\"thumbnailUrl\":\"https:\/\/www.onetik.com\/wp-content\/uploads\/2018\/05\/Bellevue.jpg\",\"keywords\":[\"onetik\",\"biarritz\",\"Bellevue\",\"Reception\"],\"articleSection\":[\"Actualit\u00e9s\"],\"inLanguage\":\"fr-FR\"},{\"@type\":\"WebPage\",\"@id\":\"https:\/\/www.onetik.com\/fr\/nos-fromages-a-biarritz\/\",\"url\":\"https:\/\/www.onetik.com\/fr\/nos-fromages-a-biarritz\/\",\"name\":\"Nos fromages \u00e0 la r\u00e9ception au Bellevue \u00e0 Biarritz - Onetik\",\"isPartOf\":{\"@id\":\"https:\/\/www.onetik.com\/fr\/#website\"},\"primaryImageOfPage\":{\"@id\":\"https:\/\/www.onetik.com\/fr\/nos-fromages-a-biarritz\/#primaryimage\"},\"image\":{\"@id\":\"https:\/\/www.onetik.com\/fr\/nos-fromages-a-biarritz\/#primaryimage\"},\"thumbnailUrl\":\"https:\/\/www.onetik.com\/wp-content\/uploads\/2018\/05\/Bellevue.jpg\",\"datePublished\":\"2018-05-17T14:15:08+00:00\",\"dateModified\":\"2018-11-30T11:55:06+00:00\",\"author\":{\"@id\":\"https:\/\/www.onetik.com\/fr\/#\/schema\/person\/fa74a4d6d1e1db6db1a150630fb8a05f\"},\"description\":\"Nos fromages \u00e9taient pr\u00e9sent \u00e0 la r\u00e9ception au Bellevue \u00e0 Biarritz \u00e0 l'occasion de la pr\u00e9sentation du livre de Paul Azoulay \\\"Le\u00efla, les milles et une nuits de Biarritz\\\".\",\"breadcrumb\":{\"@id\":\"https:\/\/www.onetik.com\/fr\/nos-fromages-a-biarritz\/#breadcrumb\"},\"inLanguage\":\"fr-FR\",\"potentialAction\":[{\"@type\":\"ReadAction\",\"target\":[\"https:\/\/www.onetik.com\/fr\/nos-fromages-a-biarritz\/\"]}]},{\"@type\":\"ImageObject\",\"inLanguage\":\"fr-FR\",\"@id\":\"https:\/\/www.onetik.com\/fr\/nos-fromages-a-biarritz\/#primaryimage\",\"url\":\"https:\/\/www.onetik.com\/wp-content\/uploads\/2018\/05\/Bellevue.jpg\",\"contentUrl\":\"https:\/\/www.onetik.com\/wp-content\/uploads\/2018\/05\/Bellevue.jpg\",\"width\":936,\"height\":378},{\"@type\":\"BreadcrumbList\",\"@id\":\"https:\/\/www.onetik.com\/fr\/nos-fromages-a-biarritz\/#breadcrumb\",\"itemListElement\":[{\"@type\":\"ListItem\",\"position\":1,\"name\":\"Accueil\",\"item\":\"https:\/\/www.onetik.com\/fr\/\"},{\"@type\":\"ListItem\",\"position\":2,\"name\":\"Nos fromages \u00e0 la r\u00e9ception au Bellevue \u00e0 Biarritz\"}]},{\"@type\":\"WebSite\",\"@id\":\"https:\/\/www.onetik.com\/fr\/#website\",\"url\":\"https:\/\/www.onetik.com\/fr\/\",\"name\":\"Onetik\",\"description\":\"La Fromagerie du Pays Basque\",\"potentialAction\":[{\"@type\":\"SearchAction\",\"target\":{\"@type\":\"EntryPoint\",\"urlTemplate\":\"https:\/\/www.onetik.com\/fr\/?s={search_term_string}\"},\"query-input\":{\"@type\":\"PropertyValueSpecification\",\"valueRequired\":true,\"valueName\":\"search_term_string\"}}],\"inLanguage\":\"fr-FR\"},{\"@type\":\"Person\",\"@id\":\"https:\/\/www.onetik.com\/fr\/#\/schema\/person\/fa74a4d6d1e1db6db1a150630fb8a05f\",\"name\":\"Onetik\",\"image\":{\"@type\":\"ImageObject\",\"inLanguage\":\"fr-FR\",\"@id\":\"https:\/\/secure.gravatar.com\/avatar\/3bf095b73e269b37ae5d6b4326a54365bc0ffe5c73fca7e09ec3773196a6ab67?s=96&d=mm&r=g\",\"url\":\"https:\/\/secure.gravatar.com\/avatar\/3bf095b73e269b37ae5d6b4326a54365bc0ffe5c73fca7e09ec3773196a6ab67?s=96&d=mm&r=g\",\"contentUrl\":\"https:\/\/secure.gravatar.com\/avatar\/3bf095b73e269b37ae5d6b4326a54365bc0ffe5c73fca7e09ec3773196a6ab67?s=96&d=mm&r=g\",\"caption\":\"Onetik\"}}]}<\/script>\n<!-- \/ Yoast SEO plugin. -->","yoast_head_json":{"title":"Nos fromages \u00e0 la r\u00e9ception au Bellevue \u00e0 Biarritz - Onetik","description":"Nos fromages \u00e9taient pr\u00e9sent \u00e0 la r\u00e9ception au Bellevue \u00e0 Biarritz \u00e0 l'occasion de la pr\u00e9sentation du livre de Paul Azoulay \"Le\u00efla, les milles et une nuits de Biarritz\".","robots":{"index":"index","follow":"follow","max-snippet":"max-snippet:-1","max-image-preview":"max-image-preview:large","max-video-preview":"max-video-preview:-1"},"canonical":"https:\/\/www.onetik.com\/fr\/nos-fromages-a-biarritz\/","og_locale":"fr_FR","og_type":"article","og_title":"Nos fromages \u00e0 la r\u00e9ception au Bellevue \u00e0 Biarritz - Onetik","og_description":"Nos fromages \u00e9taient pr\u00e9sent \u00e0 la r\u00e9ception au Bellevue \u00e0 Biarritz \u00e0 l'occasion de la pr\u00e9sentation du livre de Paul Azoulay \"Le\u00efla, les milles et une nuits de Biarritz\".","og_url":"https:\/\/www.onetik.com\/fr\/nos-fromages-a-biarritz\/","og_site_name":"Onetik","article_published_time":"2018-05-17T14:15:08+00:00","article_modified_time":"2018-11-30T11:55:06+00:00","og_image":[{"width":936,"height":378,"url":"https:\/\/www.onetik.com\/wp-content\/uploads\/2018\/05\/Bellevue.jpg","type":"image\/jpeg"}],"author":"Onetik","twitter_card":"summary_large_image","twitter_misc":{"\u00c9crit par":"Onetik"},"schema":{"@context":"https:\/\/schema.org","@graph":[{"@type":"Article","@id":"https:\/\/www.onetik.com\/fr\/nos-fromages-a-biarritz\/#article","isPartOf":{"@id":"https:\/\/www.onetik.com\/fr\/nos-fromages-a-biarritz\/"},"author":{"name":"Onetik","@id":"https:\/\/www.onetik.com\/fr\/#\/schema\/person\/fa74a4d6d1e1db6db1a150630fb8a05f"},"headline":"Nos fromages \u00e0 la r\u00e9ception au Bellevue \u00e0 Biarritz","datePublished":"2018-05-17T14:15:08+00:00","dateModified":"2018-11-30T11:55:06+00:00","mainEntityOfPage":{"@id":"https:\/\/www.onetik.com\/fr\/nos-fromages-a-biarritz\/"},"wordCount":39,"image":{"@id":"https:\/\/www.onetik.com\/fr\/nos-fromages-a-biarritz\/#primaryimage"},"thumbnailUrl":"https:\/\/www.onetik.com\/wp-content\/uploads\/2018\/05\/Bellevue.jpg","keywords":["onetik","biarritz","Bellevue","Reception"],"articleSection":["Actualit\u00e9s"],"inLanguage":"fr-FR"},{"@type":"WebPage","@id":"https:\/\/www.onetik.com\/fr\/nos-fromages-a-biarritz\/","url":"https:\/\/www.onetik.com\/fr\/nos-fromages-a-biarritz\/","name":"Nos fromages \u00e0 la r\u00e9ception au Bellevue \u00e0 Biarritz - Onetik","isPartOf":{"@id":"https:\/\/www.onetik.com\/fr\/#website"},"primaryImageOfPage":{"@id":"https:\/\/www.onetik.com\/fr\/nos-fromages-a-biarritz\/#primaryimage"},"image":{"@id":"https:\/\/www.onetik.com\/fr\/nos-fromages-a-biarritz\/#primaryimage"},"thumbnailUrl":"https:\/\/www.onetik.com\/wp-content\/uploads\/2018\/05\/Bellevue.jpg","datePublished":"2018-05-17T14:15:08+00:00","dateModified":"2018-11-30T11:55:06+00:00","author":{"@id":"https:\/\/www.onetik.com\/fr\/#\/schema\/person\/fa74a4d6d1e1db6db1a150630fb8a05f"},"description":"Nos fromages \u00e9taient pr\u00e9sent \u00e0 la r\u00e9ception au Bellevue \u00e0 Biarritz \u00e0 l'occasion de la pr\u00e9sentation du livre de Paul Azoulay \"Le\u00efla, les milles et une nuits de Biarritz\".","breadcrumb":{"@id":"https:\/\/www.onetik.com\/fr\/nos-fromages-a-biarritz\/#breadcrumb"},"inLanguage":"fr-FR","potentialAction":[{"@type":"ReadAction","target":["https:\/\/www.onetik.com\/fr\/nos-fromages-a-biarritz\/"]}]},{"@type":"ImageObject","inLanguage":"fr-FR","@id":"https:\/\/www.onetik.com\/fr\/nos-fromages-a-biarritz\/#primaryimage","url":"https:\/\/www.onetik.com\/wp-content\/uploads\/2018\/05\/Bellevue.jpg","contentUrl":"https:\/\/www.onetik.com\/wp-content\/uploads\/2018\/05\/Bellevue.jpg","width":936,"height":378},{"@type":"BreadcrumbList","@id":"https:\/\/www.onetik.com\/fr\/nos-fromages-a-biarritz\/#breadcrumb","itemListElement":[{"@type":"ListItem","position":1,"name":"Accueil","item":"https:\/\/www.onetik.com\/fr\/"},{"@type":"ListItem","position":2,"name":"Nos fromages \u00e0 la r\u00e9ception au Bellevue \u00e0 Biarritz"}]},{"@type":"WebSite","@id":"https:\/\/www.onetik.com\/fr\/#website","url":"https:\/\/www.onetik.com\/fr\/","name":"Onetik","description":"La Fromagerie du Pays Basque","potentialAction":[{"@type":"SearchAction","target":{"@type":"EntryPoint","urlTemplate":"https:\/\/www.onetik.com\/fr\/?s={search_term_string}"},"query-input":{"@type":"PropertyValueSpecification","valueRequired":true,"valueName":"search_term_string"}}],"inLanguage":"fr-FR"},{"@type":"Person","@id":"https:\/\/www.onetik.com\/fr\/#\/schema\/person\/fa74a4d6d1e1db6db1a150630fb8a05f","name":"Onetik","image":{"@type":"ImageObject","inLanguage":"fr-FR","@id":"https:\/\/secure.gravatar.com\/avatar\/3bf095b73e269b37ae5d6b4326a54365bc0ffe5c73fca7e09ec3773196a6ab67?s=96&d=mm&r=g","url":"https:\/\/secure.gravatar.com\/avatar\/3bf095b73e269b37ae5d6b4326a54365bc0ffe5c73fca7e09ec3773196a6ab67?s=96&d=mm&r=g","contentUrl":"https:\/\/secure.gravatar.com\/avatar\/3bf095b73e269b37ae5d6b4326a54365bc0ffe5c73fca7e09ec3773196a6ab67?s=96&d=mm&r=g","caption":"Onetik"}}]}},"_links":{"self":[{"href":"https:\/\/www.onetik.com\/fr\/wp-json\/wp\/v2\/posts\/12455","targetHints":{"allow":["GET"]}}],"collection":[{"href":"https:\/\/www.onetik.com\/fr\/wp-json\/wp\/v2\/posts"}],"about":[{"href":"https:\/\/www.onetik.com\/fr\/wp-json\/wp\/v2\/types\/post"}],"author":[{"embeddable":true,"href":"https:\/\/www.onetik.com\/fr\/wp-json\/wp\/v2\/users\/2"}],"replies":[{"embeddable":true,"href":"https:\/\/www.onetik.com\/fr\/wp-json\/wp\/v2\/comments?post=12455"}],"version-history":[{"count":4,"href":"https:\/\/www.onetik.com\/fr\/wp-json\/wp\/v2\/posts\/12455\/revisions"}],"predecessor-version":[{"id":13063,"href":"https:\/\/www.onetik.com\/fr\/wp-json\/wp\/v2\/posts\/12455\/revisions\/13063"}],"wp:featuredmedia":[{"embeddable":true,"href":"https:\/\/www.onetik.com\/fr\/wp-json\/wp\/v2\/media\/12458"}],"wp:attachment":[{"href":"https:\/\/www.onetik.com\/fr\/wp-json\/wp\/v2\/media?parent=12455"}],"wp:term":[{"taxonomy":"category","embeddable":true,"href":"https:\/\/www.onetik.com\/fr\/wp-json\/wp\/v2\/categories?post=12455"},{"taxonomy":"post_tag","embeddable":true,"href":"https:\/\/www.onetik.com\/fr\/wp-json\/wp\/v2\/tags?post=12455"}],"curies":[{"name":"wp","href":"https:\/\/api.w.org\/{rel}","templated":true}]}}