{"id":12085,"date":"2017-02-27T14:21:39","date_gmt":"2017-02-27T14:21:39","guid":{"rendered":"http:\/\/www.onetik.com\/?p=12085"},"modified":"2017-02-27T16:21:40","modified_gmt":"2017-02-27T16:21:40","slug":"onetik-en-mode-basque-a-paris","status":"publish","type":"post","link":"https:\/\/www.onetik.com\/fr\/onetik-en-mode-basque-a-paris\/","title":{"rendered":"Onetik en mode basque \u00e0 Paris!"},"content":{"rendered":"<p>Le 16, 17 et 18 mars, \u00e0 la Mairie du 13\u00e8me, place d&rsquo;Italie, se r\u00e9uniront les cr\u00e9ateurs du Pays-basque.<\/p>\n<p>Lors de cet \u00e9v\u00e8nement de grande envergure qui a\u00a0 lieu \u00e0 Paris gr\u00e2ce \u00e0 l&rsquo;association de l&rsquo;agence Pop up et du CDT, les atouts du Pays-basque seront mis en avant : tourisme, culture, cr\u00e9ation et \u00e9conomie.<\/p>\n<p>De nombreuses animations viendront renforcer la d\u00e9couverte de cette culture : vitual surf, danses basques, artistes basques, concours, d\u00e9gustations de tapas &#8230;<\/p>\n<p>Trois jours de d\u00e9couvertes, de rencontres, d&rsquo;animations pour passer en mode basque.<\/p>\n<p><a href=\"http:\/\/www.onetik.com\/wp-content\/uploads\/2017\/02\/mode-basque.jpg\"><img loading=\"lazy\" decoding=\"async\" class=\" size-medium wp-image-12086 aligncenter\" src=\"http:\/\/www.onetik.com\/wp-content\/uploads\/2017\/02\/mode-basque-300x110.jpg\" alt=\"mode basque\" width=\"300\" height=\"110\" srcset=\"https:\/\/www.onetik.com\/wp-content\/uploads\/2017\/02\/mode-basque-300x110.jpg 300w, https:\/\/www.onetik.com\/wp-content\/uploads\/2017\/02\/mode-basque.jpg 370w\" sizes=\"auto, (max-width: 300px) 100vw, 300px\" \/><\/a><\/p>\n<p><a href=\"http:\/\/www.onetik.com\/wp-content\/uploads\/2017\/02\/mode-basque2.jpg\"><img loading=\"lazy\" decoding=\"async\" class=\" size-medium wp-image-12089 aligncenter\" src=\"http:\/\/www.onetik.com\/wp-content\/uploads\/2017\/02\/mode-basque2-300x128.jpg\" alt=\"mode basque2\" width=\"300\" height=\"128\" srcset=\"https:\/\/www.onetik.com\/wp-content\/uploads\/2017\/02\/mode-basque2-300x128.jpg 300w, https:\/\/www.onetik.com\/wp-content\/uploads\/2017\/02\/mode-basque2-1024x436.jpg 1024w, https:\/\/www.onetik.com\/wp-content\/uploads\/2017\/02\/mode-basque2-382x163.jpg 382w, https:\/\/www.onetik.com\/wp-content\/uploads\/2017\/02\/mode-basque2.jpg 1180w\" sizes=\"auto, (max-width: 300px) 100vw, 300px\" \/><\/a><\/p>\n","protected":false},"excerpt":{"rendered":"<p>Le 16, 17 et 18 mars, \u00e0 la Mairie du 13\u00e8me, place d&rsquo;Italie, se r\u00e9uniront les cr\u00e9ateurs du Pays-basque. Lors [&hellip;]<\/p>\n","protected":false},"author":2,"featured_media":12092,"comment_status":"closed","ping_status":"closed","sticky":false,"template":"","format":"standard","meta":{"_acf_changed":false,"footnotes":""},"categories":[1],"tags":[],"class_list":["post-12085","post","type-post","status-publish","format-standard","has-post-thumbnail","hentry","category-cat-actualites"],"acf":[],"yoast_head":"<!-- This site is optimized with the Yoast SEO plugin v27.2 - https:\/\/yoast.com\/product\/yoast-seo-wordpress\/ -->\n<title>Onetik en mode basque \u00e0 Paris! - Onetik<\/title>\n<meta name=\"description\" content=\"paris en mode basque, place d&#039;Italie.\" \/>\n<meta name=\"robots\" content=\"index, follow, max-snippet:-1, max-image-preview:large, max-video-preview:-1\" \/>\n<link rel=\"canonical\" href=\"https:\/\/www.onetik.com\/fr\/onetik-en-mode-basque-a-paris\/\" \/>\n<meta property=\"og:locale\" content=\"fr_FR\" \/>\n<meta property=\"og:type\" content=\"article\" \/>\n<meta property=\"og:title\" content=\"Onetik en mode basque \u00e0 Paris! - Onetik\" \/>\n<meta property=\"og:description\" content=\"paris en mode basque, place d&#039;Italie.\" \/>\n<meta property=\"og:url\" content=\"https:\/\/www.onetik.com\/fr\/onetik-en-mode-basque-a-paris\/\" \/>\n<meta property=\"og:site_name\" content=\"Onetik\" \/>\n<meta property=\"article:published_time\" content=\"2017-02-27T14:21:39+00:00\" \/>\n<meta property=\"article:modified_time\" content=\"2017-02-27T16:21:40+00:00\" \/>\n<meta property=\"og:image\" content=\"https:\/\/www.onetik.com\/wp-content\/uploads\/2017\/02\/paris-en-mode-basque.jpg\" \/>\n\t<meta property=\"og:image:width\" content=\"225\" \/>\n\t<meta property=\"og:image:height\" content=\"225\" \/>\n\t<meta property=\"og:image:type\" content=\"image\/jpeg\" \/>\n<meta name=\"author\" content=\"Onetik\" \/>\n<meta name=\"twitter:card\" content=\"summary_large_image\" \/>\n<meta name=\"twitter:label1\" content=\"\u00c9crit par\" \/>\n\t<meta name=\"twitter:data1\" content=\"Onetik\" \/>\n<script type=\"application\/ld+json\" class=\"yoast-schema-graph\">{\"@context\":\"https:\/\/schema.org\",\"@graph\":[{\"@type\":\"Article\",\"@id\":\"https:\/\/www.onetik.com\/fr\/onetik-en-mode-basque-a-paris\/#article\",\"isPartOf\":{\"@id\":\"https:\/\/www.onetik.com\/fr\/onetik-en-mode-basque-a-paris\/\"},\"author\":{\"name\":\"Onetik\",\"@id\":\"https:\/\/www.onetik.com\/fr\/#\/schema\/person\/fa74a4d6d1e1db6db1a150630fb8a05f\"},\"headline\":\"Onetik en mode basque \u00e0 Paris!\",\"datePublished\":\"2017-02-27T14:21:39+00:00\",\"dateModified\":\"2017-02-27T16:21:40+00:00\",\"mainEntityOfPage\":{\"@id\":\"https:\/\/www.onetik.com\/fr\/onetik-en-mode-basque-a-paris\/\"},\"wordCount\":93,\"image\":{\"@id\":\"https:\/\/www.onetik.com\/fr\/onetik-en-mode-basque-a-paris\/#primaryimage\"},\"thumbnailUrl\":\"https:\/\/www.onetik.com\/wp-content\/uploads\/2017\/02\/paris-en-mode-basque.jpg\",\"articleSection\":[\"Actualit\u00e9s\"],\"inLanguage\":\"fr-FR\"},{\"@type\":\"WebPage\",\"@id\":\"https:\/\/www.onetik.com\/fr\/onetik-en-mode-basque-a-paris\/\",\"url\":\"https:\/\/www.onetik.com\/fr\/onetik-en-mode-basque-a-paris\/\",\"name\":\"Onetik en mode basque \u00e0 Paris! - Onetik\",\"isPartOf\":{\"@id\":\"https:\/\/www.onetik.com\/fr\/#website\"},\"primaryImageOfPage\":{\"@id\":\"https:\/\/www.onetik.com\/fr\/onetik-en-mode-basque-a-paris\/#primaryimage\"},\"image\":{\"@id\":\"https:\/\/www.onetik.com\/fr\/onetik-en-mode-basque-a-paris\/#primaryimage\"},\"thumbnailUrl\":\"https:\/\/www.onetik.com\/wp-content\/uploads\/2017\/02\/paris-en-mode-basque.jpg\",\"datePublished\":\"2017-02-27T14:21:39+00:00\",\"dateModified\":\"2017-02-27T16:21:40+00:00\",\"author\":{\"@id\":\"https:\/\/www.onetik.com\/fr\/#\/schema\/person\/fa74a4d6d1e1db6db1a150630fb8a05f\"},\"description\":\"paris en mode basque, place d'Italie.\",\"breadcrumb\":{\"@id\":\"https:\/\/www.onetik.com\/fr\/onetik-en-mode-basque-a-paris\/#breadcrumb\"},\"inLanguage\":\"fr-FR\",\"potentialAction\":[{\"@type\":\"ReadAction\",\"target\":[\"https:\/\/www.onetik.com\/fr\/onetik-en-mode-basque-a-paris\/\"]}]},{\"@type\":\"ImageObject\",\"inLanguage\":\"fr-FR\",\"@id\":\"https:\/\/www.onetik.com\/fr\/onetik-en-mode-basque-a-paris\/#primaryimage\",\"url\":\"https:\/\/www.onetik.com\/wp-content\/uploads\/2017\/02\/paris-en-mode-basque.jpg\",\"contentUrl\":\"https:\/\/www.onetik.com\/wp-content\/uploads\/2017\/02\/paris-en-mode-basque.jpg\",\"width\":225,\"height\":225},{\"@type\":\"BreadcrumbList\",\"@id\":\"https:\/\/www.onetik.com\/fr\/onetik-en-mode-basque-a-paris\/#breadcrumb\",\"itemListElement\":[{\"@type\":\"ListItem\",\"position\":1,\"name\":\"Accueil\",\"item\":\"https:\/\/www.onetik.com\/fr\/\"},{\"@type\":\"ListItem\",\"position\":2,\"name\":\"Onetik en mode basque \u00e0 Paris!\"}]},{\"@type\":\"WebSite\",\"@id\":\"https:\/\/www.onetik.com\/fr\/#website\",\"url\":\"https:\/\/www.onetik.com\/fr\/\",\"name\":\"Onetik\",\"description\":\"La Fromagerie du Pays Basque\",\"potentialAction\":[{\"@type\":\"SearchAction\",\"target\":{\"@type\":\"EntryPoint\",\"urlTemplate\":\"https:\/\/www.onetik.com\/fr\/?s={search_term_string}\"},\"query-input\":{\"@type\":\"PropertyValueSpecification\",\"valueRequired\":true,\"valueName\":\"search_term_string\"}}],\"inLanguage\":\"fr-FR\"},{\"@type\":\"Person\",\"@id\":\"https:\/\/www.onetik.com\/fr\/#\/schema\/person\/fa74a4d6d1e1db6db1a150630fb8a05f\",\"name\":\"Onetik\",\"image\":{\"@type\":\"ImageObject\",\"inLanguage\":\"fr-FR\",\"@id\":\"https:\/\/secure.gravatar.com\/avatar\/3bf095b73e269b37ae5d6b4326a54365bc0ffe5c73fca7e09ec3773196a6ab67?s=96&d=mm&r=g\",\"url\":\"https:\/\/secure.gravatar.com\/avatar\/3bf095b73e269b37ae5d6b4326a54365bc0ffe5c73fca7e09ec3773196a6ab67?s=96&d=mm&r=g\",\"contentUrl\":\"https:\/\/secure.gravatar.com\/avatar\/3bf095b73e269b37ae5d6b4326a54365bc0ffe5c73fca7e09ec3773196a6ab67?s=96&d=mm&r=g\",\"caption\":\"Onetik\"}}]}<\/script>\n<!-- \/ Yoast SEO plugin. -->","yoast_head_json":{"title":"Onetik en mode basque \u00e0 Paris! - Onetik","description":"paris en mode basque, place d'Italie.","robots":{"index":"index","follow":"follow","max-snippet":"max-snippet:-1","max-image-preview":"max-image-preview:large","max-video-preview":"max-video-preview:-1"},"canonical":"https:\/\/www.onetik.com\/fr\/onetik-en-mode-basque-a-paris\/","og_locale":"fr_FR","og_type":"article","og_title":"Onetik en mode basque \u00e0 Paris! - Onetik","og_description":"paris en mode basque, place d'Italie.","og_url":"https:\/\/www.onetik.com\/fr\/onetik-en-mode-basque-a-paris\/","og_site_name":"Onetik","article_published_time":"2017-02-27T14:21:39+00:00","article_modified_time":"2017-02-27T16:21:40+00:00","og_image":[{"width":225,"height":225,"url":"https:\/\/www.onetik.com\/wp-content\/uploads\/2017\/02\/paris-en-mode-basque.jpg","type":"image\/jpeg"}],"author":"Onetik","twitter_card":"summary_large_image","twitter_misc":{"\u00c9crit par":"Onetik"},"schema":{"@context":"https:\/\/schema.org","@graph":[{"@type":"Article","@id":"https:\/\/www.onetik.com\/fr\/onetik-en-mode-basque-a-paris\/#article","isPartOf":{"@id":"https:\/\/www.onetik.com\/fr\/onetik-en-mode-basque-a-paris\/"},"author":{"name":"Onetik","@id":"https:\/\/www.onetik.com\/fr\/#\/schema\/person\/fa74a4d6d1e1db6db1a150630fb8a05f"},"headline":"Onetik en mode basque \u00e0 Paris!","datePublished":"2017-02-27T14:21:39+00:00","dateModified":"2017-02-27T16:21:40+00:00","mainEntityOfPage":{"@id":"https:\/\/www.onetik.com\/fr\/onetik-en-mode-basque-a-paris\/"},"wordCount":93,"image":{"@id":"https:\/\/www.onetik.com\/fr\/onetik-en-mode-basque-a-paris\/#primaryimage"},"thumbnailUrl":"https:\/\/www.onetik.com\/wp-content\/uploads\/2017\/02\/paris-en-mode-basque.jpg","articleSection":["Actualit\u00e9s"],"inLanguage":"fr-FR"},{"@type":"WebPage","@id":"https:\/\/www.onetik.com\/fr\/onetik-en-mode-basque-a-paris\/","url":"https:\/\/www.onetik.com\/fr\/onetik-en-mode-basque-a-paris\/","name":"Onetik en mode basque \u00e0 Paris! - Onetik","isPartOf":{"@id":"https:\/\/www.onetik.com\/fr\/#website"},"primaryImageOfPage":{"@id":"https:\/\/www.onetik.com\/fr\/onetik-en-mode-basque-a-paris\/#primaryimage"},"image":{"@id":"https:\/\/www.onetik.com\/fr\/onetik-en-mode-basque-a-paris\/#primaryimage"},"thumbnailUrl":"https:\/\/www.onetik.com\/wp-content\/uploads\/2017\/02\/paris-en-mode-basque.jpg","datePublished":"2017-02-27T14:21:39+00:00","dateModified":"2017-02-27T16:21:40+00:00","author":{"@id":"https:\/\/www.onetik.com\/fr\/#\/schema\/person\/fa74a4d6d1e1db6db1a150630fb8a05f"},"description":"paris en mode basque, place d'Italie.","breadcrumb":{"@id":"https:\/\/www.onetik.com\/fr\/onetik-en-mode-basque-a-paris\/#breadcrumb"},"inLanguage":"fr-FR","potentialAction":[{"@type":"ReadAction","target":["https:\/\/www.onetik.com\/fr\/onetik-en-mode-basque-a-paris\/"]}]},{"@type":"ImageObject","inLanguage":"fr-FR","@id":"https:\/\/www.onetik.com\/fr\/onetik-en-mode-basque-a-paris\/#primaryimage","url":"https:\/\/www.onetik.com\/wp-content\/uploads\/2017\/02\/paris-en-mode-basque.jpg","contentUrl":"https:\/\/www.onetik.com\/wp-content\/uploads\/2017\/02\/paris-en-mode-basque.jpg","width":225,"height":225},{"@type":"BreadcrumbList","@id":"https:\/\/www.onetik.com\/fr\/onetik-en-mode-basque-a-paris\/#breadcrumb","itemListElement":[{"@type":"ListItem","position":1,"name":"Accueil","item":"https:\/\/www.onetik.com\/fr\/"},{"@type":"ListItem","position":2,"name":"Onetik en mode basque \u00e0 Paris!"}]},{"@type":"WebSite","@id":"https:\/\/www.onetik.com\/fr\/#website","url":"https:\/\/www.onetik.com\/fr\/","name":"Onetik","description":"La Fromagerie du Pays Basque","potentialAction":[{"@type":"SearchAction","target":{"@type":"EntryPoint","urlTemplate":"https:\/\/www.onetik.com\/fr\/?s={search_term_string}"},"query-input":{"@type":"PropertyValueSpecification","valueRequired":true,"valueName":"search_term_string"}}],"inLanguage":"fr-FR"},{"@type":"Person","@id":"https:\/\/www.onetik.com\/fr\/#\/schema\/person\/fa74a4d6d1e1db6db1a150630fb8a05f","name":"Onetik","image":{"@type":"ImageObject","inLanguage":"fr-FR","@id":"https:\/\/secure.gravatar.com\/avatar\/3bf095b73e269b37ae5d6b4326a54365bc0ffe5c73fca7e09ec3773196a6ab67?s=96&d=mm&r=g","url":"https:\/\/secure.gravatar.com\/avatar\/3bf095b73e269b37ae5d6b4326a54365bc0ffe5c73fca7e09ec3773196a6ab67?s=96&d=mm&r=g","contentUrl":"https:\/\/secure.gravatar.com\/avatar\/3bf095b73e269b37ae5d6b4326a54365bc0ffe5c73fca7e09ec3773196a6ab67?s=96&d=mm&r=g","caption":"Onetik"}}]}},"_links":{"self":[{"href":"https:\/\/www.onetik.com\/fr\/wp-json\/wp\/v2\/posts\/12085","targetHints":{"allow":["GET"]}}],"collection":[{"href":"https:\/\/www.onetik.com\/fr\/wp-json\/wp\/v2\/posts"}],"about":[{"href":"https:\/\/www.onetik.com\/fr\/wp-json\/wp\/v2\/types\/post"}],"author":[{"embeddable":true,"href":"https:\/\/www.onetik.com\/fr\/wp-json\/wp\/v2\/users\/2"}],"replies":[{"embeddable":true,"href":"https:\/\/www.onetik.com\/fr\/wp-json\/wp\/v2\/comments?post=12085"}],"version-history":[{"count":2,"href":"https:\/\/www.onetik.com\/fr\/wp-json\/wp\/v2\/posts\/12085\/revisions"}],"predecessor-version":[{"id":12096,"href":"https:\/\/www.onetik.com\/fr\/wp-json\/wp\/v2\/posts\/12085\/revisions\/12096"}],"wp:featuredmedia":[{"embeddable":true,"href":"https:\/\/www.onetik.com\/fr\/wp-json\/wp\/v2\/media\/12092"}],"wp:attachment":[{"href":"https:\/\/www.onetik.com\/fr\/wp-json\/wp\/v2\/media?parent=12085"}],"wp:term":[{"taxonomy":"category","embeddable":true,"href":"https:\/\/www.onetik.com\/fr\/wp-json\/wp\/v2\/categories?post=12085"},{"taxonomy":"post_tag","embeddable":true,"href":"https:\/\/www.onetik.com\/fr\/wp-json\/wp\/v2\/tags?post=12085"}],"curies":[{"name":"wp","href":"https:\/\/api.w.org\/{rel}","templated":true}]}}