{"id":11956,"date":"2016-11-08T13:21:16","date_gmt":"2016-11-08T13:21:16","guid":{"rendered":"http:\/\/www.onetik.com\/?p=11956"},"modified":"2017-01-05T09:24:00","modified_gmt":"2017-01-05T09:24:00","slug":"onetik-grimpe-le-mont-ursuya","status":"publish","type":"post","link":"https:\/\/www.onetik.com\/fr\/onetik-grimpe-le-mont-ursuya\/","title":{"rendered":"Onetik grimpe le Mont Ursuya"},"content":{"rendered":"<p>Le soleil \u00e9tait au rendez-vous le 11 septembre 2016 sur le mont URSUYA. Pas moins de 815 randonneurs r\u00e9unis gr\u00e2ce \u00e0 l\u2019association\u00a0 UrsuMendi d\u2019Urcuray.<\/p>\n<p>Les b\u00e9n\u00e9fices de cette journ\u00e9e \u00e9taient destin\u00e9s \u00e0 l\u2019association HAUR ERI, qui a pour but de faciliter le s\u00e9jour au service p\u00e9diatrique de l\u2019h\u00f4pital de Bayonne des enfants malades et de leurs parents.<\/p>\n<p>Gr\u00e2ce a la participation de tous, cette journ\u00e9e fut un grand succ\u00e8s!<\/p>\n<p><a href=\"http:\/\/www.onetik.com\/wp-content\/uploads\/2016\/11\/14285596_296936970665182_123522258_o.jpg\"><img loading=\"lazy\" decoding=\"async\" class=\"aligncenter size-medium wp-image-11995\" src=\"http:\/\/www.onetik.com\/wp-content\/uploads\/2016\/11\/14285596_296936970665182_123522258_o-300x225.jpg\" alt=\"14285596_296936970665182_123522258_o\" width=\"300\" height=\"225\" srcset=\"https:\/\/www.onetik.com\/wp-content\/uploads\/2016\/11\/14285596_296936970665182_123522258_o-300x225.jpg 300w, https:\/\/www.onetik.com\/wp-content\/uploads\/2016\/11\/14285596_296936970665182_123522258_o-1024x768.jpg 1024w, https:\/\/www.onetik.com\/wp-content\/uploads\/2016\/11\/14285596_296936970665182_123522258_o-382x287.jpg 382w, https:\/\/www.onetik.com\/wp-content\/uploads\/2016\/11\/14285596_296936970665182_123522258_o.jpg 1136w\" sizes=\"auto, (max-width: 300px) 100vw, 300px\" \/><\/a><\/p>\n<p><a href=\"http:\/\/www.onetik.com\/wp-content\/uploads\/2016\/11\/14397962_296936840665195_1799568019_n.jpg\"><img loading=\"lazy\" decoding=\"async\" class=\"aligncenter size-medium wp-image-11990\" src=\"http:\/\/www.onetik.com\/wp-content\/uploads\/2016\/11\/14397962_296936840665195_1799568019_n-247x300.jpg\" alt=\"14397962_296936840665195_1799568019_n\" width=\"247\" height=\"300\" srcset=\"https:\/\/www.onetik.com\/wp-content\/uploads\/2016\/11\/14397962_296936840665195_1799568019_n-247x300.jpg 247w, https:\/\/www.onetik.com\/wp-content\/uploads\/2016\/11\/14397962_296936840665195_1799568019_n-382x463.jpg 382w, https:\/\/www.onetik.com\/wp-content\/uploads\/2016\/11\/14397962_296936840665195_1799568019_n.jpg 592w\" sizes=\"auto, (max-width: 247px) 100vw, 247px\" \/><\/a><\/p>\n<p>&nbsp;<\/p>\n<p>&nbsp;<\/p>\n","protected":false},"excerpt":{"rendered":"<p>Le soleil \u00e9tait au rendez-vous le 11 septembre 2016 sur le mont URSUYA. Pas moins de 815 randonneurs r\u00e9unis gr\u00e2ce [&hellip;]<\/p>\n","protected":false},"author":2,"featured_media":11957,"comment_status":"closed","ping_status":"closed","sticky":false,"template":"","format":"standard","meta":{"_acf_changed":false,"footnotes":""},"categories":[1],"tags":[],"class_list":["post-11956","post","type-post","status-publish","format-standard","has-post-thumbnail","hentry","category-cat-actualites"],"acf":[],"yoast_head":"<!-- This site is optimized with the Yoast SEO plugin v27.2 - https:\/\/yoast.com\/product\/yoast-seo-wordpress\/ -->\n<title>Onetik grimpe le Mont Ursuya - Onetik<\/title>\n<meta name=\"description\" content=\"association Mont Ursuya partenariat Onetik\" \/>\n<meta name=\"robots\" content=\"index, follow, max-snippet:-1, max-image-preview:large, max-video-preview:-1\" \/>\n<link rel=\"canonical\" href=\"https:\/\/www.onetik.com\/fr\/onetik-grimpe-le-mont-ursuya\/\" \/>\n<meta property=\"og:locale\" content=\"fr_FR\" \/>\n<meta property=\"og:type\" content=\"article\" \/>\n<meta property=\"og:title\" content=\"Onetik grimpe le Mont Ursuya - Onetik\" \/>\n<meta property=\"og:description\" content=\"association Mont Ursuya partenariat Onetik\" \/>\n<meta property=\"og:url\" content=\"https:\/\/www.onetik.com\/fr\/onetik-grimpe-le-mont-ursuya\/\" \/>\n<meta property=\"og:site_name\" content=\"Onetik\" \/>\n<meta property=\"article:published_time\" content=\"2016-11-08T13:21:16+00:00\" \/>\n<meta property=\"article:modified_time\" content=\"2017-01-05T09:24:00+00:00\" \/>\n<meta property=\"og:image\" content=\"https:\/\/www.onetik.com\/wp-content\/uploads\/2016\/11\/haur-eri.jpg\" \/>\n\t<meta property=\"og:image:width\" content=\"940\" \/>\n\t<meta property=\"og:image:height\" content=\"450\" \/>\n\t<meta property=\"og:image:type\" content=\"image\/jpeg\" \/>\n<meta name=\"author\" content=\"Onetik\" \/>\n<meta name=\"twitter:card\" content=\"summary_large_image\" \/>\n<meta name=\"twitter:label1\" content=\"\u00c9crit par\" \/>\n\t<meta name=\"twitter:data1\" content=\"Onetik\" \/>\n<script type=\"application\/ld+json\" class=\"yoast-schema-graph\">{\"@context\":\"https:\/\/schema.org\",\"@graph\":[{\"@type\":\"Article\",\"@id\":\"https:\/\/www.onetik.com\/fr\/onetik-grimpe-le-mont-ursuya\/#article\",\"isPartOf\":{\"@id\":\"https:\/\/www.onetik.com\/fr\/onetik-grimpe-le-mont-ursuya\/\"},\"author\":{\"name\":\"Onetik\",\"@id\":\"https:\/\/www.onetik.com\/fr\/#\/schema\/person\/fa74a4d6d1e1db6db1a150630fb8a05f\"},\"headline\":\"Onetik grimpe le Mont Ursuya\",\"datePublished\":\"2016-11-08T13:21:16+00:00\",\"dateModified\":\"2017-01-05T09:24:00+00:00\",\"mainEntityOfPage\":{\"@id\":\"https:\/\/www.onetik.com\/fr\/onetik-grimpe-le-mont-ursuya\/\"},\"wordCount\":87,\"image\":{\"@id\":\"https:\/\/www.onetik.com\/fr\/onetik-grimpe-le-mont-ursuya\/#primaryimage\"},\"thumbnailUrl\":\"https:\/\/www.onetik.com\/wp-content\/uploads\/2016\/11\/haur-eri.jpg\",\"articleSection\":[\"Actualit\u00e9s\"],\"inLanguage\":\"fr-FR\"},{\"@type\":\"WebPage\",\"@id\":\"https:\/\/www.onetik.com\/fr\/onetik-grimpe-le-mont-ursuya\/\",\"url\":\"https:\/\/www.onetik.com\/fr\/onetik-grimpe-le-mont-ursuya\/\",\"name\":\"Onetik grimpe le Mont Ursuya - Onetik\",\"isPartOf\":{\"@id\":\"https:\/\/www.onetik.com\/fr\/#website\"},\"primaryImageOfPage\":{\"@id\":\"https:\/\/www.onetik.com\/fr\/onetik-grimpe-le-mont-ursuya\/#primaryimage\"},\"image\":{\"@id\":\"https:\/\/www.onetik.com\/fr\/onetik-grimpe-le-mont-ursuya\/#primaryimage\"},\"thumbnailUrl\":\"https:\/\/www.onetik.com\/wp-content\/uploads\/2016\/11\/haur-eri.jpg\",\"datePublished\":\"2016-11-08T13:21:16+00:00\",\"dateModified\":\"2017-01-05T09:24:00+00:00\",\"author\":{\"@id\":\"https:\/\/www.onetik.com\/fr\/#\/schema\/person\/fa74a4d6d1e1db6db1a150630fb8a05f\"},\"description\":\"association Mont Ursuya partenariat Onetik\",\"breadcrumb\":{\"@id\":\"https:\/\/www.onetik.com\/fr\/onetik-grimpe-le-mont-ursuya\/#breadcrumb\"},\"inLanguage\":\"fr-FR\",\"potentialAction\":[{\"@type\":\"ReadAction\",\"target\":[\"https:\/\/www.onetik.com\/fr\/onetik-grimpe-le-mont-ursuya\/\"]}]},{\"@type\":\"ImageObject\",\"inLanguage\":\"fr-FR\",\"@id\":\"https:\/\/www.onetik.com\/fr\/onetik-grimpe-le-mont-ursuya\/#primaryimage\",\"url\":\"https:\/\/www.onetik.com\/wp-content\/uploads\/2016\/11\/haur-eri.jpg\",\"contentUrl\":\"https:\/\/www.onetik.com\/wp-content\/uploads\/2016\/11\/haur-eri.jpg\",\"width\":940,\"height\":450},{\"@type\":\"BreadcrumbList\",\"@id\":\"https:\/\/www.onetik.com\/fr\/onetik-grimpe-le-mont-ursuya\/#breadcrumb\",\"itemListElement\":[{\"@type\":\"ListItem\",\"position\":1,\"name\":\"Accueil\",\"item\":\"https:\/\/www.onetik.com\/fr\/\"},{\"@type\":\"ListItem\",\"position\":2,\"name\":\"Onetik grimpe le Mont Ursuya\"}]},{\"@type\":\"WebSite\",\"@id\":\"https:\/\/www.onetik.com\/fr\/#website\",\"url\":\"https:\/\/www.onetik.com\/fr\/\",\"name\":\"Onetik\",\"description\":\"La Fromagerie du Pays Basque\",\"potentialAction\":[{\"@type\":\"SearchAction\",\"target\":{\"@type\":\"EntryPoint\",\"urlTemplate\":\"https:\/\/www.onetik.com\/fr\/?s={search_term_string}\"},\"query-input\":{\"@type\":\"PropertyValueSpecification\",\"valueRequired\":true,\"valueName\":\"search_term_string\"}}],\"inLanguage\":\"fr-FR\"},{\"@type\":\"Person\",\"@id\":\"https:\/\/www.onetik.com\/fr\/#\/schema\/person\/fa74a4d6d1e1db6db1a150630fb8a05f\",\"name\":\"Onetik\",\"image\":{\"@type\":\"ImageObject\",\"inLanguage\":\"fr-FR\",\"@id\":\"https:\/\/secure.gravatar.com\/avatar\/3bf095b73e269b37ae5d6b4326a54365bc0ffe5c73fca7e09ec3773196a6ab67?s=96&d=mm&r=g\",\"url\":\"https:\/\/secure.gravatar.com\/avatar\/3bf095b73e269b37ae5d6b4326a54365bc0ffe5c73fca7e09ec3773196a6ab67?s=96&d=mm&r=g\",\"contentUrl\":\"https:\/\/secure.gravatar.com\/avatar\/3bf095b73e269b37ae5d6b4326a54365bc0ffe5c73fca7e09ec3773196a6ab67?s=96&d=mm&r=g\",\"caption\":\"Onetik\"}}]}<\/script>\n<!-- \/ Yoast SEO plugin. -->","yoast_head_json":{"title":"Onetik grimpe le Mont Ursuya - Onetik","description":"association Mont Ursuya partenariat Onetik","robots":{"index":"index","follow":"follow","max-snippet":"max-snippet:-1","max-image-preview":"max-image-preview:large","max-video-preview":"max-video-preview:-1"},"canonical":"https:\/\/www.onetik.com\/fr\/onetik-grimpe-le-mont-ursuya\/","og_locale":"fr_FR","og_type":"article","og_title":"Onetik grimpe le Mont Ursuya - Onetik","og_description":"association Mont Ursuya partenariat Onetik","og_url":"https:\/\/www.onetik.com\/fr\/onetik-grimpe-le-mont-ursuya\/","og_site_name":"Onetik","article_published_time":"2016-11-08T13:21:16+00:00","article_modified_time":"2017-01-05T09:24:00+00:00","og_image":[{"width":940,"height":450,"url":"https:\/\/www.onetik.com\/wp-content\/uploads\/2016\/11\/haur-eri.jpg","type":"image\/jpeg"}],"author":"Onetik","twitter_card":"summary_large_image","twitter_misc":{"\u00c9crit par":"Onetik"},"schema":{"@context":"https:\/\/schema.org","@graph":[{"@type":"Article","@id":"https:\/\/www.onetik.com\/fr\/onetik-grimpe-le-mont-ursuya\/#article","isPartOf":{"@id":"https:\/\/www.onetik.com\/fr\/onetik-grimpe-le-mont-ursuya\/"},"author":{"name":"Onetik","@id":"https:\/\/www.onetik.com\/fr\/#\/schema\/person\/fa74a4d6d1e1db6db1a150630fb8a05f"},"headline":"Onetik grimpe le Mont Ursuya","datePublished":"2016-11-08T13:21:16+00:00","dateModified":"2017-01-05T09:24:00+00:00","mainEntityOfPage":{"@id":"https:\/\/www.onetik.com\/fr\/onetik-grimpe-le-mont-ursuya\/"},"wordCount":87,"image":{"@id":"https:\/\/www.onetik.com\/fr\/onetik-grimpe-le-mont-ursuya\/#primaryimage"},"thumbnailUrl":"https:\/\/www.onetik.com\/wp-content\/uploads\/2016\/11\/haur-eri.jpg","articleSection":["Actualit\u00e9s"],"inLanguage":"fr-FR"},{"@type":"WebPage","@id":"https:\/\/www.onetik.com\/fr\/onetik-grimpe-le-mont-ursuya\/","url":"https:\/\/www.onetik.com\/fr\/onetik-grimpe-le-mont-ursuya\/","name":"Onetik grimpe le Mont Ursuya - Onetik","isPartOf":{"@id":"https:\/\/www.onetik.com\/fr\/#website"},"primaryImageOfPage":{"@id":"https:\/\/www.onetik.com\/fr\/onetik-grimpe-le-mont-ursuya\/#primaryimage"},"image":{"@id":"https:\/\/www.onetik.com\/fr\/onetik-grimpe-le-mont-ursuya\/#primaryimage"},"thumbnailUrl":"https:\/\/www.onetik.com\/wp-content\/uploads\/2016\/11\/haur-eri.jpg","datePublished":"2016-11-08T13:21:16+00:00","dateModified":"2017-01-05T09:24:00+00:00","author":{"@id":"https:\/\/www.onetik.com\/fr\/#\/schema\/person\/fa74a4d6d1e1db6db1a150630fb8a05f"},"description":"association Mont Ursuya partenariat Onetik","breadcrumb":{"@id":"https:\/\/www.onetik.com\/fr\/onetik-grimpe-le-mont-ursuya\/#breadcrumb"},"inLanguage":"fr-FR","potentialAction":[{"@type":"ReadAction","target":["https:\/\/www.onetik.com\/fr\/onetik-grimpe-le-mont-ursuya\/"]}]},{"@type":"ImageObject","inLanguage":"fr-FR","@id":"https:\/\/www.onetik.com\/fr\/onetik-grimpe-le-mont-ursuya\/#primaryimage","url":"https:\/\/www.onetik.com\/wp-content\/uploads\/2016\/11\/haur-eri.jpg","contentUrl":"https:\/\/www.onetik.com\/wp-content\/uploads\/2016\/11\/haur-eri.jpg","width":940,"height":450},{"@type":"BreadcrumbList","@id":"https:\/\/www.onetik.com\/fr\/onetik-grimpe-le-mont-ursuya\/#breadcrumb","itemListElement":[{"@type":"ListItem","position":1,"name":"Accueil","item":"https:\/\/www.onetik.com\/fr\/"},{"@type":"ListItem","position":2,"name":"Onetik grimpe le Mont Ursuya"}]},{"@type":"WebSite","@id":"https:\/\/www.onetik.com\/fr\/#website","url":"https:\/\/www.onetik.com\/fr\/","name":"Onetik","description":"La Fromagerie du Pays Basque","potentialAction":[{"@type":"SearchAction","target":{"@type":"EntryPoint","urlTemplate":"https:\/\/www.onetik.com\/fr\/?s={search_term_string}"},"query-input":{"@type":"PropertyValueSpecification","valueRequired":true,"valueName":"search_term_string"}}],"inLanguage":"fr-FR"},{"@type":"Person","@id":"https:\/\/www.onetik.com\/fr\/#\/schema\/person\/fa74a4d6d1e1db6db1a150630fb8a05f","name":"Onetik","image":{"@type":"ImageObject","inLanguage":"fr-FR","@id":"https:\/\/secure.gravatar.com\/avatar\/3bf095b73e269b37ae5d6b4326a54365bc0ffe5c73fca7e09ec3773196a6ab67?s=96&d=mm&r=g","url":"https:\/\/secure.gravatar.com\/avatar\/3bf095b73e269b37ae5d6b4326a54365bc0ffe5c73fca7e09ec3773196a6ab67?s=96&d=mm&r=g","contentUrl":"https:\/\/secure.gravatar.com\/avatar\/3bf095b73e269b37ae5d6b4326a54365bc0ffe5c73fca7e09ec3773196a6ab67?s=96&d=mm&r=g","caption":"Onetik"}}]}},"_links":{"self":[{"href":"https:\/\/www.onetik.com\/fr\/wp-json\/wp\/v2\/posts\/11956","targetHints":{"allow":["GET"]}}],"collection":[{"href":"https:\/\/www.onetik.com\/fr\/wp-json\/wp\/v2\/posts"}],"about":[{"href":"https:\/\/www.onetik.com\/fr\/wp-json\/wp\/v2\/types\/post"}],"author":[{"embeddable":true,"href":"https:\/\/www.onetik.com\/fr\/wp-json\/wp\/v2\/users\/2"}],"replies":[{"embeddable":true,"href":"https:\/\/www.onetik.com\/fr\/wp-json\/wp\/v2\/comments?post=11956"}],"version-history":[{"count":4,"href":"https:\/\/www.onetik.com\/fr\/wp-json\/wp\/v2\/posts\/11956\/revisions"}],"predecessor-version":[{"id":11998,"href":"https:\/\/www.onetik.com\/fr\/wp-json\/wp\/v2\/posts\/11956\/revisions\/11998"}],"wp:featuredmedia":[{"embeddable":true,"href":"https:\/\/www.onetik.com\/fr\/wp-json\/wp\/v2\/media\/11957"}],"wp:attachment":[{"href":"https:\/\/www.onetik.com\/fr\/wp-json\/wp\/v2\/media?parent=11956"}],"wp:term":[{"taxonomy":"category","embeddable":true,"href":"https:\/\/www.onetik.com\/fr\/wp-json\/wp\/v2\/categories?post=11956"},{"taxonomy":"post_tag","embeddable":true,"href":"https:\/\/www.onetik.com\/fr\/wp-json\/wp\/v2\/tags?post=11956"}],"curies":[{"name":"wp","href":"https:\/\/api.w.org\/{rel}","templated":true}]}}