{"id":11702,"date":"2015-12-17T11:11:38","date_gmt":"2015-12-17T11:11:38","guid":{"rendered":"http:\/\/www.onetik.com\/?p=11702"},"modified":"2015-12-17T11:16:06","modified_gmt":"2015-12-17T11:16:06","slug":"onetik-present-a-vannes-pour-le-salon-de-la-gastronomie","status":"publish","type":"post","link":"https:\/\/www.onetik.com\/fr\/onetik-present-a-vannes-pour-le-salon-de-la-gastronomie\/","title":{"rendered":"Onetik pr\u00e9sent \u00e0 Vannes pour le salon de la gastronomie"},"content":{"rendered":"<p>Onetik \u00e9tait pr\u00e9sent du 28 au 30 novembre lors du salon de la gastronomie \u00e0 Vannes !<\/p>\n<p>Une occasion r\u00eav\u00e9e pour vous pr\u00e9senter nos fromages basques et partager de bons moments avec l&rsquo;ensemble des exposants et visiteurs pr\u00e9sents sur le salon.<\/p>\n<div style=\"width: 1280px;\" class=\"wp-video\"><video class=\"wp-video-shortcode\" id=\"video-11702-1\" width=\"1280\" height=\"720\" preload=\"metadata\" controls=\"controls\"><source type=\"video\/mp4\" src=\"http:\/\/www.onetik.com\/wp-content\/uploads\/2015\/12\/Salon-SAGA-Vannes-2015.mp4.mp4?_=1\" \/><a href=\"http:\/\/www.onetik.com\/wp-content\/uploads\/2015\/12\/Salon-SAGA-Vannes-2015.mp4.mp4\">http:\/\/www.onetik.com\/wp-content\/uploads\/2015\/12\/Salon-SAGA-Vannes-2015.mp4.mp4<\/a><\/video><\/div>\n","protected":false},"excerpt":{"rendered":"<p>Onetik \u00e9tait pr\u00e9sent du 28 au 30 novembre lors du salon de la gastronomie \u00e0 Vannes ! Une occasion r\u00eav\u00e9e [&hellip;]<\/p>\n","protected":false},"author":2,"featured_media":11706,"comment_status":"closed","ping_status":"closed","sticky":false,"template":"","format":"standard","meta":{"_acf_changed":false,"footnotes":""},"categories":[1],"tags":[],"class_list":["post-11702","post","type-post","status-publish","format-standard","has-post-thumbnail","hentry","category-cat-actualites"],"acf":[],"yoast_head":"<!-- This site is optimized with the Yoast SEO plugin v27.2 - https:\/\/yoast.com\/product\/yoast-seo-wordpress\/ -->\n<title>Onetik pr\u00e9sent \u00e0 Vannes pour le salon de la gastronomie - Onetik<\/title>\n<meta name=\"robots\" content=\"index, follow, max-snippet:-1, max-image-preview:large, max-video-preview:-1\" \/>\n<link rel=\"canonical\" href=\"https:\/\/www.onetik.com\/fr\/onetik-present-a-vannes-pour-le-salon-de-la-gastronomie\/\" \/>\n<meta property=\"og:locale\" content=\"fr_FR\" \/>\n<meta property=\"og:type\" content=\"article\" \/>\n<meta property=\"og:title\" content=\"Onetik pr\u00e9sent \u00e0 Vannes pour le salon de la gastronomie - Onetik\" \/>\n<meta property=\"og:description\" content=\"Onetik \u00e9tait pr\u00e9sent du 28 au 30 novembre lors du salon de la gastronomie \u00e0 Vannes ! Une occasion r\u00eav\u00e9e [&hellip;]\" \/>\n<meta property=\"og:url\" content=\"https:\/\/www.onetik.com\/fr\/onetik-present-a-vannes-pour-le-salon-de-la-gastronomie\/\" \/>\n<meta property=\"og:site_name\" content=\"Onetik\" \/>\n<meta property=\"article:published_time\" content=\"2015-12-17T11:11:38+00:00\" \/>\n<meta property=\"article:modified_time\" content=\"2015-12-17T11:16:06+00:00\" \/>\n<meta property=\"og:image\" content=\"https:\/\/www.onetik.com\/wp-content\/uploads\/2015\/12\/saga-salon-de-la-gastronomie-et-des-arts-culinaires.png\" \/>\n\t<meta property=\"og:image:width\" content=\"200\" \/>\n\t<meta property=\"og:image:height\" content=\"200\" \/>\n\t<meta property=\"og:image:type\" content=\"image\/png\" \/>\n<meta name=\"author\" content=\"Onetik\" \/>\n<meta name=\"twitter:card\" content=\"summary_large_image\" \/>\n<meta name=\"twitter:label1\" content=\"\u00c9crit par\" \/>\n\t<meta name=\"twitter:data1\" content=\"Onetik\" \/>\n<script type=\"application\/ld+json\" class=\"yoast-schema-graph\">{\"@context\":\"https:\/\/schema.org\",\"@graph\":[{\"@type\":\"Article\",\"@id\":\"https:\/\/www.onetik.com\/fr\/onetik-present-a-vannes-pour-le-salon-de-la-gastronomie\/#article\",\"isPartOf\":{\"@id\":\"https:\/\/www.onetik.com\/fr\/onetik-present-a-vannes-pour-le-salon-de-la-gastronomie\/\"},\"author\":{\"name\":\"Onetik\",\"@id\":\"https:\/\/www.onetik.com\/fr\/#\/schema\/person\/fa74a4d6d1e1db6db1a150630fb8a05f\"},\"headline\":\"Onetik pr\u00e9sent \u00e0 Vannes pour le salon de la gastronomie\",\"datePublished\":\"2015-12-17T11:11:38+00:00\",\"dateModified\":\"2015-12-17T11:16:06+00:00\",\"mainEntityOfPage\":{\"@id\":\"https:\/\/www.onetik.com\/fr\/onetik-present-a-vannes-pour-le-salon-de-la-gastronomie\/\"},\"wordCount\":66,\"image\":{\"@id\":\"https:\/\/www.onetik.com\/fr\/onetik-present-a-vannes-pour-le-salon-de-la-gastronomie\/#primaryimage\"},\"thumbnailUrl\":\"https:\/\/www.onetik.com\/wp-content\/uploads\/2015\/12\/saga-salon-de-la-gastronomie-et-des-arts-culinaires.png\",\"articleSection\":[\"Actualit\u00e9s\"],\"inLanguage\":\"fr-FR\"},{\"@type\":\"WebPage\",\"@id\":\"https:\/\/www.onetik.com\/fr\/onetik-present-a-vannes-pour-le-salon-de-la-gastronomie\/\",\"url\":\"https:\/\/www.onetik.com\/fr\/onetik-present-a-vannes-pour-le-salon-de-la-gastronomie\/\",\"name\":\"Onetik pr\u00e9sent \u00e0 Vannes pour le salon de la gastronomie - Onetik\",\"isPartOf\":{\"@id\":\"https:\/\/www.onetik.com\/fr\/#website\"},\"primaryImageOfPage\":{\"@id\":\"https:\/\/www.onetik.com\/fr\/onetik-present-a-vannes-pour-le-salon-de-la-gastronomie\/#primaryimage\"},\"image\":{\"@id\":\"https:\/\/www.onetik.com\/fr\/onetik-present-a-vannes-pour-le-salon-de-la-gastronomie\/#primaryimage\"},\"thumbnailUrl\":\"https:\/\/www.onetik.com\/wp-content\/uploads\/2015\/12\/saga-salon-de-la-gastronomie-et-des-arts-culinaires.png\",\"datePublished\":\"2015-12-17T11:11:38+00:00\",\"dateModified\":\"2015-12-17T11:16:06+00:00\",\"author\":{\"@id\":\"https:\/\/www.onetik.com\/fr\/#\/schema\/person\/fa74a4d6d1e1db6db1a150630fb8a05f\"},\"breadcrumb\":{\"@id\":\"https:\/\/www.onetik.com\/fr\/onetik-present-a-vannes-pour-le-salon-de-la-gastronomie\/#breadcrumb\"},\"inLanguage\":\"fr-FR\",\"potentialAction\":[{\"@type\":\"ReadAction\",\"target\":[\"https:\/\/www.onetik.com\/fr\/onetik-present-a-vannes-pour-le-salon-de-la-gastronomie\/\"]}]},{\"@type\":\"ImageObject\",\"inLanguage\":\"fr-FR\",\"@id\":\"https:\/\/www.onetik.com\/fr\/onetik-present-a-vannes-pour-le-salon-de-la-gastronomie\/#primaryimage\",\"url\":\"https:\/\/www.onetik.com\/wp-content\/uploads\/2015\/12\/saga-salon-de-la-gastronomie-et-des-arts-culinaires.png\",\"contentUrl\":\"https:\/\/www.onetik.com\/wp-content\/uploads\/2015\/12\/saga-salon-de-la-gastronomie-et-des-arts-culinaires.png\",\"width\":200,\"height\":200},{\"@type\":\"BreadcrumbList\",\"@id\":\"https:\/\/www.onetik.com\/fr\/onetik-present-a-vannes-pour-le-salon-de-la-gastronomie\/#breadcrumb\",\"itemListElement\":[{\"@type\":\"ListItem\",\"position\":1,\"name\":\"Accueil\",\"item\":\"https:\/\/www.onetik.com\/fr\/\"},{\"@type\":\"ListItem\",\"position\":2,\"name\":\"Onetik pr\u00e9sent \u00e0 Vannes pour le salon de la gastronomie\"}]},{\"@type\":\"WebSite\",\"@id\":\"https:\/\/www.onetik.com\/fr\/#website\",\"url\":\"https:\/\/www.onetik.com\/fr\/\",\"name\":\"Onetik\",\"description\":\"La Fromagerie du Pays Basque\",\"potentialAction\":[{\"@type\":\"SearchAction\",\"target\":{\"@type\":\"EntryPoint\",\"urlTemplate\":\"https:\/\/www.onetik.com\/fr\/?s={search_term_string}\"},\"query-input\":{\"@type\":\"PropertyValueSpecification\",\"valueRequired\":true,\"valueName\":\"search_term_string\"}}],\"inLanguage\":\"fr-FR\"},{\"@type\":\"Person\",\"@id\":\"https:\/\/www.onetik.com\/fr\/#\/schema\/person\/fa74a4d6d1e1db6db1a150630fb8a05f\",\"name\":\"Onetik\",\"image\":{\"@type\":\"ImageObject\",\"inLanguage\":\"fr-FR\",\"@id\":\"https:\/\/secure.gravatar.com\/avatar\/3bf095b73e269b37ae5d6b4326a54365bc0ffe5c73fca7e09ec3773196a6ab67?s=96&d=mm&r=g\",\"url\":\"https:\/\/secure.gravatar.com\/avatar\/3bf095b73e269b37ae5d6b4326a54365bc0ffe5c73fca7e09ec3773196a6ab67?s=96&d=mm&r=g\",\"contentUrl\":\"https:\/\/secure.gravatar.com\/avatar\/3bf095b73e269b37ae5d6b4326a54365bc0ffe5c73fca7e09ec3773196a6ab67?s=96&d=mm&r=g\",\"caption\":\"Onetik\"}}]}<\/script>\n<!-- \/ Yoast SEO plugin. -->","yoast_head_json":{"title":"Onetik pr\u00e9sent \u00e0 Vannes pour le salon de la gastronomie - Onetik","robots":{"index":"index","follow":"follow","max-snippet":"max-snippet:-1","max-image-preview":"max-image-preview:large","max-video-preview":"max-video-preview:-1"},"canonical":"https:\/\/www.onetik.com\/fr\/onetik-present-a-vannes-pour-le-salon-de-la-gastronomie\/","og_locale":"fr_FR","og_type":"article","og_title":"Onetik pr\u00e9sent \u00e0 Vannes pour le salon de la gastronomie - Onetik","og_description":"Onetik \u00e9tait pr\u00e9sent du 28 au 30 novembre lors du salon de la gastronomie \u00e0 Vannes ! Une occasion r\u00eav\u00e9e [&hellip;]","og_url":"https:\/\/www.onetik.com\/fr\/onetik-present-a-vannes-pour-le-salon-de-la-gastronomie\/","og_site_name":"Onetik","article_published_time":"2015-12-17T11:11:38+00:00","article_modified_time":"2015-12-17T11:16:06+00:00","og_image":[{"width":200,"height":200,"url":"https:\/\/www.onetik.com\/wp-content\/uploads\/2015\/12\/saga-salon-de-la-gastronomie-et-des-arts-culinaires.png","type":"image\/png"}],"author":"Onetik","twitter_card":"summary_large_image","twitter_misc":{"\u00c9crit par":"Onetik"},"schema":{"@context":"https:\/\/schema.org","@graph":[{"@type":"Article","@id":"https:\/\/www.onetik.com\/fr\/onetik-present-a-vannes-pour-le-salon-de-la-gastronomie\/#article","isPartOf":{"@id":"https:\/\/www.onetik.com\/fr\/onetik-present-a-vannes-pour-le-salon-de-la-gastronomie\/"},"author":{"name":"Onetik","@id":"https:\/\/www.onetik.com\/fr\/#\/schema\/person\/fa74a4d6d1e1db6db1a150630fb8a05f"},"headline":"Onetik pr\u00e9sent \u00e0 Vannes pour le salon de la gastronomie","datePublished":"2015-12-17T11:11:38+00:00","dateModified":"2015-12-17T11:16:06+00:00","mainEntityOfPage":{"@id":"https:\/\/www.onetik.com\/fr\/onetik-present-a-vannes-pour-le-salon-de-la-gastronomie\/"},"wordCount":66,"image":{"@id":"https:\/\/www.onetik.com\/fr\/onetik-present-a-vannes-pour-le-salon-de-la-gastronomie\/#primaryimage"},"thumbnailUrl":"https:\/\/www.onetik.com\/wp-content\/uploads\/2015\/12\/saga-salon-de-la-gastronomie-et-des-arts-culinaires.png","articleSection":["Actualit\u00e9s"],"inLanguage":"fr-FR"},{"@type":"WebPage","@id":"https:\/\/www.onetik.com\/fr\/onetik-present-a-vannes-pour-le-salon-de-la-gastronomie\/","url":"https:\/\/www.onetik.com\/fr\/onetik-present-a-vannes-pour-le-salon-de-la-gastronomie\/","name":"Onetik pr\u00e9sent \u00e0 Vannes pour le salon de la gastronomie - Onetik","isPartOf":{"@id":"https:\/\/www.onetik.com\/fr\/#website"},"primaryImageOfPage":{"@id":"https:\/\/www.onetik.com\/fr\/onetik-present-a-vannes-pour-le-salon-de-la-gastronomie\/#primaryimage"},"image":{"@id":"https:\/\/www.onetik.com\/fr\/onetik-present-a-vannes-pour-le-salon-de-la-gastronomie\/#primaryimage"},"thumbnailUrl":"https:\/\/www.onetik.com\/wp-content\/uploads\/2015\/12\/saga-salon-de-la-gastronomie-et-des-arts-culinaires.png","datePublished":"2015-12-17T11:11:38+00:00","dateModified":"2015-12-17T11:16:06+00:00","author":{"@id":"https:\/\/www.onetik.com\/fr\/#\/schema\/person\/fa74a4d6d1e1db6db1a150630fb8a05f"},"breadcrumb":{"@id":"https:\/\/www.onetik.com\/fr\/onetik-present-a-vannes-pour-le-salon-de-la-gastronomie\/#breadcrumb"},"inLanguage":"fr-FR","potentialAction":[{"@type":"ReadAction","target":["https:\/\/www.onetik.com\/fr\/onetik-present-a-vannes-pour-le-salon-de-la-gastronomie\/"]}]},{"@type":"ImageObject","inLanguage":"fr-FR","@id":"https:\/\/www.onetik.com\/fr\/onetik-present-a-vannes-pour-le-salon-de-la-gastronomie\/#primaryimage","url":"https:\/\/www.onetik.com\/wp-content\/uploads\/2015\/12\/saga-salon-de-la-gastronomie-et-des-arts-culinaires.png","contentUrl":"https:\/\/www.onetik.com\/wp-content\/uploads\/2015\/12\/saga-salon-de-la-gastronomie-et-des-arts-culinaires.png","width":200,"height":200},{"@type":"BreadcrumbList","@id":"https:\/\/www.onetik.com\/fr\/onetik-present-a-vannes-pour-le-salon-de-la-gastronomie\/#breadcrumb","itemListElement":[{"@type":"ListItem","position":1,"name":"Accueil","item":"https:\/\/www.onetik.com\/fr\/"},{"@type":"ListItem","position":2,"name":"Onetik pr\u00e9sent \u00e0 Vannes pour le salon de la gastronomie"}]},{"@type":"WebSite","@id":"https:\/\/www.onetik.com\/fr\/#website","url":"https:\/\/www.onetik.com\/fr\/","name":"Onetik","description":"La Fromagerie du Pays Basque","potentialAction":[{"@type":"SearchAction","target":{"@type":"EntryPoint","urlTemplate":"https:\/\/www.onetik.com\/fr\/?s={search_term_string}"},"query-input":{"@type":"PropertyValueSpecification","valueRequired":true,"valueName":"search_term_string"}}],"inLanguage":"fr-FR"},{"@type":"Person","@id":"https:\/\/www.onetik.com\/fr\/#\/schema\/person\/fa74a4d6d1e1db6db1a150630fb8a05f","name":"Onetik","image":{"@type":"ImageObject","inLanguage":"fr-FR","@id":"https:\/\/secure.gravatar.com\/avatar\/3bf095b73e269b37ae5d6b4326a54365bc0ffe5c73fca7e09ec3773196a6ab67?s=96&d=mm&r=g","url":"https:\/\/secure.gravatar.com\/avatar\/3bf095b73e269b37ae5d6b4326a54365bc0ffe5c73fca7e09ec3773196a6ab67?s=96&d=mm&r=g","contentUrl":"https:\/\/secure.gravatar.com\/avatar\/3bf095b73e269b37ae5d6b4326a54365bc0ffe5c73fca7e09ec3773196a6ab67?s=96&d=mm&r=g","caption":"Onetik"}}]}},"_links":{"self":[{"href":"https:\/\/www.onetik.com\/fr\/wp-json\/wp\/v2\/posts\/11702","targetHints":{"allow":["GET"]}}],"collection":[{"href":"https:\/\/www.onetik.com\/fr\/wp-json\/wp\/v2\/posts"}],"about":[{"href":"https:\/\/www.onetik.com\/fr\/wp-json\/wp\/v2\/types\/post"}],"author":[{"embeddable":true,"href":"https:\/\/www.onetik.com\/fr\/wp-json\/wp\/v2\/users\/2"}],"replies":[{"embeddable":true,"href":"https:\/\/www.onetik.com\/fr\/wp-json\/wp\/v2\/comments?post=11702"}],"version-history":[{"count":1,"href":"https:\/\/www.onetik.com\/fr\/wp-json\/wp\/v2\/posts\/11702\/revisions"}],"predecessor-version":[{"id":11715,"href":"https:\/\/www.onetik.com\/fr\/wp-json\/wp\/v2\/posts\/11702\/revisions\/11715"}],"wp:featuredmedia":[{"embeddable":true,"href":"https:\/\/www.onetik.com\/fr\/wp-json\/wp\/v2\/media\/11706"}],"wp:attachment":[{"href":"https:\/\/www.onetik.com\/fr\/wp-json\/wp\/v2\/media?parent=11702"}],"wp:term":[{"taxonomy":"category","embeddable":true,"href":"https:\/\/www.onetik.com\/fr\/wp-json\/wp\/v2\/categories?post=11702"},{"taxonomy":"post_tag","embeddable":true,"href":"https:\/\/www.onetik.com\/fr\/wp-json\/wp\/v2\/tags?post=11702"}],"curies":[{"name":"wp","href":"https:\/\/api.w.org\/{rel}","templated":true}]}}