{"id":11546,"date":"2015-06-15T13:13:45","date_gmt":"2015-06-15T13:13:45","guid":{"rendered":"http:\/\/www.onetik.com\/?p=11546"},"modified":"2015-06-15T13:32:49","modified_gmt":"2015-06-15T13:32:49","slug":"onetik-present-sur-le-marche-basque-a-chateauroux","status":"publish","type":"post","link":"https:\/\/www.onetik.com\/fr\/onetik-present-sur-le-marche-basque-a-chateauroux\/","title":{"rendered":"Onetik pr\u00e9sent sur le march\u00e9 Basque \u00e0 Chateauroux"},"content":{"rendered":"<p>Du 5 au 7 juin dernier, s&rsquo;est tenu \u00e0 Ch\u00e2teauroux le premier march\u00e9 de producteurs du Pays Basque!<\/p>\n<div class=\"wp-playlist wp-video-playlist wp-playlist-light\">\n\t\t<video controls=\"controls\" preload=\"none\" width=\"640\"\n\t\t height=\"360\"\t><\/video>\n\t<div class=\"wp-playlist-next\"><\/div>\n\t<div class=\"wp-playlist-prev\"><\/div>\n\t<noscript>\n\t<ol>\n\t\t<li><a href='https:\/\/www.onetik.com\/wp-content\/uploads\/2015\/06\/Marche-basque-de-Chateauroux-5-au-7-juin-2015-2.mp4'>March\u00e9 basque de Ch\u00e2teauroux - 5 au 7 juin 2015 (2)<\/a><\/li>\t<\/ol>\n\t<\/noscript>\n\t<script type=\"application\/json\" class=\"wp-playlist-script\">{\"type\":\"video\",\"tracklist\":true,\"tracknumbers\":true,\"images\":true,\"artists\":true,\"tracks\":[{\"src\":\"https:\/\/www.onetik.com\/wp-content\/uploads\/2015\/06\/Marche-basque-de-Chateauroux-5-au-7-juin-2015-2.mp4\",\"type\":\"video\/mp4\",\"title\":\"March\\u00e9 basque de Ch\\u00e2teauroux - 5 au 7 juin 2015 (2)\",\"caption\":\"\",\"description\":\"\",\"meta\":{\"length_formatted\":\"1:44\"},\"dimensions\":{\"original\":{\"width\":854,\"height\":480},\"resized\":{\"width\":640,\"height\":360}},\"image\":{\"src\":\"https:\/\/www.onetik.com\/wp-includes\/images\/media\/video.svg\",\"width\":48,\"height\":64},\"thumb\":{\"src\":\"https:\/\/www.onetik.com\/wp-includes\/images\/media\/video.svg\",\"width\":48,\"height\":64}}]}<\/script>\n<\/div>\n\t\n<p>Nous \u00e9tions pr\u00e9sents pour vous faire d\u00e9couvrir nos fromages mais aussi notre belle contr\u00e9e avec :<\/p>\n<p class=\"bodytext\">De nombreuses animations \u00e9taient\u00a0propos\u00e9es :<\/p>\n<ul>\n<li>initiations \u00e0 la pelote basque (avec l\u2019installation d&rsquo;un fronton mobile),<\/li>\n<li>animations traditionnelles (groupe de chanteurs basques, danses traditionnelles, ambiance musicale basque, etc),<\/li>\n<li>espace village d\u00e9cor\u00e9 par des fresques pr\u00e9sentant les paysages du Pays Basque,<\/li>\n<li>village gastronomique par des producteurs du Pays Basques,<\/li>\n<li>restauration en \u00ab\u00a0casetas\u00a0\u00bb ou \u00ab\u00a0bod\u00e9ga basque\u00a0\u00bb,<\/li>\n<li>2 grandes soir\u00e9es basques<\/li>\n<\/ul>\n","protected":false},"excerpt":{"rendered":"<p>Du 5 au 7 juin dernier, s&rsquo;est tenu \u00e0 Ch\u00e2teauroux le premier march\u00e9 de producteurs du Pays Basque! Nous \u00e9tions [&hellip;]<\/p>\n","protected":false},"author":2,"featured_media":11547,"comment_status":"closed","ping_status":"closed","sticky":false,"template":"","format":"standard","meta":{"_acf_changed":false,"footnotes":""},"categories":[1],"tags":[],"class_list":["post-11546","post","type-post","status-publish","format-standard","has-post-thumbnail","hentry","category-cat-actualites"],"acf":[],"yoast_head":"<!-- This site is optimized with the Yoast SEO plugin v27.2 - https:\/\/yoast.com\/product\/yoast-seo-wordpress\/ -->\n<title>Onetik pr\u00e9sent sur le march\u00e9 Basque \u00e0 Chateauroux - Onetik<\/title>\n<meta name=\"robots\" content=\"index, follow, max-snippet:-1, max-image-preview:large, max-video-preview:-1\" \/>\n<link rel=\"canonical\" href=\"https:\/\/www.onetik.com\/fr\/onetik-present-sur-le-marche-basque-a-chateauroux\/\" \/>\n<meta property=\"og:locale\" content=\"fr_FR\" \/>\n<meta property=\"og:type\" content=\"article\" \/>\n<meta property=\"og:title\" content=\"Onetik pr\u00e9sent sur le march\u00e9 Basque \u00e0 Chateauroux - Onetik\" \/>\n<meta property=\"og:description\" content=\"Du 5 au 7 juin dernier, s&rsquo;est tenu \u00e0 Ch\u00e2teauroux le premier march\u00e9 de producteurs du Pays Basque! Nous \u00e9tions [&hellip;]\" \/>\n<meta property=\"og:url\" content=\"https:\/\/www.onetik.com\/fr\/onetik-present-sur-le-marche-basque-a-chateauroux\/\" \/>\n<meta property=\"og:site_name\" content=\"Onetik\" \/>\n<meta property=\"article:published_time\" content=\"2015-06-15T13:13:45+00:00\" \/>\n<meta property=\"article:modified_time\" content=\"2015-06-15T13:32:49+00:00\" \/>\n<meta property=\"og:image\" content=\"https:\/\/www.onetik.com\/wp-content\/uploads\/2015\/06\/csm_Marche___Basque_-_40x60cm_-_4mm_FP_80d2ab1118.jpg\" \/>\n\t<meta property=\"og:image:width\" content=\"700\" \/>\n\t<meta property=\"og:image:height\" content=\"1044\" \/>\n\t<meta property=\"og:image:type\" content=\"image\/jpeg\" \/>\n<meta name=\"author\" content=\"Onetik\" \/>\n<meta name=\"twitter:card\" content=\"summary_large_image\" \/>\n<meta name=\"twitter:label1\" content=\"\u00c9crit par\" \/>\n\t<meta name=\"twitter:data1\" content=\"Onetik\" \/>\n<script type=\"application\/ld+json\" class=\"yoast-schema-graph\">{\"@context\":\"https:\/\/schema.org\",\"@graph\":[{\"@type\":\"Article\",\"@id\":\"https:\/\/www.onetik.com\/fr\/onetik-present-sur-le-marche-basque-a-chateauroux\/#article\",\"isPartOf\":{\"@id\":\"https:\/\/www.onetik.com\/fr\/onetik-present-sur-le-marche-basque-a-chateauroux\/\"},\"author\":{\"name\":\"Onetik\",\"@id\":\"https:\/\/www.onetik.com\/fr\/#\/schema\/person\/fa74a4d6d1e1db6db1a150630fb8a05f\"},\"headline\":\"Onetik pr\u00e9sent sur le march\u00e9 Basque \u00e0 Chateauroux\",\"datePublished\":\"2015-06-15T13:13:45+00:00\",\"dateModified\":\"2015-06-15T13:32:49+00:00\",\"mainEntityOfPage\":{\"@id\":\"https:\/\/www.onetik.com\/fr\/onetik-present-sur-le-marche-basque-a-chateauroux\/\"},\"wordCount\":107,\"image\":{\"@id\":\"https:\/\/www.onetik.com\/fr\/onetik-present-sur-le-marche-basque-a-chateauroux\/#primaryimage\"},\"thumbnailUrl\":\"https:\/\/www.onetik.com\/wp-content\/uploads\/2015\/06\/csm_Marche___Basque_-_40x60cm_-_4mm_FP_80d2ab1118.jpg\",\"articleSection\":[\"Actualit\u00e9s\"],\"inLanguage\":\"fr-FR\"},{\"@type\":\"WebPage\",\"@id\":\"https:\/\/www.onetik.com\/fr\/onetik-present-sur-le-marche-basque-a-chateauroux\/\",\"url\":\"https:\/\/www.onetik.com\/fr\/onetik-present-sur-le-marche-basque-a-chateauroux\/\",\"name\":\"Onetik pr\u00e9sent sur le march\u00e9 Basque \u00e0 Chateauroux - Onetik\",\"isPartOf\":{\"@id\":\"https:\/\/www.onetik.com\/fr\/#website\"},\"primaryImageOfPage\":{\"@id\":\"https:\/\/www.onetik.com\/fr\/onetik-present-sur-le-marche-basque-a-chateauroux\/#primaryimage\"},\"image\":{\"@id\":\"https:\/\/www.onetik.com\/fr\/onetik-present-sur-le-marche-basque-a-chateauroux\/#primaryimage\"},\"thumbnailUrl\":\"https:\/\/www.onetik.com\/wp-content\/uploads\/2015\/06\/csm_Marche___Basque_-_40x60cm_-_4mm_FP_80d2ab1118.jpg\",\"datePublished\":\"2015-06-15T13:13:45+00:00\",\"dateModified\":\"2015-06-15T13:32:49+00:00\",\"author\":{\"@id\":\"https:\/\/www.onetik.com\/fr\/#\/schema\/person\/fa74a4d6d1e1db6db1a150630fb8a05f\"},\"breadcrumb\":{\"@id\":\"https:\/\/www.onetik.com\/fr\/onetik-present-sur-le-marche-basque-a-chateauroux\/#breadcrumb\"},\"inLanguage\":\"fr-FR\",\"potentialAction\":[{\"@type\":\"ReadAction\",\"target\":[\"https:\/\/www.onetik.com\/fr\/onetik-present-sur-le-marche-basque-a-chateauroux\/\"]}]},{\"@type\":\"ImageObject\",\"inLanguage\":\"fr-FR\",\"@id\":\"https:\/\/www.onetik.com\/fr\/onetik-present-sur-le-marche-basque-a-chateauroux\/#primaryimage\",\"url\":\"https:\/\/www.onetik.com\/wp-content\/uploads\/2015\/06\/csm_Marche___Basque_-_40x60cm_-_4mm_FP_80d2ab1118.jpg\",\"contentUrl\":\"https:\/\/www.onetik.com\/wp-content\/uploads\/2015\/06\/csm_Marche___Basque_-_40x60cm_-_4mm_FP_80d2ab1118.jpg\",\"width\":700,\"height\":1044},{\"@type\":\"BreadcrumbList\",\"@id\":\"https:\/\/www.onetik.com\/fr\/onetik-present-sur-le-marche-basque-a-chateauroux\/#breadcrumb\",\"itemListElement\":[{\"@type\":\"ListItem\",\"position\":1,\"name\":\"Accueil\",\"item\":\"https:\/\/www.onetik.com\/fr\/\"},{\"@type\":\"ListItem\",\"position\":2,\"name\":\"Onetik pr\u00e9sent sur le march\u00e9 Basque \u00e0 Chateauroux\"}]},{\"@type\":\"WebSite\",\"@id\":\"https:\/\/www.onetik.com\/fr\/#website\",\"url\":\"https:\/\/www.onetik.com\/fr\/\",\"name\":\"Onetik\",\"description\":\"La Fromagerie du Pays Basque\",\"potentialAction\":[{\"@type\":\"SearchAction\",\"target\":{\"@type\":\"EntryPoint\",\"urlTemplate\":\"https:\/\/www.onetik.com\/fr\/?s={search_term_string}\"},\"query-input\":{\"@type\":\"PropertyValueSpecification\",\"valueRequired\":true,\"valueName\":\"search_term_string\"}}],\"inLanguage\":\"fr-FR\"},{\"@type\":\"Person\",\"@id\":\"https:\/\/www.onetik.com\/fr\/#\/schema\/person\/fa74a4d6d1e1db6db1a150630fb8a05f\",\"name\":\"Onetik\",\"image\":{\"@type\":\"ImageObject\",\"inLanguage\":\"fr-FR\",\"@id\":\"https:\/\/secure.gravatar.com\/avatar\/3bf095b73e269b37ae5d6b4326a54365bc0ffe5c73fca7e09ec3773196a6ab67?s=96&d=mm&r=g\",\"url\":\"https:\/\/secure.gravatar.com\/avatar\/3bf095b73e269b37ae5d6b4326a54365bc0ffe5c73fca7e09ec3773196a6ab67?s=96&d=mm&r=g\",\"contentUrl\":\"https:\/\/secure.gravatar.com\/avatar\/3bf095b73e269b37ae5d6b4326a54365bc0ffe5c73fca7e09ec3773196a6ab67?s=96&d=mm&r=g\",\"caption\":\"Onetik\"}}]}<\/script>\n<!-- \/ Yoast SEO plugin. -->","yoast_head_json":{"title":"Onetik pr\u00e9sent sur le march\u00e9 Basque \u00e0 Chateauroux - Onetik","robots":{"index":"index","follow":"follow","max-snippet":"max-snippet:-1","max-image-preview":"max-image-preview:large","max-video-preview":"max-video-preview:-1"},"canonical":"https:\/\/www.onetik.com\/fr\/onetik-present-sur-le-marche-basque-a-chateauroux\/","og_locale":"fr_FR","og_type":"article","og_title":"Onetik pr\u00e9sent sur le march\u00e9 Basque \u00e0 Chateauroux - Onetik","og_description":"Du 5 au 7 juin dernier, s&rsquo;est tenu \u00e0 Ch\u00e2teauroux le premier march\u00e9 de producteurs du Pays Basque! Nous \u00e9tions [&hellip;]","og_url":"https:\/\/www.onetik.com\/fr\/onetik-present-sur-le-marche-basque-a-chateauroux\/","og_site_name":"Onetik","article_published_time":"2015-06-15T13:13:45+00:00","article_modified_time":"2015-06-15T13:32:49+00:00","og_image":[{"width":700,"height":1044,"url":"https:\/\/www.onetik.com\/wp-content\/uploads\/2015\/06\/csm_Marche___Basque_-_40x60cm_-_4mm_FP_80d2ab1118.jpg","type":"image\/jpeg"}],"author":"Onetik","twitter_card":"summary_large_image","twitter_misc":{"\u00c9crit par":"Onetik"},"schema":{"@context":"https:\/\/schema.org","@graph":[{"@type":"Article","@id":"https:\/\/www.onetik.com\/fr\/onetik-present-sur-le-marche-basque-a-chateauroux\/#article","isPartOf":{"@id":"https:\/\/www.onetik.com\/fr\/onetik-present-sur-le-marche-basque-a-chateauroux\/"},"author":{"name":"Onetik","@id":"https:\/\/www.onetik.com\/fr\/#\/schema\/person\/fa74a4d6d1e1db6db1a150630fb8a05f"},"headline":"Onetik pr\u00e9sent sur le march\u00e9 Basque \u00e0 Chateauroux","datePublished":"2015-06-15T13:13:45+00:00","dateModified":"2015-06-15T13:32:49+00:00","mainEntityOfPage":{"@id":"https:\/\/www.onetik.com\/fr\/onetik-present-sur-le-marche-basque-a-chateauroux\/"},"wordCount":107,"image":{"@id":"https:\/\/www.onetik.com\/fr\/onetik-present-sur-le-marche-basque-a-chateauroux\/#primaryimage"},"thumbnailUrl":"https:\/\/www.onetik.com\/wp-content\/uploads\/2015\/06\/csm_Marche___Basque_-_40x60cm_-_4mm_FP_80d2ab1118.jpg","articleSection":["Actualit\u00e9s"],"inLanguage":"fr-FR"},{"@type":"WebPage","@id":"https:\/\/www.onetik.com\/fr\/onetik-present-sur-le-marche-basque-a-chateauroux\/","url":"https:\/\/www.onetik.com\/fr\/onetik-present-sur-le-marche-basque-a-chateauroux\/","name":"Onetik pr\u00e9sent sur le march\u00e9 Basque \u00e0 Chateauroux - Onetik","isPartOf":{"@id":"https:\/\/www.onetik.com\/fr\/#website"},"primaryImageOfPage":{"@id":"https:\/\/www.onetik.com\/fr\/onetik-present-sur-le-marche-basque-a-chateauroux\/#primaryimage"},"image":{"@id":"https:\/\/www.onetik.com\/fr\/onetik-present-sur-le-marche-basque-a-chateauroux\/#primaryimage"},"thumbnailUrl":"https:\/\/www.onetik.com\/wp-content\/uploads\/2015\/06\/csm_Marche___Basque_-_40x60cm_-_4mm_FP_80d2ab1118.jpg","datePublished":"2015-06-15T13:13:45+00:00","dateModified":"2015-06-15T13:32:49+00:00","author":{"@id":"https:\/\/www.onetik.com\/fr\/#\/schema\/person\/fa74a4d6d1e1db6db1a150630fb8a05f"},"breadcrumb":{"@id":"https:\/\/www.onetik.com\/fr\/onetik-present-sur-le-marche-basque-a-chateauroux\/#breadcrumb"},"inLanguage":"fr-FR","potentialAction":[{"@type":"ReadAction","target":["https:\/\/www.onetik.com\/fr\/onetik-present-sur-le-marche-basque-a-chateauroux\/"]}]},{"@type":"ImageObject","inLanguage":"fr-FR","@id":"https:\/\/www.onetik.com\/fr\/onetik-present-sur-le-marche-basque-a-chateauroux\/#primaryimage","url":"https:\/\/www.onetik.com\/wp-content\/uploads\/2015\/06\/csm_Marche___Basque_-_40x60cm_-_4mm_FP_80d2ab1118.jpg","contentUrl":"https:\/\/www.onetik.com\/wp-content\/uploads\/2015\/06\/csm_Marche___Basque_-_40x60cm_-_4mm_FP_80d2ab1118.jpg","width":700,"height":1044},{"@type":"BreadcrumbList","@id":"https:\/\/www.onetik.com\/fr\/onetik-present-sur-le-marche-basque-a-chateauroux\/#breadcrumb","itemListElement":[{"@type":"ListItem","position":1,"name":"Accueil","item":"https:\/\/www.onetik.com\/fr\/"},{"@type":"ListItem","position":2,"name":"Onetik pr\u00e9sent sur le march\u00e9 Basque \u00e0 Chateauroux"}]},{"@type":"WebSite","@id":"https:\/\/www.onetik.com\/fr\/#website","url":"https:\/\/www.onetik.com\/fr\/","name":"Onetik","description":"La Fromagerie du Pays Basque","potentialAction":[{"@type":"SearchAction","target":{"@type":"EntryPoint","urlTemplate":"https:\/\/www.onetik.com\/fr\/?s={search_term_string}"},"query-input":{"@type":"PropertyValueSpecification","valueRequired":true,"valueName":"search_term_string"}}],"inLanguage":"fr-FR"},{"@type":"Person","@id":"https:\/\/www.onetik.com\/fr\/#\/schema\/person\/fa74a4d6d1e1db6db1a150630fb8a05f","name":"Onetik","image":{"@type":"ImageObject","inLanguage":"fr-FR","@id":"https:\/\/secure.gravatar.com\/avatar\/3bf095b73e269b37ae5d6b4326a54365bc0ffe5c73fca7e09ec3773196a6ab67?s=96&d=mm&r=g","url":"https:\/\/secure.gravatar.com\/avatar\/3bf095b73e269b37ae5d6b4326a54365bc0ffe5c73fca7e09ec3773196a6ab67?s=96&d=mm&r=g","contentUrl":"https:\/\/secure.gravatar.com\/avatar\/3bf095b73e269b37ae5d6b4326a54365bc0ffe5c73fca7e09ec3773196a6ab67?s=96&d=mm&r=g","caption":"Onetik"}}]}},"_links":{"self":[{"href":"https:\/\/www.onetik.com\/fr\/wp-json\/wp\/v2\/posts\/11546","targetHints":{"allow":["GET"]}}],"collection":[{"href":"https:\/\/www.onetik.com\/fr\/wp-json\/wp\/v2\/posts"}],"about":[{"href":"https:\/\/www.onetik.com\/fr\/wp-json\/wp\/v2\/types\/post"}],"author":[{"embeddable":true,"href":"https:\/\/www.onetik.com\/fr\/wp-json\/wp\/v2\/users\/2"}],"replies":[{"embeddable":true,"href":"https:\/\/www.onetik.com\/fr\/wp-json\/wp\/v2\/comments?post=11546"}],"version-history":[{"count":3,"href":"https:\/\/www.onetik.com\/fr\/wp-json\/wp\/v2\/posts\/11546\/revisions"}],"predecessor-version":[{"id":11557,"href":"https:\/\/www.onetik.com\/fr\/wp-json\/wp\/v2\/posts\/11546\/revisions\/11557"}],"wp:featuredmedia":[{"embeddable":true,"href":"https:\/\/www.onetik.com\/fr\/wp-json\/wp\/v2\/media\/11547"}],"wp:attachment":[{"href":"https:\/\/www.onetik.com\/fr\/wp-json\/wp\/v2\/media?parent=11546"}],"wp:term":[{"taxonomy":"category","embeddable":true,"href":"https:\/\/www.onetik.com\/fr\/wp-json\/wp\/v2\/categories?post=11546"},{"taxonomy":"post_tag","embeddable":true,"href":"https:\/\/www.onetik.com\/fr\/wp-json\/wp\/v2\/tags?post=11546"}],"curies":[{"name":"wp","href":"https:\/\/api.w.org\/{rel}","templated":true}]}}